{"id":383031,"date":"2025-09-11T14:55:14","date_gmt":"2025-09-11T14:55:14","guid":{"rendered":"https:\/\/www.europesays.com\/fr\/383031\/"},"modified":"2025-09-11T14:55:14","modified_gmt":"2025-09-11T14:55:14","slug":"booba-sera-juge-a-paris-pour-injures-racistes-et-cyberharcelement","status":"publish","type":"post","link":"https:\/\/www.europesays.com\/fr\/383031\/","title":{"rendered":"Booba sera jug\u00e9 \u00e0 Paris pour injures racistes et cyberharc\u00e8lement"},"content":{"rendered":"<p class=\"mb-4 text-lg md:leading-8 break-words\">Le rappeur Booba, d\u00e9j\u00e0 aux prises avec la justice dans un dossier de cyberharc\u00e8lement, sera jug\u00e9 prochainement \u00e0 Paris pour injures discriminatoires envers une journaliste et un essayiste, et pour cyberharc\u00e8lement, a indiqu\u00e9 le parquet de Paris jeudi, sollicit\u00e9 par l&rsquo;AFP.<\/p>\n<p class=\"mb-4 text-lg md:leading-8 break-words\">Le minist\u00e8re public a pr\u00e9cis\u00e9 que le rappeur, Elie Yaffa de son vrai nom, a \u00e9t\u00e9 pr\u00e9sent\u00e9 mardi \u00e0 un magistrat du parquet qui lui a remis une convocation \u00e0 une audience au tribunal de Paris le 3 d\u00e9cembre pour injures publiques \u00e0 caract\u00e8re discriminatoire concernant une journaliste, Linh-Lan Dao, et l&rsquo;essayiste Tristan Mend\u00e8s France, mais aussi pour cyberharc\u00e8lement aggrav\u00e9 concernant la premi\u00e8re.<\/p>\n<p class=\"mb-4 text-lg md:leading-8 break-words\">D&rsquo;ici l\u00e0, il est plac\u00e9 sous contr\u00f4le judiciaire avec interdiction d&rsquo;entrer en relation avec les victimes et doit payer une caution.<\/p>\n<p class=\"mb-4 text-lg md:leading-8 break-words\">\u00ab\u00a0C&rsquo;est une chambre sp\u00e9cialis\u00e9e en droit de la presse qui va conna\u00eetre de cette affaire. Booba est parfaitement serein et r\u00e9serve ses explications au tribunal\u00a0\u00bb, ont r\u00e9agi ses avocats, Me Marie Roumiantseva et Gilles Vercken.<\/p>\n<p class=\"mb-4 text-lg md:leading-8 break-words\">Il n&rsquo;\u00e9tait pas possible de savoir dans l&rsquo;imm\u00e9diat si l&rsquo;audience du 3 d\u00e9cembre serait proc\u00e9durale ou permettrait que le pr\u00e9venu soit effectivement jug\u00e9 pour ces faits.<\/p>\n<p class=\"mb-4 text-lg md:leading-8 break-words\">Concernant la journaliste, Booba doit \u00eatre jug\u00e9 principalement pour cyberharc\u00e8lement aggrav\u00e9 et injures publiques discriminatoires pour des propos publi\u00e9s sur X en janvier 2024, faisant r\u00e9f\u00e9rence \u00e0 ses origines.<\/p>\n<p class=\"mb-4 text-lg md:leading-8 break-words\">Ilana Soskin, l&rsquo;avocate de Linh-Lan Dao, a indiqu\u00e9 \u00e0 l&rsquo;AFP que sa cliente se constituerait partie civile \u00e0 l&rsquo;audience. \u00ab\u00a0Le harc\u00e8lement qu&rsquo;elle a subi et les injures \u00e0 raison de son origine qui ont \u00e9t\u00e9 prof\u00e9r\u00e9es par Booba, suivies et relay\u00e9es par des centaines d&rsquo;internautes, ne peuvent rester impunis\u00a0\u00bb, a-t-elle d\u00e9clar\u00e9.<\/p>\n<p class=\"mb-4 text-lg md:leading-8 break-words\">S&rsquo;agissant de l&rsquo;essayiste Tristan Mend\u00e8s France, sp\u00e9cialiste des cultures num\u00e9riques \u00e0 l&rsquo;universit\u00e9 Paris-Cit\u00e9, Booba devra r\u00e9pondre de messages sur X de janvier 2024 dans lesquels il avait \u00e9crit \u00e0 son sujet \u00ab\u00a0Il est nez avant la honte\u00a0\u00bb, des propos \u00e9tant accompagn\u00e9s d\u2019une photographie de la victime accol\u00e9e \u00e0 une autre du tueur en s\u00e9rie Francis Heaulme, ou encore d&rsquo;avoir \u00e9crit \u00ab\u00a0nezfaste\u00a0\u00bb.<\/p>\n<p class=\"mb-4 text-lg md:leading-8 break-words\">Sollicit\u00e9 par l&rsquo;AFP, M. Mend\u00e8s France a pr\u00e9cis\u00e9 ne pas \u00eatre \u00e0 l&rsquo;origine de la proc\u00e9dure, ni avoir l&rsquo;intention de se porter partie civile dans ce dossier.<\/p>\n<p class=\"mb-4 text-lg md:leading-8 break-words\">\u00ab\u00a0Avec son empreinte sur X, ses messages ont d\u00e9clench\u00e9 un flot spectaculaire de commentaires antis\u00e9mites\u00a0\u00bb, a-t-il pr\u00e9cis\u00e9.<\/p>\n<p class=\"mb-4 text-lg md:leading-8 break-words\">\u00ab\u00a0Il faut avoir une culture historique lamentable pour ne pas se rappeler des attaques antis\u00e9mites contre le nom Mend\u00e8s France et particuli\u00e8rement Pierre Mend\u00e8s France\u00a0\u00bb, pr\u00e9sident du Conseil sous la IVe R\u00e9publique, \u00ab\u00a0dont l&rsquo;effigie avait \u00e9t\u00e9 brandie lors de l&rsquo;exposition p\u00e9tainiste sur les Juifs\u00a0\u00bb, a-t-il ajout\u00e9.<\/p>\n<p class=\"mb-4 text-lg md:leading-8 break-words\">Booba est par ailleurs mis en examen depuis octobre 2023 et sous contr\u00f4le judiciaire pour harc\u00e8lement moral en ligne aggrav\u00e9 contre l&rsquo;ex-reine des influenceurs Magali Berdah.<\/p>\n<p class=\"mb-4 text-lg md:leading-8 break-words\">gd\/bfa\/apz\/<\/p>\n","protected":false},"excerpt":{"rendered":"Le rappeur Booba, d\u00e9j\u00e0 aux prises avec la justice dans un dossier de cyberharc\u00e8lement, sera jug\u00e9 prochainement \u00e0&hellip;\n","protected":false},"author":2,"featured_media":383032,"comment_status":"","ping_status":"","sticky":false,"template":"","format":"standard","meta":{"footnotes":""},"categories":[1888],"tags":[1111,1928,11,1927,3646,20389,1777,674,1011,27,22106,12,1926,626,1925,25,4595,51588],"class_list":{"0":"post-383031","1":"post","2":"type-post","3":"status-publish","4":"format-standard","5":"has-post-thumbnail","7":"category-paris","8":"tag-actu","9":"tag-actu-paris","10":"tag-actualites","11":"tag-actualites-paris","12":"tag-booba","13":"tag-controle-judiciaire","14":"tag-eu","15":"tag-europe","16":"tag-fr","17":"tag-france","18":"tag-injures","19":"tag-news","20":"tag-news-paris","21":"tag-paris","22":"tag-paris-news","23":"tag-republique-francaise","24":"tag-tribunal-de-paris","25":"tag-tristan-mendes-france"},"share_on_mastodon":{"url":"https:\/\/pubeurope.com\/@fr\/115186245531143929","error":""},"_links":{"self":[{"href":"https:\/\/www.europesays.com\/fr\/wp-json\/wp\/v2\/posts\/383031","targetHints":{"allow":["GET"]}}],"collection":[{"href":"https:\/\/www.europesays.com\/fr\/wp-json\/wp\/v2\/posts"}],"about":[{"href":"https:\/\/www.europesays.com\/fr\/wp-json\/wp\/v2\/types\/post"}],"author":[{"embeddable":true,"href":"https:\/\/www.europesays.com\/fr\/wp-json\/wp\/v2\/users\/2"}],"replies":[{"embeddable":true,"href":"https:\/\/www.europesays.com\/fr\/wp-json\/wp\/v2\/comments?post=383031"}],"version-history":[{"count":0,"href":"https:\/\/www.europesays.com\/fr\/wp-json\/wp\/v2\/posts\/383031\/revisions"}],"wp:featuredmedia":[{"embeddable":true,"href":"https:\/\/www.europesays.com\/fr\/wp-json\/wp\/v2\/media\/383032"}],"wp:attachment":[{"href":"https:\/\/www.europesays.com\/fr\/wp-json\/wp\/v2\/media?parent=383031"}],"wp:term":[{"taxonomy":"category","embeddable":true,"href":"https:\/\/www.europesays.com\/fr\/wp-json\/wp\/v2\/categories?post=383031"},{"taxonomy":"post_tag","embeddable":true,"href":"https:\/\/www.europesays.com\/fr\/wp-json\/wp\/v2\/tags?post=383031"}],"curies":[{"name":"wp","href":"https:\/\/api.w.org\/{rel}","templated":true}]}}