{"id":383039,"date":"2025-09-11T14:59:09","date_gmt":"2025-09-11T14:59:09","guid":{"rendered":"https:\/\/www.europesays.com\/fr\/383039\/"},"modified":"2025-09-11T14:59:09","modified_gmt":"2025-09-11T14:59:09","slug":"la-russie-bombarde-les-regions-de-soumy-et-du-donbass-lukraine-neutralise-un-navire-russe","status":"publish","type":"post","link":"https:\/\/www.europesays.com\/fr\/383039\/","title":{"rendered":"La Russie bombarde les r\u00e9gions de Soumy et du Donbass, l&rsquo;Ukraine neutralise un navire russe"},"content":{"rendered":"<p>\n                    Publi\u00e9 le                 11\/09\/2025 &#8211; 16:50 UTC+2<br \/>\n                \u2022Mis \u00e0 jour<br \/>\n                                     16:51\n                                        <\/p>\n<p>          <img decoding=\"async\" class=\"c-ad__placeholder__logo\" src=\"https:\/\/static.euronews.com\/website\/images\/logos\/logo-euronews-stacked-outlined-72x72-grey-9.svg\" width=\"72\" height=\"72\" alt=\"\" loading=\"lazy\"\/><br \/>\n          PUBLICIT\u00c9<\/p>\n<p>Les attaques russes se sont poursuivies dans la nuit de jeudi \u00e0 vendredi, causant des d\u00e9g\u00e2ts consid\u00e9rables dans plusieurs r\u00e9gions du pays.<\/p>\n<p>L&rsquo;arm\u00e9e de l&rsquo;air ukrainienne affirme que le Kremlin a tir\u00e9 un barrage de dizaines de missiles et de drones visant des sites civils et dit avoir r\u00e9ussi \u00e0 intercepter plus de 60 projectiles.<\/p>\n<p>Plusieurs frappes dans l&rsquo;oblast frontalier de Soumy<\/p>\n<p>Vers 1 heure du matin, heure locale, des missiles russes ont frapp\u00e9 la r\u00e9gion de Soumy, dans le nord de l&rsquo;Ukraine, touchant un \u00e9tablissement d&rsquo;enseignement. Selon les autorit\u00e9s, l&rsquo;attaque a endommag\u00e9 le b\u00e2timent principal de l&rsquo;\u00e9difice, ainsi que plusieurs ateliers et v\u00e9hicules.<\/p>\n<p>L&rsquo;onde de choc a \u00e9galement fait exploser les fen\u00eatres d&rsquo;au moins trois immeubles r\u00e9sidentiels, ainsi que de plusieurs voitures civiles gar\u00e9es \u00e0 proximit\u00e9. Selon les rapports pr\u00e9liminaires, la frappe n&rsquo;a pas fait de victimes.<\/p>\n<p>\u00c9galement dans la r\u00e9gion de Soumy, dans la localit\u00e9 de Myropillya, plusieurs personnes, dont le conducteur d&rsquo;un camion de boulangerie, ont \u00e9t\u00e9 bless\u00e9es par des tirs de roquettes russes.<\/p>\n<p>Une autre attaque, dans la localit\u00e9 voisine de Krasnopillia, a fait au moins un bless\u00e9.<\/p>\n<p>\u00c9vacuations dans le Donbass<\/p>\n<p>Moscou poursuit \u00e9galement ses frappes dans la r\u00e9gion orientale du Donbass, l&rsquo;une des principales cibles de son offensive depuis qu&rsquo;elle a lanc\u00e9 son invasion de l&rsquo;Ukraine en 2022.<\/p>\n<p>Une frappe a\u00e9rienne russe sur la ville industrielle de Kostiantynivka a tu\u00e9 au moins un civil et endommag\u00e9 des b\u00e2timents r\u00e9sidentiels mercredi, selon les autorit\u00e9s locales.<\/p>\n<p>Les op\u00e9rations d&rsquo;\u00e9vacuation ont \u00e9t\u00e9 lanc\u00e9es peu apr\u00e8s, les autorit\u00e9s s&rsquo;effor\u00e7ant d&rsquo;\u00e9vacuer la population pour sauver autant de vies que possible, alors que les forces russes intensifient leurs efforts pour occuper ce qui est l&rsquo;un des derniers bastions majeurs de l&rsquo;Ukraine dans la r\u00e9gion.<\/p>\n<p>Les autorit\u00e9s affirment que les op\u00e9rations d&rsquo;\u00e9vacuation se poursuivent, les m\u00e9dias locaux rapportant que les troupes ukrainiennes ont r\u00e9ussi \u00e0 \u00e9vacuer cinq r\u00e9sidents jeudi matin dans la ville situ\u00e9e sur la ligne de front.<\/p>\n<p>Une frappe de pr\u00e9cision met hors service un navire russe, selon les autorit\u00e9s ukrainiennes<\/p>\n<p>En parall\u00e8le, les services de renseignement ukrainiens affirment que Kyiv continue de riposter et de frapper les positions et les ressources militaires russes.<\/p>\n<p>Le service de renseignement de la d\u00e9fense de l&rsquo;Ukraine (DIU) indique que les forces sp\u00e9ciales ukrainiennes ont r\u00e9ussi \u00e0 frapper un navire russe d&rsquo;une valeur de 51,3 millions d&rsquo;euros en mer Noire.<\/p>\n<p>Selon Kyiv, au moment de l&rsquo;attaque, le navire effectuait des \u00ab\u00a0renseignements radio-\u00e9lectroniques\u00a0\u00bb et patrouillait \u00e0 l&rsquo;approche de la baie de Novorossi\u00efsk, o\u00f9 se trouve la flotte de la mer Noire du Kremlin, compos\u00e9e de navires de guerre et de porte-avions.<\/p>\n<p>Dans un message \u00e9tay\u00e9 par une vid\u00e9o de l&rsquo;op\u00e9ration, l&rsquo;Ukraine affirme que les syst\u00e8mes de navigation et de communication du navire ont \u00e9t\u00e9 d\u00e9truits par une frappe de pr\u00e9cision effectu\u00e9e par un drone de fabrication ukrainienne.<\/p>\n<p>La DIU indique que le navire a \u00e9t\u00e9 mis \u00ab\u00a0hors service\u00a0\u00bb et devra subir de lourdes r\u00e9parations.<\/p>\n<p>Sources additionnelles<strong> \u2022 AP, EBU<\/strong><\/p>\n","protected":false},"excerpt":{"rendered":"Publi\u00e9 le 11\/09\/2025 &#8211; 16:50 UTC+2 \u2022Mis \u00e0 jour 16:51 PUBLICIT\u00c9 Les attaques russes se sont poursuivies dans&hellip;\n","protected":false},"author":2,"featured_media":383040,"comment_status":"","ping_status":"","sticky":false,"template":"","format":"standard","meta":{"footnotes":""},"categories":[1590],"tags":[11,7201,1777,674,2025,12,132,220],"class_list":{"0":"post-383039","1":"post","2":"type-post","3":"status-publish","4":"format-standard","5":"has-post-thumbnail","7":"category-ukraine","8":"tag-actualites","9":"tag-donbass-ukraine","10":"tag-eu","11":"tag-europe","12":"tag-invasion-de-la-russie-en-ukraine","13":"tag-news","14":"tag-russie","15":"tag-ukraine"},"share_on_mastodon":{"url":"https:\/\/pubeurope.com\/@fr\/115186261765409821","error":""},"_links":{"self":[{"href":"https:\/\/www.europesays.com\/fr\/wp-json\/wp\/v2\/posts\/383039","targetHints":{"allow":["GET"]}}],"collection":[{"href":"https:\/\/www.europesays.com\/fr\/wp-json\/wp\/v2\/posts"}],"about":[{"href":"https:\/\/www.europesays.com\/fr\/wp-json\/wp\/v2\/types\/post"}],"author":[{"embeddable":true,"href":"https:\/\/www.europesays.com\/fr\/wp-json\/wp\/v2\/users\/2"}],"replies":[{"embeddable":true,"href":"https:\/\/www.europesays.com\/fr\/wp-json\/wp\/v2\/comments?post=383039"}],"version-history":[{"count":0,"href":"https:\/\/www.europesays.com\/fr\/wp-json\/wp\/v2\/posts\/383039\/revisions"}],"wp:featuredmedia":[{"embeddable":true,"href":"https:\/\/www.europesays.com\/fr\/wp-json\/wp\/v2\/media\/383040"}],"wp:attachment":[{"href":"https:\/\/www.europesays.com\/fr\/wp-json\/wp\/v2\/media?parent=383039"}],"wp:term":[{"taxonomy":"category","embeddable":true,"href":"https:\/\/www.europesays.com\/fr\/wp-json\/wp\/v2\/categories?post=383039"},{"taxonomy":"post_tag","embeddable":true,"href":"https:\/\/www.europesays.com\/fr\/wp-json\/wp\/v2\/tags?post=383039"}],"curies":[{"name":"wp","href":"https:\/\/api.w.org\/{rel}","templated":true}]}}