{"id":383043,"date":"2025-09-11T15:01:31","date_gmt":"2025-09-11T15:01:31","guid":{"rendered":"https:\/\/www.europesays.com\/fr\/383043\/"},"modified":"2025-09-11T15:01:31","modified_gmt":"2025-09-11T15:01:31","slug":"les-reves-de-grandeur-de-nigel-farage","status":"publish","type":"post","link":"https:\/\/www.europesays.com\/fr\/383043\/","title":{"rendered":"les r\u00eaves de grandeur de Nigel Farage"},"content":{"rendered":"<p>Les prochaines \u00e9lections g\u00e9n\u00e9rales britanniques n&rsquo;auront lieu qu&rsquo;en 2029. Mais<a href=\"https:\/\/www.latribune.fr\/economie\/politique\/elections-au-royaume-uni-l-extreme-droite-passe-pour-la-premiere-fois-devant-les-conservateurs-selon-un-sondage-999817.html\" target=\"_blank\" rel=\"noopener\"> Nigel Farage<\/a> semble en campagne. \u00ab Ce n&rsquo;est que le d\u00e9but\u2009 ! \u00bb a-t\u2011il ainsi clam\u00e9 vendredi devant une foule de partisans \u00e9lectris\u00e9e. Le leader nationaliste britannique s&rsquo;exprimait lors du congr\u00e8s de son parti, <a href=\"https:\/\/www.latribune.fr\/economie\/international\/ne-pas-publier-royaume-uni-quatre-questions-pour-tout-comprendre-aux-elections-legislatives-1000912.html\" target=\"_blank\" rel=\"noopener\">Reform UK<\/a>, qui s&rsquo;est tenu \u00e0 Birmingham jusqu&rsquo;\u00e0 hier.<\/p>\n<p>Galvanis\u00e9 par des sondages tr\u00e8s favorables (31\u202f% des intentions de vote) et ses succ\u00e8s lors de r\u00e9centes \u00e9lections locales qui ont impos\u00e9 sa formation comme la premi\u00e8re force d&rsquo;opposition devant un Parti conservateur en pleine d\u00e9confiture, Farage voit plus loin et vise la fonction supr\u00eame, le poste de Premier ministre.<\/p>\n<p>Cela fait quatre ans que l&rsquo;ancien d\u00e9put\u00e9 europ\u00e9en, qui s&rsquo;est fait conna\u00eetre du grand public par sa campagne en faveur du<a href=\"https:\/\/www.latribune.fr\/economie\/union-europeenne\/cinq-ans-apres-le-brexit-le-royaume-uni-se-rapproche-de-l-ue-1025351.html\" target=\"_blank\" rel=\"noopener\"> Brexit<\/a>, a abandonn\u00e9 ses diatribes anti-Bruxelles pour se pencher sur les maux de son pays. Cette m\u00eame ann\u00e9e, il changeait le nom de sa formation, <a href=\"https:\/\/www.latribune.fr\/economie\/union-europeenne\/brexit-les-britanniques-se-ruent-par-millions-pour-s-inscrire-sur-les-listes-electorales-833970.html\" target=\"_blank\" rel=\"noopener\">le Brexit Party<\/a> devenant Reform UK.<\/p>\n","protected":false},"excerpt":{"rendered":"Les prochaines \u00e9lections g\u00e9n\u00e9rales britanniques n&rsquo;auront lieu qu&rsquo;en 2029. Mais Nigel Farage semble en campagne. \u00ab Ce n&rsquo;est&hellip;\n","protected":false},"author":2,"featured_media":383044,"comment_status":"","ping_status":"","sticky":false,"template":"","format":"standard","meta":{"footnotes":""},"categories":[1588],"tags":[17,11,1777,674,18086,13451,3102,151,12,51589,5565,473,1853,1851,1850,1852],"class_list":{"0":"post-383043","1":"post","2":"type-post","3":"status-publish","4":"format-standard","5":"has-post-thumbnail","7":"category-royaume-uni","8":"tag-17","9":"tag-actualites","10":"tag-eu","11":"tag-europe","12":"tag-farage","13":"tag-grandeur","14":"tag-la-tribune-dimanche","15":"tag-les","16":"tag-news","17":"tag-nigel","18":"tag-reves","19":"tag-royaume-uni","20":"tag-royaume-uni-de-grande-bretagne-et-dirlande-du-nord","21":"tag-uk","22":"tag-united-kingdom","23":"tag-united-kingdom-of-great-britain-and-northern-ireland"},"share_on_mastodon":{"url":"https:\/\/pubeurope.com\/@fr\/115186269155047592","error":""},"_links":{"self":[{"href":"https:\/\/www.europesays.com\/fr\/wp-json\/wp\/v2\/posts\/383043","targetHints":{"allow":["GET"]}}],"collection":[{"href":"https:\/\/www.europesays.com\/fr\/wp-json\/wp\/v2\/posts"}],"about":[{"href":"https:\/\/www.europesays.com\/fr\/wp-json\/wp\/v2\/types\/post"}],"author":[{"embeddable":true,"href":"https:\/\/www.europesays.com\/fr\/wp-json\/wp\/v2\/users\/2"}],"replies":[{"embeddable":true,"href":"https:\/\/www.europesays.com\/fr\/wp-json\/wp\/v2\/comments?post=383043"}],"version-history":[{"count":0,"href":"https:\/\/www.europesays.com\/fr\/wp-json\/wp\/v2\/posts\/383043\/revisions"}],"wp:featuredmedia":[{"embeddable":true,"href":"https:\/\/www.europesays.com\/fr\/wp-json\/wp\/v2\/media\/383044"}],"wp:attachment":[{"href":"https:\/\/www.europesays.com\/fr\/wp-json\/wp\/v2\/media?parent=383043"}],"wp:term":[{"taxonomy":"category","embeddable":true,"href":"https:\/\/www.europesays.com\/fr\/wp-json\/wp\/v2\/categories?post=383043"},{"taxonomy":"post_tag","embeddable":true,"href":"https:\/\/www.europesays.com\/fr\/wp-json\/wp\/v2\/tags?post=383043"}],"curies":[{"name":"wp","href":"https:\/\/api.w.org\/{rel}","templated":true}]}}