{"id":383049,"date":"2025-09-11T15:04:17","date_gmt":"2025-09-11T15:04:17","guid":{"rendered":"https:\/\/www.europesays.com\/fr\/383049\/"},"modified":"2025-09-11T15:04:17","modified_gmt":"2025-09-11T15:04:17","slug":"taxe-carbonne-les-petites-entreprises-sont-exemptees-de-la-taxe-europeenne-a-la-frontiere","status":"publish","type":"post","link":"https:\/\/www.europesays.com\/fr\/383049\/","title":{"rendered":"Taxe carbonne : les petites entreprises sont exempt\u00e9es de la taxe europ\u00e9enne \u00e0 la fronti\u00e8re"},"content":{"rendered":"<p>\n         Publi\u00e9 le<br \/>\n            11\/09\/2025 &#8211; 15:46 UTC+2\n            <\/p>\n<p>          <img decoding=\"async\" class=\"c-ad__placeholder__logo\" src=\"https:\/\/static.euronews.com\/website\/images\/logos\/logo-euronews-stacked-outlined-72x72-grey-9.svg\" width=\"72\" height=\"72\" alt=\"\" loading=\"lazy\"\/><br \/>\n          PUBLICIT\u00c9<\/p>\n<p>Les d\u00e9put\u00e9s ont vot\u00e9 cette semaine pour exempter plus de 90 % des petites et moyennes entreprises (PME) du m\u00e9canisme d&rsquo;ajustement carbone aux fronti\u00e8res (MACF) de l&rsquo;UE &#8211; une taxe impos\u00e9e sur les importations &#8211; dans le cadre des projets du Parlement europ\u00e9en visant \u00e0 simplifier les lois existantes sur le d\u00e9veloppement durable.<\/p>\n<p><strong>Le m\u00e9canisme d&rsquo;ajustement carbone aux fronti\u00e8res est un droit d&rsquo;importation bas\u00e9 sur l&#8217;empreinte carbone estim\u00e9e de certains biens comme l&rsquo;acier et le ciment<\/strong>, qui est en vigueur dans une phase transitoire depuis octobre 2023. \u00c0 partir de 2026, les importateurs seront tenus de rendre compte de l&#8217;empreinte carbone de leurs marchandises et, le cas \u00e9ch\u00e9ant, de payer des droits.<\/p>\n<p>Gr\u00e2ce \u00e0 cette simplification, <strong>les petites entreprises seront dispens\u00e9es de d\u00e9clarer les \u00e9missions de carbone produites par les biens import\u00e9s dans l&rsquo;UE,<\/strong> tels que l&rsquo;acier, le ciment, l&rsquo;aluminium, les engrais, l&rsquo;\u00e9lectricit\u00e9 ou l&rsquo;hydrog\u00e8ne.<\/p>\n<p>Une r\u00e9vision l\u00e9gislative visant \u00e0 r\u00e9duire les formalit\u00e9s administratives dans le cadre du MACF a \u00e9t\u00e9 d\u00e9voil\u00e9e par l&rsquo;ex\u00e9cutif europ\u00e9en en f\u00e9vrier, dans le cadre du \u00ab\u00a0paquet Omnibus\u00a0\u00bb, afin de soutenir les petits importateurs de l&rsquo;UE et d&#8217;emp\u00eacher les entreprises de d\u00e9localiser leur production dans des pays o\u00f9 les politiques climatiques sont plus laxistes, ce que l&rsquo;on appelle les fuites de carbone.<\/p>\n<p>Les d\u00e9put\u00e9s ont vot\u00e9 \u00e0 une \u00e9crasante majorit\u00e9 &#8211; 617 pour et 18 contre &#8211; sur un accord de trilogue, un accord officiel entre la Commission et les col\u00e9gislateurs de l&rsquo;UE, pour une exemption sur les importateurs apportant moins de 50 tonnes par an de biens MACF, une mesure qui b\u00e9n\u00e9ficie \u00e0 environ 90 % des importateurs &#8211; 182 000 entreprises &#8211; principalement des PME.<\/p>\n<p>\u00ab\u00a0Nous avons r\u00e9pondu aux demandes des entreprises de simplifier et de rationaliser le processus et nous avons exempt\u00e9 90 % des importateurs de produits MACF afin de faciliter la comp\u00e9titivit\u00e9 et la croissance de nos entreprises\u00a0\u00bb, a d\u00e9clar\u00e9 l&rsquo;eurod\u00e9put\u00e9 italien Antonio Decario (S&amp;D), qui dirige le dossier au Parlement.<\/p>\n<p>La d\u00e9put\u00e9e verte autrichienne Lena Schilling a salu\u00e9 le vote comme une r\u00e9f\u00e9rence montrant que la r\u00e9duction de la bureaucratie ne signifie pas n\u00e9cessairement un recul de la protection du climat.<\/p>\n<p>\u00ab\u00a0La majorit\u00e9 des entreprises b\u00e9n\u00e9ficient d&rsquo;un all\u00e8gement de la bureaucratie, alors que la quasi-totalit\u00e9 des \u00e9missions sont encore suivies. Cela devrait servir de mod\u00e8le pour les prochaines vagues de d\u00e9r\u00e9gulation de la Commission europ\u00e9enne \u00ab\u00a0, a d\u00e9clar\u00e9 Mme Schilling \u00e0 Euronews.<\/p>\n<p><strong>R\u00e9vision \u00e0 venir<\/strong><\/p>\n<p>Suite au vote d&rsquo;aujourd&rsquo;hui par les l\u00e9gislateurs en s\u00e9ance pl\u00e9ni\u00e8re, la loi de simplification est en attente d&rsquo;approbation par les pays de l&rsquo;UE, une simple formalit\u00e9. Cependant, l&rsquo;ex\u00e9cutif europ\u00e9en pr\u00e9pare des r\u00e9visions suppl\u00e9mentaires de la taxe europ\u00e9enne \u00e0 la fronti\u00e8re d&rsquo;ici la fin de l&rsquo;ann\u00e9e, une action qui suscite des sp\u00e9culations sur le fait que l&rsquo;UE finira par c\u00e9der \u00e0 la pression des \u00c9tats-Unis pour \u00e9dulcorer des parties cl\u00e9s du MACF, \u00e9tant donn\u00e9 que les lois ont \u00e9t\u00e9 critiqu\u00e9es par le secr\u00e9taire d&rsquo;Etat \u00e0 l&rsquo;\u00e9nergie Chris Wright pour avoir entra\u00een\u00e9 des \u00ab\u00a0risques juridiques \u00e9normes\u00a0\u00bb pour les entreprises am\u00e9ricaines.<\/p>\n<p>\u00ab\u00a0Cette loi a \u00e9t\u00e9 adopt\u00e9e \u00e0 la majorit\u00e9 parce qu&rsquo;elle n&rsquo;a pas modifi\u00e9 son champ d&rsquo;application, mais seulement les op\u00e9rateurs \u00e9conomiques concern\u00e9s. La prochaine r\u00e9vision du MACF pourrait \u00eatre plus contest\u00e9e puisqu&rsquo;elle modifiera le champ d&rsquo;application de la loi \u00ab\u00a0, a d\u00e9clar\u00e9 une source parlementaire \u00e0 Euronews.<\/p>\n<p>Un porte-parole de la Commission a d\u00e9clar\u00e9 \u00e0 Euronews que d&rsquo;ici la fin de l&rsquo;ann\u00e9e 2025, l&rsquo;ex\u00e9cutif de l&rsquo;UE publiera une proposition visant \u00e0 \u00e9tendre le champ d&rsquo;application du CBAM aux produits en aval et \u00e0 lutter contre le contournement.<\/p>\n<p>\u00ab\u00a0La Commission doit faire preuve de clart\u00e9 rapidement, et l&rsquo;industrie doit continuer \u00e0 se pr\u00e9parer. Ce n&rsquo;est pas facile, mais le succ\u00e8s du CBAM reposera sur un travail calme et des progr\u00e8s r\u00e9guliers, pas sur la panique \u00ab\u00a0, a d\u00e9clar\u00e9 \u00e0 Euronews David Cruz, Climate Change &amp; Sustainability chez CEMAsys, une soci\u00e9t\u00e9 de conseil bas\u00e9e \u00e0 Oslo.<\/p>\n","protected":false},"excerpt":{"rendered":"Publi\u00e9 le 11\/09\/2025 &#8211; 15:46 UTC+2 PUBLICIT\u00c9 Les d\u00e9put\u00e9s ont vot\u00e9 cette semaine pour exempter plus de 90&hellip;\n","protected":false},"author":2,"featured_media":383050,"comment_status":"","ping_status":"","sticky":false,"template":"","format":"standard","meta":{"footnotes":""},"categories":[1586],"tags":[11,2196,28789,1777,674,1779,1011,27,12,5140,25,1778,364],"class_list":{"0":"post-383049","1":"post","2":"type-post","3":"status-publish","4":"format-standard","5":"has-post-thumbnail","7":"category-europe","8":"tag-actualites","9":"tag-commission-europeenne","10":"tag-dioxyde-de-carbone","11":"tag-eu","12":"tag-europe","13":"tag-european-union","14":"tag-fr","15":"tag-france","16":"tag-news","17":"tag-rechauffement-climatique","18":"tag-republique-francaise","19":"tag-ue","20":"tag-union-europeenne"},"share_on_mastodon":{"url":"https:\/\/pubeurope.com\/@fr\/115186281270212296","error":""},"_links":{"self":[{"href":"https:\/\/www.europesays.com\/fr\/wp-json\/wp\/v2\/posts\/383049","targetHints":{"allow":["GET"]}}],"collection":[{"href":"https:\/\/www.europesays.com\/fr\/wp-json\/wp\/v2\/posts"}],"about":[{"href":"https:\/\/www.europesays.com\/fr\/wp-json\/wp\/v2\/types\/post"}],"author":[{"embeddable":true,"href":"https:\/\/www.europesays.com\/fr\/wp-json\/wp\/v2\/users\/2"}],"replies":[{"embeddable":true,"href":"https:\/\/www.europesays.com\/fr\/wp-json\/wp\/v2\/comments?post=383049"}],"version-history":[{"count":0,"href":"https:\/\/www.europesays.com\/fr\/wp-json\/wp\/v2\/posts\/383049\/revisions"}],"wp:featuredmedia":[{"embeddable":true,"href":"https:\/\/www.europesays.com\/fr\/wp-json\/wp\/v2\/media\/383050"}],"wp:attachment":[{"href":"https:\/\/www.europesays.com\/fr\/wp-json\/wp\/v2\/media?parent=383049"}],"wp:term":[{"taxonomy":"category","embeddable":true,"href":"https:\/\/www.europesays.com\/fr\/wp-json\/wp\/v2\/categories?post=383049"},{"taxonomy":"post_tag","embeddable":true,"href":"https:\/\/www.europesays.com\/fr\/wp-json\/wp\/v2\/tags?post=383049"}],"curies":[{"name":"wp","href":"https:\/\/api.w.org\/{rel}","templated":true}]}}