{"id":383053,"date":"2025-09-11T15:06:11","date_gmt":"2025-09-11T15:06:11","guid":{"rendered":"https:\/\/www.europesays.com\/fr\/383053\/"},"modified":"2025-09-11T15:06:11","modified_gmt":"2025-09-11T15:06:11","slug":"les-dirigeantes-de-france-tele-et-radio-france-entendues-par-larcom-liberation","status":"publish","type":"post","link":"https:\/\/www.europesays.com\/fr\/383053\/","title":{"rendered":"les dirigeantes de France T\u00e9l\u00e9 et Radio France entendues par l\u2019Arcom \u2013 Lib\u00e9ration"},"content":{"rendered":"<p class=\"sc-cPiKLX AiZTS text-element\">Le r\u00e9gulateur de l\u2019audiovisuel veut tirer les choses au clair. Apr\u00e8s la diffusion de vid\u00e9os montrant les journalistes du service public Thomas Legrand et Patrick Cohen <a href=\"https:\/\/www.liberation.fr\/economie\/medias\/filmes-avec-des-elus-du-ps-thomas-legrand-et-patrick-cohen-se-defendent-de-tout-complot-20250906_FHMCBXHS3FDLFCVC5B5ZWV2MQI\/\" target=\"_blank\" rel=\"noreferrer nofollow noopener\" title=\"https:\/\/www.liberation.fr\/economie\/medias\/filmes-avec-des-elus-du-ps-thomas-legrand-et-patrick-cohen-se-defendent-de-tout-complot-20250906_FHMCBXHS3FDLFCVC5B5ZWV2MQI\/\">avec des dirigeants du Parti socialiste<\/a>, l\u2019Arcom s\u2019appr\u00eate \u00e0 auditionner <a href=\"https:\/\/www.liberation.fr\/economie\/medias\/delphine-ernotte-cunci-a-france-televisions-du-dialogue-social-attentif-a-la-verticalite-patronale-20250512_NE43NCPDFRHZ5EXQH2QY6RIMTQ\/\" target=\"_blank\" rel=\"nofollow noopener\" title=\"https:\/\/www.liberation.fr\/economie\/medias\/delphine-ernotte-cunci-a-france-televisions-du-dialogue-social-attentif-a-la-verticalite-patronale-20250512_NE43NCPDFRHZ5EXQH2QY6RIMTQ\/\">Delphine Ernotte Cunci<\/a> et <a href=\"https:\/\/www.liberation.fr\/economie\/medias\/sibyle-veil-reconduite-a-la-tete-de-radio-france-20221219_EV6IPFOQIZELTLL2AAX7ZLL3SE\/\" target=\"_blank\" rel=\"nofollow noopener\" title=\"https:\/\/www.liberation.fr\/economie\/medias\/sibyle-veil-reconduite-a-la-tete-de-radio-france-20221219_EV6IPFOQIZELTLL2AAX7ZLL3SE\/\">Sibyle Veil,<\/a> respectivement pr\u00e9sidentes de France T\u00e9l\u00e9visions et de Radio France. \u00abLe coll\u00e8ge de l\u2019Arcom [\u2026] a d\u00e9cid\u00e9 de recevoir en audition successivement, dans les prochains jours, les pr\u00e9sidentes de France T\u00e9l\u00e9visions et Radio France, afin de recueillir leurs explications et observations\u00bb, fait savoir l\u2019autorit\u00e9 ce jeudi 11 septembre. <\/p>\n<p class=\"sc-cPiKLX AiZTS text-element\">L\u2019Arcom, qui auditionnera les deux pr\u00e9sidentes \u00e0 huis clos, a ajout\u00e9 avoir depuis quelques mois \u00abd\u00e9cid\u00e9 d\u2019engager une r\u00e9flexion plus large sur l\u2019exigence d\u2019ind\u00e9pendance et d\u2019impartialit\u00e9 du secteur public de la communication audiovisuelle\u00bb. <\/p>\n<p class=\"sc-cPiKLX AiZTS text-element\">Le comit\u00e9 d\u2019\u00e9thique de France T\u00e9l\u00e9visions a de son c\u00f4t\u00e9 annonc\u00e9 se saisir de cette affaire. \u00abCompte tenu de l\u2019ampleur de la pol\u00e9mique concernant la diffusion d\u2019une conversation entre deux journalistes de l\u2019audiovisuel public et de deux responsables du PS, le Comit\u00e9 d\u2019\u00e9thique de France T\u00e9l\u00e9visions a d\u00e9cid\u00e9 de se saisir de cette affaire et publiera prochainement son avis\u00bb, \u00e9crit-il dans un communiqu\u00e9 publi\u00e9 mercredi 10 septembre. <\/p>\n<p class=\"sc-cPiKLX AiZTS text-element\">L\u2019autorit\u00e9 a \u00e9t\u00e9 saisie \u00e0 plusieurs reprises par des d\u00e9put\u00e9s ou du public apr\u00e8s la diffusion le 5 septembre de vid\u00e9os par le m\u00e9dia d\u2019extr\u00eame droite l\u2019Incorrect. Dans cette s\u00e9quence film\u00e9e en juillet dans un restaurant parisien, on peut voit Thomas Legrand, chroniqueur \u00e0 Lib\u00e9ration <a href=\"https:\/\/www.liberation.fr\/economie\/medias\/thomas-legrand-renonce-a-son-emission-sur-france-inter-apres-la-polemique-sur-ses-echanges-avec-des-cadres-du-ps-20250909_SE7GY6Z7JRHILPC2I4P27K5A3E\/\" target=\"_blank\" rel=\"noreferrer nofollow noopener\" title=\"https:\/\/www.liberation.fr\/economie\/medias\/thomas-legrand-renonce-a-son-emission-sur-france-inter-apres-la-polemique-sur-ses-echanges-avec-des-cadres-du-ps-20250909_SE7GY6Z7JRHILPC2I4P27K5A3E\/\">et \u00e0 France Inter<\/a> \u2013 il a renonc\u00e9 mardi \u00e0 son \u00e9mission hebdomadaire sur la radio, mais continuera d\u2019intervenir \u00e0 l\u2019antenne \u2013, et Patrick Cohen, chroniqueur qui intervient \u00e9galement sur France Inter mais aussi dans l\u2019\u00e9mission C \u00e0 vous (France 5), \u00e9changer avec <a href=\"https:\/\/www.liberation.fr\/portraits\/pierre-jouvet-drome-dunion-20220520_4LKZU4VYZZDMNDUEZJTZZ7DZPQ\/\" target=\"_blank\" rel=\"nofollow noopener\" title=\"https:\/\/www.liberation.fr\/portraits\/pierre-jouvet-drome-dunion-20220520_4LKZU4VYZZDMNDUEZJTZZ7DZPQ\/\">Pierre Jouvet,<\/a> secr\u00e9taire g\u00e9n\u00e9ral du PS, et Luc Broussy, pr\u00e9sident du conseil national du PS. <\/p>\n<p class=\"sc-cPiKLX AiZTS text-element\">Au cours de cette discussion, o\u00f9 est aussi \u00e9voqu\u00e9e la strat\u00e9gie de la gauche en vue de la pr\u00e9sidentielle de 2027, Thomas Legrand d\u00e9clare notamment : \u00abNous, on fait ce qu\u2019il faut pour [Rachida] Dati, Patrick [Cohen] et moi.\u00bb Propos qui ont pu \u00eatre interpr\u00e9t\u00e9s pour certains comme un parti pris \u00e0 l\u2019encontre de la ministre sortante de la Culture. La s\u00e9quence a ainsi provoqu\u00e9 <a href=\"https:\/\/www.liberation.fr\/economie\/medias\/un-journaliste-suspendu-par-france-inter-apres-des-propos-litigieux-devant-des-cadres-du-ps-20250906_O3LCYKBBUNG77PCT7RMCKPWVC4\/\" target=\"_blank\" rel=\"noreferrer nofollow noopener\" title=\"https:\/\/www.liberation.fr\/economie\/medias\/un-journaliste-suspendu-par-france-inter-apres-des-propos-litigieux-devant-des-cadres-du-ps-20250906_O3LCYKBBUNG77PCT7RMCKPWVC4\/\">une salve de critiques<\/a> envers les deux journalistes, aussi bien du c\u00f4t\u00e9 de LR, que du Rassemblement national et de La France insoumise. <\/p>\n","protected":false},"excerpt":{"rendered":"Le r\u00e9gulateur de l\u2019audiovisuel veut tirer les choses au clair. Apr\u00e8s la diffusion de vid\u00e9os montrant les journalistes&hellip;\n","protected":false},"author":2,"featured_media":383054,"comment_status":"","ping_status":"","sticky":false,"template":"","format":"standard","meta":{"footnotes":""},"categories":[2],"tags":[11,4690,1011,27,2400,12,10316,25],"class_list":{"0":"post-383053","1":"post","2":"type-post","3":"status-publish","4":"format-standard","5":"has-post-thumbnail","7":"category-actualites","8":"tag-actualites","9":"tag-arcom","10":"tag-fr","11":"tag-france","12":"tag-france-televisions","13":"tag-news","14":"tag-radio-france","15":"tag-republique-francaise"},"share_on_mastodon":{"url":"https:\/\/pubeurope.com\/@fr\/115186288814126340","error":""},"_links":{"self":[{"href":"https:\/\/www.europesays.com\/fr\/wp-json\/wp\/v2\/posts\/383053","targetHints":{"allow":["GET"]}}],"collection":[{"href":"https:\/\/www.europesays.com\/fr\/wp-json\/wp\/v2\/posts"}],"about":[{"href":"https:\/\/www.europesays.com\/fr\/wp-json\/wp\/v2\/types\/post"}],"author":[{"embeddable":true,"href":"https:\/\/www.europesays.com\/fr\/wp-json\/wp\/v2\/users\/2"}],"replies":[{"embeddable":true,"href":"https:\/\/www.europesays.com\/fr\/wp-json\/wp\/v2\/comments?post=383053"}],"version-history":[{"count":0,"href":"https:\/\/www.europesays.com\/fr\/wp-json\/wp\/v2\/posts\/383053\/revisions"}],"wp:featuredmedia":[{"embeddable":true,"href":"https:\/\/www.europesays.com\/fr\/wp-json\/wp\/v2\/media\/383054"}],"wp:attachment":[{"href":"https:\/\/www.europesays.com\/fr\/wp-json\/wp\/v2\/media?parent=383053"}],"wp:term":[{"taxonomy":"category","embeddable":true,"href":"https:\/\/www.europesays.com\/fr\/wp-json\/wp\/v2\/categories?post=383053"},{"taxonomy":"post_tag","embeddable":true,"href":"https:\/\/www.europesays.com\/fr\/wp-json\/wp\/v2\/tags?post=383053"}],"curies":[{"name":"wp","href":"https:\/\/api.w.org\/{rel}","templated":true}]}}