{"id":383057,"date":"2025-09-11T15:08:19","date_gmt":"2025-09-11T15:08:19","guid":{"rendered":"https:\/\/www.europesays.com\/fr\/383057\/"},"modified":"2025-09-11T15:08:19","modified_gmt":"2025-09-11T15:08:19","slug":"tom-vaillant-et-les-francais-brillent-a-wentworth-avant-lorage","status":"publish","type":"post","link":"https:\/\/www.europesays.com\/fr\/383057\/","title":{"rendered":"Tom Vaillant et les Fran\u00e7ais brillent \u00e0 Wentworth avant l&rsquo;orage"},"content":{"rendered":"<p>\t\t\t\t\t\t<img width=\"770\" height=\"556\" src=\"data:image\/svg+xml,%3Csvg%20xmlns=\" http:=\"\" class=\"img-responsive wp-post-image\" alt=\"\" decoding=\"async\" fetchpriority=\"high\" data-lazy- data-lazy- data-lazy-src=\"https:\/\/www.europesays.com\/fr\/wp-content\/uploads\/2025\/09\/afp__20250824__2231801653__v3__highres__betfredbritishmastershostedbysirnickfaldo202-770x556.jpg\"\/>\t\t\t\t\t<\/p>\n<p>\t\t\t\t\t\t Partager cet article <\/p>\n<p class=\"screen-reader-text juiz_sps_maybe_hidden_text\">Partager la publication \u00ab\u00a0Tom Vaillant et les Fran\u00e7ais brillent \u00e0 Wentworth avant l\u2019orage\u00a0\u00bb<\/p>\n<p><strong>Convoqu\u00e9 en premi\u00e8re partie \u00e0 6h40 locale (7h40 en France), Tom Vaillant a profit\u00e9 de conditions plut\u00f4t favorables pour claquer un sublime 64 (-8). L\u2019Azur\u00e9en, 124e de la Race actuellement, devan\u00e7ait d\u2019un coup le Su\u00e9dois Ludvig \u00c5berg et l\u2019Anglais Matthew Fitzpatrick, stopp\u00e9s sur le par 5 du 18. Antoine Rozner signe lui aussi un bon d\u00e9part au BMW PGA Championship avec une carte de 66, seul 4e \u00e0 -6, tandis que Martin Couvra et Jeong weon Ko ont lanc\u00e9 leur semaine \u00e0 Wentworth (Angleterre) avec un solide 68 (-4). Ils sont dans le top 10 encore tr\u00e8s provisoire au moment de l\u2019interruption de jeu en raison des menaces d\u2019orages !\u00a0<\/strong><\/p>\n<p>\t\t\t\t\t<a id=\"183955\" href=\"https:\/\/bmwgolfcup.fr\/fr\/partenaires\" target=\"_blank\" rel=\"sponsorised nofollow noopener\"><img decoding=\"async\" src=\"data:image\/svg+xml,%3Csvg%20xmlns=\" http:=\"\" class=\"img-responsive\" alt=\"\" data-lazy-src=\"https:\/\/www.europesays.com\/fr\/wp-content\/uploads\/2025\/09\/oris-e01-bmw-cup-25-1170x275-1.jpg\"\/><\/a><\/p>\n<p><strong>L.V.<\/strong><\/p>\n<p><strong>Tom Vaillant<\/strong> poursuit sur sa belle dynamique ! 17e \u00e0 l\u2019<strong>Omega European Masters<\/strong>, le Fran\u00e7ais, qui demeure sur trois cuts franchis cons\u00e9cutifs depuis son retour d\u2019un mois de vacances \u00e0 la mi-ao\u00fbt, est tout simplement en t\u00eate du 3e <strong>Rolex Series<\/strong> de la saison, le <strong>BMW PGA Championship<\/strong>. Auteur d\u2019une magnifique carte de 64 (-8) avec notamment six birdies sur ses sept derniers trous, il devance d\u2019une longueur le Su\u00e9dois <strong>Ludvig \u00c5berg<\/strong> et l\u2019Anglais <strong>Matthew Fitzpatrick<\/strong>, stopp\u00e9s sur le par 5 du 18 en raison des menaces d\u2019orages au-dessus de Wentworth et sa r\u00e9gion.<\/p>\n<p><a href=\"https:\/\/www.europeantour.com\/dpworld-tour\/bmw-pga-championship-2025\/leaderboard?round=1\" target=\"_blank\" rel=\"noopener nofollow\">Retrouvez le classement provisoire<\/a><\/p>\n<p>\u00ab \u00c7a a \u00e9t\u00e9 une belle partie, souffle l\u2019Azur\u00e9en, 24 ans le 14 d\u00e9cembre prochain. Je me suis r\u00e9veill\u00e9 \u00e0 3h50 (4h50 en France). J\u2019ai bien jou\u00e9. J\u2019ai essay\u00e9 de rester patient et de me donner des opportunit\u00e9s, car je sais que je joue bien depuis plusieurs semaines maintenant. Ce premier a d\u00e9montr\u00e9 que je pouvais jouer bas, ce qui est bon signe. Il n\u2018y a pas eu vraiment de vent. Parfois, jouer aussi t\u00f4t, c\u2019est facile. \u00bb<\/p>\n<p>\u00ab J\u2019ai touch\u00e9 16 greens aujourd\u2019hui, ce qui m\u2019a aid\u00e9 \u00e0 rester constant tout au long de la journ\u00e9e. Le rythme \u00e9tait bon. La suite ? Je vais juste aller me reposer et faire une bonne sieste et me pr\u00e9parer pour demain. Et puis garder la m\u00eame strat\u00e9gie : toucher le plus de greens possible, rester sur les bonnes zones et conserver un bon rythme. \u00bb<\/p>\n<p>\t\t\t\t\t<a id=\"160863\" href=\"https:\/\/eu.ping.com\/fr-fr\/clubs\/drivers\" target=\"_blank\" rel=\"sponsorised nofollow noopener\"><img decoding=\"async\" src=\"data:image\/svg+xml,%3Csvg%20xmlns=\" http:=\"\" class=\"img-responsive\" alt=\"\" data-lazy-src=\"https:\/\/www.europesays.com\/fr\/wp-content\/uploads\/2025\/04\/ping-e01-bois-g440-1170x275-1.jpg\"\/><\/a><br \/>\nQuatre Fran\u00e7ais dans le top 10<\/p>\n<p>De retour apr\u00e8s une semaine de pause, <strong>Antoine Rozner<\/strong> effectue lui aussi une belle reprise avec son 66 du jour sans le moindre bogey conc\u00e9d\u00e9. Le Racingman, qui sera au <strong>FedEx Open de France<\/strong> la semaine prochaine \u00e0 <strong>St-Nom-la-Bret\u00e8che<\/strong> (78) avant de repartir sur le <strong>PGA Tour<\/strong> disputer les tournois des <strong>FedEx Cup Falls<\/strong>, occupe seul la 4e place du tournoi devant <strong>Justin Rose<\/strong> (-5 au 17).\u00a0<\/p>\n<p>Eux aussi dans le bon tempo, <strong>Martin Couvra<\/strong> et <strong>Jeong weon Ko<\/strong> d\u00e9butent par un solide 68 et apparaissent \u00e0 la 6e place d\u2019un premier tour arr\u00eat\u00e9 \u00e0 13h34 locale (14h34 en France). Les nuages noirs s\u2019amoncellent au-dessus du <strong>Wentworth Club<\/strong>, accompagn\u00e9s par des coups de tonnerre qui n\u2019annoncent, h\u00e9las, rien de bon !\u00a0<\/p>\n<p>\t\t\t\t\t<a id=\"179385\" href=\"https:\/\/tickets.europeantour.com\/eut\/#\/c6906933-bb43-434b-a22d-0ae172a572d4\/shop\/custom-pack?fac=EUT&amp;locale=fr&amp;skin=pgaetodf&amp;utm_campaign=ODF&amp;utm_content=Ticketing&amp;utm_medium=Web&amp;utm_source=Partner&amp;utm_term=PavonGolfPlanete\" target=\"_blank\" rel=\"sponsorised nofollow noopener\"><img decoding=\"async\" src=\"data:image\/svg+xml,%3Csvg%20xmlns=\" http:=\"\" class=\"img-responsive\" alt=\"\" data-lazy-src=\"https:\/\/www.europesays.com\/fr\/wp-content\/uploads\/2025\/07\/opendefrance-e03-plateau-1407-1170x275-1.jpg\"\/><\/a><br \/>\nLe leaderboard provisoire\u00a0<\/p>\n<p><img loading=\"lazy\" decoding=\"async\" class=\"alignnone wp-image-185125 size-large\" src=\"data:image\/svg+xml,%3Csvg%20xmlns=\" http:=\"\" alt=\"\" width=\"770\" height=\"507\" data-lazy- data-lazy- data-lazy-src=\"https:\/\/www.europesays.com\/fr\/wp-content\/uploads\/2025\/09\/capture1prov-770x507.jpg\"\/><\/p>\n<p>\t\t\t\t\t<a id=\"183970\" href=\"https:\/\/www.kalika.org\/fr\/actualites\/articles\/pro-am-beachcomber \" target=\"_blank\" rel=\"sponsorised nofollow noopener\"><img decoding=\"async\" src=\"data:image\/svg+xml,%3Csvg%20xmlns=\" http:=\"\" class=\"img-responsive\" alt=\"\" data-lazy-src=\"https:\/\/www.europesays.com\/fr\/wp-content\/uploads\/2025\/09\/beachcomber-e02-proam-26-1170x275-1.jpg\"\/><\/a><\/p>\n<p>Photo : Andrew Redington \/ GETTY IMAGES EUROPE \/ Getty Images via AFP<\/p>\n","protected":false},"excerpt":{"rendered":"Partager cet article Partager la publication \u00ab\u00a0Tom Vaillant et les Fran\u00e7ais brillent \u00e0 Wentworth avant l\u2019orage\u00a0\u00bb Convoqu\u00e9 en&hellip;\n","protected":false},"author":2,"featured_media":365000,"comment_status":"","ping_status":"","sticky":false,"template":"","format":"standard","meta":{"footnotes":""},"categories":[1418],"tags":[1011,27,1472,60],"class_list":{"0":"post-383057","1":"post","2":"type-post","3":"status-publish","4":"format-standard","5":"has-post-thumbnail","7":"category-golf","8":"tag-fr","9":"tag-france","10":"tag-golf","11":"tag-sports"},"share_on_mastodon":{"url":"https:\/\/pubeurope.com\/@fr\/115186296611279518","error":""},"_links":{"self":[{"href":"https:\/\/www.europesays.com\/fr\/wp-json\/wp\/v2\/posts\/383057","targetHints":{"allow":["GET"]}}],"collection":[{"href":"https:\/\/www.europesays.com\/fr\/wp-json\/wp\/v2\/posts"}],"about":[{"href":"https:\/\/www.europesays.com\/fr\/wp-json\/wp\/v2\/types\/post"}],"author":[{"embeddable":true,"href":"https:\/\/www.europesays.com\/fr\/wp-json\/wp\/v2\/users\/2"}],"replies":[{"embeddable":true,"href":"https:\/\/www.europesays.com\/fr\/wp-json\/wp\/v2\/comments?post=383057"}],"version-history":[{"count":0,"href":"https:\/\/www.europesays.com\/fr\/wp-json\/wp\/v2\/posts\/383057\/revisions"}],"wp:featuredmedia":[{"embeddable":true,"href":"https:\/\/www.europesays.com\/fr\/wp-json\/wp\/v2\/media\/365000"}],"wp:attachment":[{"href":"https:\/\/www.europesays.com\/fr\/wp-json\/wp\/v2\/media?parent=383057"}],"wp:term":[{"taxonomy":"category","embeddable":true,"href":"https:\/\/www.europesays.com\/fr\/wp-json\/wp\/v2\/categories?post=383057"},{"taxonomy":"post_tag","embeddable":true,"href":"https:\/\/www.europesays.com\/fr\/wp-json\/wp\/v2\/tags?post=383057"}],"curies":[{"name":"wp","href":"https:\/\/api.w.org\/{rel}","templated":true}]}}