{"id":383058,"date":"2025-09-11T15:10:13","date_gmt":"2025-09-11T15:10:13","guid":{"rendered":"https:\/\/www.europesays.com\/fr\/383058\/"},"modified":"2025-09-11T15:10:13","modified_gmt":"2025-09-11T15:10:13","slug":"pro-d2-un-essai-comme-ca-je-nen-avais-jamais-marque-chez-les-professionnels-mathieu-guillomot-valence-romans-revient-sur-son-exploit-individuel","status":"publish","type":"post","link":"https:\/\/www.europesays.com\/fr\/383058\/","title":{"rendered":"Pro D2 \u2013 \u00ab\u00a0Un essai comme \u00e7a, je n\u2019en avais jamais marqu\u00e9 chez les professionnels\u00a0\u00bb\u00a0: Mathieu Guillomot (Valence-Romans) revient sur son exploit individuel"},"content":{"rendered":"<p>\n                Lors de la victoire de prestige acquise sur le terrain de Provence Rugby (33 \u00e0 30), Mathieu Guillomot a marqu\u00e9 un magnifique essai apr\u00e8s un exploit individuel. Il revient sur cette action et le bon d\u00e9but des siens.\n            <\/p>\n<p><strong>Vous avez marqu\u00e9 un bien bel essai face \u00e0 Provence Rugby. Mais \u00e9tait-ce pr\u00e9vu sur la combinaison que vous portiez autant la balle\u00a0?<\/strong><\/p>\n<p>Pas vraiment, non, <strong><a href=\"https:\/\/www.rugbyrama.fr\/2025\/09\/05\/pro-d2-les-enseignements-de-la-deuxieme-journee-lexploit-de-valence-romans-a-provence-la-melee-de-vannes-emporte-tout-12913443.php\" target=\"_self\" rel=\"nofollow noopener\">\u00e7a ne s\u2019est pas pass\u00e9 comme pr\u00e9vu<\/a><\/strong> (rires). On avait cibl\u00e9 une zone, mais je devais juste \u00eatre passeur. J\u2019avais plusieurs options et je devais choisir la zone \u00e0 attaquer. Sur la saut\u00e9e de Lucas (M\u00e9ret), j\u2019ai vu tout qui s\u2019ouvrait un peu en face de moi et c\u2019est comme \u00e7a que j\u2019en ai profit\u00e9. \u00c0 la base, je devais \u00eatre passeur et je me suis retrouv\u00e9 \u00e0 porter le ballon. Petit \u00e0 petit, en courant, j\u2019avais des d\u00e9fenseurs \u00e0 droite, \u00e0 gauche et en fait, je n\u2019avais plus qu\u2019\u00e0 aller tout droit o\u00f9 c\u2019\u00e9tait ouvert.\u00a0Un essai comme \u00e7a, je n\u2019en avais jamais marqu\u00e9 chez les professionnels, mais je prends (sourire).<\/p>\n<p class=\"std-elt__inline\">\n        <strong>\u00c0 lire aussi :<\/strong><br \/>\n        <a href=\"https:\/\/www.rugbyrama.fr\/2025\/09\/07\/pro-d2-lenseignement-du-week-end-une-victoire-fondatrice-pour-le-vrdr-12916017.php\" rel=\"nofollow noopener\" target=\"_blank\">Pro D2 &#8211; L&rsquo;enseignement du week-end : une victoire fondatrice pour le VRDR<\/a>\n    <\/p>\n<p><strong>Setareki Bituniyata semblait un peu passif sur l\u2019action, \u00e9tiez-vous le premier surpris de cela\u00a0?<\/strong><\/p>\n<p>Sur le coup, \u00e7a va quand m\u00eame vite. Je pense que Bituniyata est surpris parce qu\u2019il pense que L\u00e9o Drouet va fermer sur moi. Et Drouet attend que Bituniyata ferme sur moi. Je pense qu\u2019il y a eu une incompr\u00e9hension entre les deux, ce qui fait que personne n\u2019est venu sur moi\u00a0! Comme j\u2019ai des courses de soutien \u00e0 ma gauche et \u00e0 ma droite, les deux ont essay\u00e9 de bloquer les passes, mais personne n\u2019est venu sur moi pour me prendre. Je pense que c\u2019est plus l\u2019incompr\u00e9hension entre les deux qui a fait que j\u2019ai pu aller au bout.<\/p>\n<p><strong>Au-del\u00e0 de votre r\u00e9alisation, comme avez-vous r\u00e9alis\u00e9 ce gros coup dans les Bouches-du-Rh\u00f4ne\u00a0?<\/strong><\/p>\n<p>On avait d\u00e9cid\u00e9 d\u2019y aller sans pression. On savait tr\u00e8s clairement que nous n\u2019\u00e9tions pas favoris. Dans l\u2019histoire, <strong><a href=\"https:\/\/www.rugbyrama.fr\/2025\/09\/06\/pro-d2-pour-valence-romans-une-belle-victoire-au-finish-en-provence-12914852.php\" target=\"_self\" rel=\"nofollow noopener\">le VRDR n\u2019avait jamais gagn\u00e9 l\u00e0-bas<\/a><\/strong>. On savait aussi qu\u2019ils \u00e9taient invaincus depuis plus d\u2019une saison \u00e0 domicile (NDRL depuis la demi-finale de Pro D2 contre Grenoble en 2024). On savait qu\u2019on n\u2019avait rien \u00e0 perdre, que si on ne tentait pas le coup de jouer notre jeu, d\u2019oser, d\u2019essayer de mettre un peu de folie dans le match, on allait juste perdre la partie tout bonnement sans avoir essay\u00e9 quelque chose. On aurait eu que des regrets.<\/p>\n<p><strong>Apr\u00e8s votre mauvais d\u00e9but de saison derni\u00e8re, comment expliquer vos deux succ\u00e8s en deux matchs pour lancer ce nouvel exercice\u00a0?<\/strong><\/p>\n<p>On ne s\u2019\u00e9tait pas mis plus la pression que \u00e7a. Mais comme il n\u2019y a pas eu \u00e9norm\u00e9ment de changements dans notre groupe, on se souvenait de tout ce qui avait suivi le mauvais d\u00e9but de saison et ce que \u00e7a impliquait derri\u00e8re. On a cherch\u00e9 toute la saison \u00e0 rattraper ce d\u00e9but d\u2019ann\u00e9e rat\u00e9.\u00a0Je pense qu\u2019on a peut-\u00eatre manqu\u00e9 un peu d\u2019humilit\u00e9, de lucidit\u00e9 l\u2019an dernier. Peut-\u00eatre que, comme on s\u2019\u00e9tait maintenu la premi\u00e8re saison avec le VRDR en terminant \u00e0 une onzi\u00e8me place, nous nous \u00e9tions dit que nous \u00e9tions install\u00e9s, que \u00e7a allait rouler.\u00a0On a essay\u00e9 de se remettre les pieds sur terre pour cet exercice.<\/p>\n<p><strong>Dans le sondage des entra\u00eeneurs Midi Olympique, cinq coachs de Pro D2 vous ont plac\u00e9 parmi les barragistes, soit autant que Colomiers troisi\u00e8me du dernier exercice.\u00a0Comment vous avez re\u00e7u cela\u00a0?<\/strong><\/p>\n<p class=\"std-elt__inline\">\n        <strong>\u00c0 lire aussi :<\/strong><br \/>\n        <a href=\"https:\/\/www.rugbyrama.fr\/2025\/08\/25\/pro-d2-vannes-en-favori-le-vrdr-en-surprise-les-entraineurs-de-pro-d2-devoilent-leurs-pronostics-pour-la-saison-a-venir-12891454.php\" rel=\"nofollow noopener\" target=\"_blank\">Pro D2 \u2013 Vannes en favori, le VRDR en surprise\u00a0?\u00a0: Les entra\u00eeneurs de Pro D2 d\u00e9voilent leurs pronostics pour la saison \u00e0 venir<\/a>\n    <\/p>\n<p>Nous avons \u00e9t\u00e9 surpris de voir ce que les autres entra\u00eeneurs disaient, parce que nous ne sommes pas\u00a0trop dans cette discussion-l\u00e0 entre nous. On ne parle pas de qualification, davantage de maintien, certes le plus vite possible. Pour l\u2019instant, ces deux victoires leur donnent raison. Nous gardons les pieds sur terre. On sait que \u00e7a va \u00eatre tr\u00e8s long, il y aura plein de matchs difficiles <strong><a href=\"https:\/\/www.rugbyrama.fr\/2025\/09\/11\/pro-d2-vannes-saffirme-oyonnax-se-ressaisit-nos-pronos-pour-la-3e-journee-12924149.php\" target=\"_self\" rel=\"nofollow noopener\">\u00e0 commencer par Brive ce vendredi (19h30)<\/a><\/strong> o\u00f9 \u00e7a va piquer. On a rigol\u00e9 un peu, mais on regarde \u00e7a de loin, on n\u2019y a pas trop pr\u00eat\u00e9 attention.<\/p>\n","protected":false},"excerpt":{"rendered":"Lors de la victoire de prestige acquise sur le terrain de Provence Rugby (33 \u00e0 30), Mathieu Guillomot&hellip;\n","protected":false},"author":2,"featured_media":383059,"comment_status":"","ping_status":"","sticky":false,"template":"","format":"standard","meta":{"footnotes":""},"categories":[1416],"tags":[1011,27,479,1468,60],"class_list":{"0":"post-383058","1":"post","2":"type-post","3":"status-publish","4":"format-standard","5":"has-post-thumbnail","7":"category-rugby","8":"tag-fr","9":"tag-france","10":"tag-rugby","11":"tag-rugby-football","12":"tag-sports"},"share_on_mastodon":{"url":"https:\/\/pubeurope.com\/@fr\/115186304648278498","error":""},"_links":{"self":[{"href":"https:\/\/www.europesays.com\/fr\/wp-json\/wp\/v2\/posts\/383058","targetHints":{"allow":["GET"]}}],"collection":[{"href":"https:\/\/www.europesays.com\/fr\/wp-json\/wp\/v2\/posts"}],"about":[{"href":"https:\/\/www.europesays.com\/fr\/wp-json\/wp\/v2\/types\/post"}],"author":[{"embeddable":true,"href":"https:\/\/www.europesays.com\/fr\/wp-json\/wp\/v2\/users\/2"}],"replies":[{"embeddable":true,"href":"https:\/\/www.europesays.com\/fr\/wp-json\/wp\/v2\/comments?post=383058"}],"version-history":[{"count":0,"href":"https:\/\/www.europesays.com\/fr\/wp-json\/wp\/v2\/posts\/383058\/revisions"}],"wp:featuredmedia":[{"embeddable":true,"href":"https:\/\/www.europesays.com\/fr\/wp-json\/wp\/v2\/media\/383059"}],"wp:attachment":[{"href":"https:\/\/www.europesays.com\/fr\/wp-json\/wp\/v2\/media?parent=383058"}],"wp:term":[{"taxonomy":"category","embeddable":true,"href":"https:\/\/www.europesays.com\/fr\/wp-json\/wp\/v2\/categories?post=383058"},{"taxonomy":"post_tag","embeddable":true,"href":"https:\/\/www.europesays.com\/fr\/wp-json\/wp\/v2\/tags?post=383058"}],"curies":[{"name":"wp","href":"https:\/\/api.w.org\/{rel}","templated":true}]}}