{"id":383062,"date":"2025-09-11T15:13:11","date_gmt":"2025-09-11T15:13:11","guid":{"rendered":"https:\/\/www.europesays.com\/fr\/383062\/"},"modified":"2025-09-11T15:13:11","modified_gmt":"2025-09-11T15:13:11","slug":"pecco-se-botte-le-train","status":"publish","type":"post","link":"https:\/\/www.europesays.com\/fr\/383062\/","title":{"rendered":"Pecco se botte le train ?"},"content":{"rendered":"<p>Il y a chez certains de mes confr\u00e8res, en particulier italiens, de bonnes id\u00e9es plus les moyens qui vont avec. Avec une culture des d\u00e9bats en particulier chez l&rsquo;un d&rsquo;eux, entre des personnes qui savent de quoi elles parlent, qui sont sur les GP, qui ont les bons contacts et les bonnes oreilles. Qui restent italiens bien s\u00fbr, d\u00e9sol\u00e9s que leur double (triple m\u00eame) champion du monde se marche sur les pieds. Leur discours \u00e9volue, mais plusieurs des d\u00e9batteurs affirment depuis le d\u00e9but que Bagnaia a juste la t\u00eate de travers. Qu&rsquo;il faut juste que Ducati, s\u00fbr de sa moto, lui dise qu&rsquo;il fasse avec le matos qu&rsquo;on lui confie et qu&rsquo;il se botte le train. Ce qui est la seule fa\u00e7on de faire alors que les dirigeants de la firme font semblant de se d\u00e9soler en affirmant qu&rsquo;ils vont faire le max pour que le petit ch\u00e9ri redevienne le petit ch\u00e9ri. Quand le bon \u00e9l\u00e8ve est perdu, tout le monde pense que c&rsquo;est impossible, ceux du fond de la classe se marrent au moins en douce de voir le meilleur de la classe se mettre \u00e0 patauger comme eux. Dans nos histoires de lyc\u00e9es, et \u00e7a se passe de la m\u00eame fa\u00e7on dans les fili\u00e8res techniques, quand un \u00e9l\u00e8ve dou\u00e9 n&rsquo;y arrive plus, il faut peu de temps avant que la hi\u00e9rarchie, apr\u00e8s avoir pass\u00e9 en revue la fa\u00e7on d&rsquo;enseigner et les principes freudiens de base, se contente de la formule \u00ab peut mieux faire \u00bb puis peu \u00e0 peu menace. Il aura fallu tout ce temps pour que Ducati passe \u00e0 cette nouvelle fa\u00e7on de diriger l&rsquo;ex bon \u00e9l\u00e8ve de la classe. Ce qui est marrant c&rsquo;est que cela appara\u00eet en \u00e9norme dans une vid\u00e9o corporate de Ducati, sans vraiment d&rsquo;int\u00e9r\u00eat, car lue et relue par dix huit personnes avant publication, quand en pleine s\u00e9ance de debriefing Dall Igna, face \u00e0 son pilote, devant tout le monde, lui fait comprendre que maintenant c&rsquo;est \u00e0 lui et \u00e0 lui seul de jouer. Dans la m\u00eame vid\u00e9o, il roule avec Marquez dans une voiture vers un autre \u00e9v\u00e9nement corporate, Marc lui dit qu&rsquo;il faut d&rsquo;abord qu&rsquo;il se foute des journalistes qui lui posent la m\u00eame question depuis des mois et chaque jour de chaque GP, qu&rsquo;il arr\u00eate de se mettre une pression voulue par les autres, bref qu&rsquo;il arr\u00eate la machine \u00e0 baffes. En pr\u00e9cisant que Misano serait une belle base de d\u00e9part, Pecco est chez lui, il est encore le h\u00e9ros du public, on a vu que la nouvelle donne Ducati a un d\u00e9but de r\u00e9sultats, un tout petit d\u00e9but&#8230; Avant Barcelone Bagnaia \u00e9tait content d&rsquo;une neuvi\u00e8me place, maintenant d&rsquo;une septi\u00e8me, Marquez sait qu&rsquo;une reconstruction c&rsquo;est pierre apr\u00e8s pierre. Et il a peut-\u00eatre envie que son titre soit plus convaincant si Bagnaia se met enfin \u00e0 rouler&#8230; Alors justement le seul int\u00e9r\u00eat de Misano est une action de force des pilotes italiens emport\u00e9s cette ann\u00e9e par le tsunami espagnol et ce dans toutes les cylindr\u00e9es. Aucun titre ne sera d\u00e9cern\u00e9 en Italie avant les \u00e9preuves qui ont lieu, pour nous, \u00e0 l&rsquo;aube ! Autant en profiter pour faire le spectacle et pas la fermeture du bar&#8230; Bagnaia est en fait trop jeune pour avoir vraiment souffert et quand \u00e7a lui arrive, il n&rsquo;a pas de brise-lames&#8230; Les lames ne cesseront pas, un GP est un avis de temp\u00eate permanent. Alors il faut am\u00e9liorer la fa\u00e7on de barrer, chez les marins c&rsquo;est une question de vie ou de mort, chez les pilotes c&rsquo;est une question de retrouver la rage de vaincre au lieu de subir l&rsquo;humiliation. Bagnaia, en fait, a perdu l&rsquo;orgueil. Le vrai secret de tous les pouvoirs&#8230;<br \/>.<\/p>\n","protected":false},"excerpt":{"rendered":"Il y a chez certains de mes confr\u00e8res, en particulier italiens, de bonnes id\u00e9es plus les moyens qui&hellip;\n","protected":false},"author":2,"featured_media":383063,"comment_status":"","ping_status":"","sticky":false,"template":"","format":"standard","meta":{"footnotes":""},"categories":[1413],"tags":[17,1462,51590,4266,1011,27,51591,22586,47980,1457,1456,1458,60],"class_list":{"0":"post-383062","1":"post","2":"type-post","3":"status-publish","4":"format-standard","5":"has-post-thumbnail","7":"category-moto","8":"tag-17","9":"tag-bagnaia","10":"tag-doit-se-botter-le-train","11":"tag-ducati","12":"tag-fr","13":"tag-france","14":"tag-gigi-dall-igna","15":"tag-marquez","16":"tag-misano","17":"tag-moto","18":"tag-motocycle","19":"tag-motogp","20":"tag-sports"},"share_on_mastodon":{"url":"https:\/\/pubeurope.com\/@fr\/115186316385635283","error":""},"_links":{"self":[{"href":"https:\/\/www.europesays.com\/fr\/wp-json\/wp\/v2\/posts\/383062","targetHints":{"allow":["GET"]}}],"collection":[{"href":"https:\/\/www.europesays.com\/fr\/wp-json\/wp\/v2\/posts"}],"about":[{"href":"https:\/\/www.europesays.com\/fr\/wp-json\/wp\/v2\/types\/post"}],"author":[{"embeddable":true,"href":"https:\/\/www.europesays.com\/fr\/wp-json\/wp\/v2\/users\/2"}],"replies":[{"embeddable":true,"href":"https:\/\/www.europesays.com\/fr\/wp-json\/wp\/v2\/comments?post=383062"}],"version-history":[{"count":0,"href":"https:\/\/www.europesays.com\/fr\/wp-json\/wp\/v2\/posts\/383062\/revisions"}],"wp:featuredmedia":[{"embeddable":true,"href":"https:\/\/www.europesays.com\/fr\/wp-json\/wp\/v2\/media\/383063"}],"wp:attachment":[{"href":"https:\/\/www.europesays.com\/fr\/wp-json\/wp\/v2\/media?parent=383062"}],"wp:term":[{"taxonomy":"category","embeddable":true,"href":"https:\/\/www.europesays.com\/fr\/wp-json\/wp\/v2\/categories?post=383062"},{"taxonomy":"post_tag","embeddable":true,"href":"https:\/\/www.europesays.com\/fr\/wp-json\/wp\/v2\/tags?post=383062"}],"curies":[{"name":"wp","href":"https:\/\/api.w.org\/{rel}","templated":true}]}}