{"id":383064,"date":"2025-09-11T15:14:23","date_gmt":"2025-09-11T15:14:23","guid":{"rendered":"https:\/\/www.europesays.com\/fr\/383064\/"},"modified":"2025-09-11T15:14:23","modified_gmt":"2025-09-11T15:14:23","slug":"ligue-1-la-douloureuse-arrive-deja-des-hausses-de-prix-se-preparent","status":"publish","type":"post","link":"https:\/\/www.europesays.com\/fr\/383064\/","title":{"rendered":"Ligue\u00a01+\u00a0: la douloureuse arrive d\u00e9j\u00e0\u00a0? Des hausses de prix se pr\u00e9parent"},"content":{"rendered":"<p class=\"ed__a-p ed__bdy__l\"><img loading=\"lazy\" decoding=\"async\" src=\"data:image\/svg+xml,%3Csvg xmlns='http:\/\/www.w3.org\/2000\/svg'%3E%3C\/svg%3E\" draggable=\"false\" width=\"2150\" height=\"1200\" class=\"ed__title-xxs\" alt=\"Les offres d'abonnement de Ligue 1+\" style=\"background-color: #f2f2f2; aspect-ratio:2150\/1200;\"\/><\/p>\n<p>Les offres d&rsquo;abonnement de Ligue 1+.<\/p>\n<p>\u00a9 Ligue 1+<\/p>\n<\/p>\n<p>En bref<\/p>\n<ul class=\"ed__lists ed__bdy__l\">\n<li>Ligue 1+ conna\u00eet un lancement r\u00e9ussi avec 600\u00a0000\u00a0abonn\u00e9s gr\u00e2ce \u00e0 des offres attractives.<\/li>\n<li>La LFP pr\u00e9voit cependant d\u2019augmenter progressivement les prix jusqu\u2019\u00e0 19\/20\u00a0\u20ac pour les prochaines saisons.<\/li>\n<li>Fid\u00e9liser les abonn\u00e9s sera crucial pour que les hausses tarifaires ne provoquent pas un d\u00e9part massif.<\/li>\n<\/ul>\n<p class=\"ed__a-p ed__bdy__l\">Cela fait un mois que la LFP a lanc\u00e9 sa plateforme de streaming pour diffuser huit des neuf matchs de chaque journ\u00e9e de championnat fran\u00e7ais principal\u00a0: <a href=\"https:\/\/www.lesnumeriques.com\/cine-svod\/ligue-1-prix-abonnements-programmes-tout-savoir-sur-la-plateforme-de-la-lfp-n240882.html\" title=\"Ligue 1+ : prix, abonnements, programmes... Tout savoir sur la plateforme de la LFP\" target=\"_blank\" rel=\"noopener\">Ligue\u00a01+<\/a>. En plus du <a href=\"https:\/\/www.lesnumeriques.com\/evenement-sportif\/ligue-1-a-tout-compris-le-partage-de-compte-sans-frais-est-confirme-pour-un-prix-derisoire-face-a-dazn-n240880.html\" title=\"Ligue 1+ a tout compris : le partage de compte sans frais est confirm\u00e9, pour un prix d\u00e9risoire face \u00e0 DAZN\" target=\"_blank\" rel=\"noopener\">partage de compte<\/a>, des prix attractifs ont permis au service de trouver rapidement le succ\u00e8s aupr\u00e8s des fans de football. Malheureusement, des pouss\u00e9es inflationnistes seraient d\u00e9j\u00e0 sur la table pour les prochaines saisons.<\/p>\n<p>            Publicit\u00e9, votre contenu continue ci-dessous<\/p>\n<p>        Publicit\u00e9<\/p>\n<p>Vers un abonnement progressivement augment\u00e9 \u00e0 20\u00a0\u20ac pour Ligue\u00a01+<\/p>\n<p class=\"ed__a-p ed__bdy__l\">Le d\u00e9but de Ligue\u00a01+ a \u00e9t\u00e9 \u201cextr\u00eamement satisfaisant\u201d pour Nicolas de Tavernost, le patron de LFP Media, avec un cap des <a href=\"https:\/\/www.lesnumeriques.com\/evenement-sportif\/ligue-1-un-nombre-d-abonnes-impressionnant-pour-le-lancement-de-la-saison-2025-2026-une-offre-canal-en-approche-n241148.html\" title=\"Ligue 1+ : un nombre d\u2019abonn\u00e9s impressionnant pour le lancement de la saison 2025-2026, une offre Canal+ en approche ?\" target=\"_blank\" rel=\"noopener\">600\u00a0000\u00a0abonn\u00e9s d\u00e9j\u00e0 franchi<\/a>, soit mieux que DAZN en une saison.<\/p>\n<p class=\"ed__a-p ed__bdy__l\">Cette r\u00e9ussite s\u2019explique par <a href=\"https:\/\/www.lesnumeriques.com\/evenement-sportif\/ligue-1-ou-trouver-l-abonnement-a-la-plateforme-au-meilleur-prix-n240989.html\" title=\"Ligue 1+ : o\u00f9 trouver l&#039;abonnement au meilleur prix ?\" target=\"_blank\" rel=\"noopener\">des offres de lancement<\/a> tr\u00e8s bien ma\u00eetris\u00e9es par la LFP et ses distributeurs, l\u2019objectif \u00e9tant d\u00e9sormais d&rsquo;atteindre le premier million d\u2019ici la fin de la saison 2025-2026.<\/p>\n<p class=\"ed__a-p ed__bdy__l\">La vitesse sup\u00e9rieure sera ensuite enclench\u00e9e avec la diffusion de l\u2019ensemble de la comp\u00e9tition 2026-2027, en r\u00e9cup\u00e9rant les droits du match du samedi actuellement attribu\u00e9s \u00e0 beIN Sports. Las, cela ne se ferait pas sans augmentations tarifaires. Joseph Oughourlian, pr\u00e9sident du RC\u00a0Lens, a d\u00e9clar\u00e9 dans l\u2019\u00e9mission After Foot sur RMC ce 8\u00a0septembre\u00a0: \u201cIl y a un plan \u00e9conomique qui esp\u00e8re qu\u2019on arrive \u00e0 2 ou 2,5\u00a0millions d\u2019abonn\u00e9s et que le prix remonte petit \u00e0 petit vers 19\u00a0\u20ac.\u201d<\/p>\n<p class=\"ed__a-p ed__bdy__l\">L&rsquo;actuel abonnement de 14,99\u00a0\u20ac\/mois pourrait donc vite \u00eatre de l\u2019histoire ancienne, avec en ligne de but \u00e0 franchir une troisi\u00e8me saison Ligue 1+ g\u00e9n\u00e9rant entre 300 et 350\u00a0millions d\u2019euros de revenus pour les clubs.<\/p>\n<p class=\"ed__a-p ed__bdy__l\">Reste \u00e0 savoir si <a href=\"https:\/\/www.lesnumeriques.com\/evenement-sportif\/abonne-a-ligue-1-ufc-que-choisir-met-en-garde-sur-un-important-bogue-technique-n242203.html\" title=\"Abonn\u00e9 \u00e0 Ligue\u00a01+\u00a0? UFC-Que Choisir met en garde sur un important bogue technique\" target=\"_blank\" rel=\"noopener\">la plateforme de la LFP<\/a> r\u00e9ussira \u00e0 fid\u00e9liser les abonn\u00e9s actuels pour que les augmentations de prix ne les fassent pas partir.<\/p>\n<p>            Publicit\u00e9, votre contenu continue ci-dessous<\/p>\n<p>        Publicit\u00e9<\/p>\n<p class=\"ed__a-p ed__bdy__l\">Les Num\u00e9riques s\u2019installe \u00e0 Beaugrenelle Paris pour <a href=\"https:\/\/www.lesnumeriques.com\/evenement\/les-jours-les-plus-tech-2025.html\" target=\"_blank\" rel=\"noopener\">Les Jours Les Plus Tech<\/a> : d\u00e9monstrations de produits, conseils d\u2019usage ou d\u2019achat, \u00e9changes avec nos journalistes\u2026D\u00e9couvrez le programme complet <a href=\"https:\/\/www.lesnumeriques.com\/evenement\/les-jours-les-plus-tech-2025.html\" target=\"_blank\" rel=\"noopener\">ici<\/a>.<\/p>\n","protected":false},"excerpt":{"rendered":"Les offres d&rsquo;abonnement de Ligue 1+. \u00a9 Ligue 1+ En bref Ligue 1+ conna\u00eet un lancement r\u00e9ussi avec&hellip;\n","protected":false},"author":2,"featured_media":383065,"comment_status":"","ping_status":"","sticky":false,"template":"","format":"standard","meta":{"footnotes":""},"categories":[1412],"tags":[1451,1452,1453,1454,1455,1011,27,60],"class_list":{"0":"post-383064","1":"post","2":"type-post","3":"status-publish","4":"format-standard","5":"has-post-thumbnail","7":"category-f1","8":"tag-f1","9":"tag-formula-1","10":"tag-formula1","11":"tag-formule-1","12":"tag-formule1","13":"tag-fr","14":"tag-france","15":"tag-sports"},"share_on_mastodon":{"url":"https:\/\/pubeurope.com\/@fr\/115186320275772055","error":""},"_links":{"self":[{"href":"https:\/\/www.europesays.com\/fr\/wp-json\/wp\/v2\/posts\/383064","targetHints":{"allow":["GET"]}}],"collection":[{"href":"https:\/\/www.europesays.com\/fr\/wp-json\/wp\/v2\/posts"}],"about":[{"href":"https:\/\/www.europesays.com\/fr\/wp-json\/wp\/v2\/types\/post"}],"author":[{"embeddable":true,"href":"https:\/\/www.europesays.com\/fr\/wp-json\/wp\/v2\/users\/2"}],"replies":[{"embeddable":true,"href":"https:\/\/www.europesays.com\/fr\/wp-json\/wp\/v2\/comments?post=383064"}],"version-history":[{"count":0,"href":"https:\/\/www.europesays.com\/fr\/wp-json\/wp\/v2\/posts\/383064\/revisions"}],"wp:featuredmedia":[{"embeddable":true,"href":"https:\/\/www.europesays.com\/fr\/wp-json\/wp\/v2\/media\/383065"}],"wp:attachment":[{"href":"https:\/\/www.europesays.com\/fr\/wp-json\/wp\/v2\/media?parent=383064"}],"wp:term":[{"taxonomy":"category","embeddable":true,"href":"https:\/\/www.europesays.com\/fr\/wp-json\/wp\/v2\/categories?post=383064"},{"taxonomy":"post_tag","embeddable":true,"href":"https:\/\/www.europesays.com\/fr\/wp-json\/wp\/v2\/tags?post=383064"}],"curies":[{"name":"wp","href":"https:\/\/api.w.org\/{rel}","templated":true}]}}