{"id":383066,"date":"2025-09-11T15:15:11","date_gmt":"2025-09-11T15:15:11","guid":{"rendered":"https:\/\/www.europesays.com\/fr\/383066\/"},"modified":"2025-09-11T15:15:11","modified_gmt":"2025-09-11T15:15:11","slug":"cyclisme-coppa-sabatini-isaac-del-toro-simpose-a-nouveau-benjamin-thomas-deuxieme","status":"publish","type":"post","link":"https:\/\/www.europesays.com\/fr\/383066\/","title":{"rendered":"Cyclisme. Coppa Sabatini &#8211; Isaac Del Toro s&rsquo;impose \u00e0 nouveau, Benjamin Thomas deuxi\u00e8me"},"content":{"rendered":"<p>Au lendemain de la victoire d&rsquo;<strong><a href=\"https:\/\/www.cyclismactu.net\/..\/news-tour-de-toscane-route-isaac-del-toro-ca-me-donne-beaucoup-de-confiance-90077.html\" target=\"_blank\" rel=\"nofollow noopener\">Isaac Del Toro<\/a> <\/strong>(UAE Team Emirates XRG)\u00a0sur le <strong>Tour de Toscane<\/strong>, ce jeudi avait lieu la <strong>Coppa Sabatini<\/strong>, compos\u00e9e d&rsquo;une startlist similaire mais garnie de noms tels que celui du vainqueur sortant,\u00a0<strong>Marc Hirschi <\/strong>(Tudor Pro Cycling Team) ou de\u00a0<strong>Georg Zimmermann <\/strong>(Intermarch\u00e9-Wanty). Avec le Muro di Peccioli (1,4 km \u00e0 6,1 %) comme juge de paix de cette 73e \u00e9dition, les puncheurs avait terrain \u00e0 leur guise pour tenter de faire des diff\u00e9rences ou s&rsquo;expliquer dans un sprint en petit comit\u00e9 au sommet de ce dernier, lieu de l&rsquo;arriv\u00e9e. Sorti \u00e0 trois du groupe de t\u00eate \u00e0 un peu plus de 5 km de l&rsquo;arriv\u00e9e, <strong>Isaac Del Toro <\/strong>poursuit son impressionnante moisson de victoire, en r\u00e9glant <strong>Benjamin Thomas <\/strong>(Cofidis) et <strong>Ben Granger <\/strong>(Mg.K Vis Costruzioni e Ambiente) au sprint. D\u00e9j\u00e0 vainqueur du\u00a0<strong>GP Industria &amp; Artigianato <\/strong>et du <strong>Tour de Toscane<\/strong>, le Mexicain reste invaincu sur ces classiques italiennes de fin de saison.<\/p>\n<p>Vid\u00e9o &#8211; Le r\u00e9sum\u00e9 vid\u00e9o&#8230; Isaac Del Toro irr\u00e9sistible en Italie Lire la suite de l&rsquo;article&#13;<\/p>\n<p>\u00a0<\/p>\n<p>&#13;<br \/>\nIsaac Del Toro ne s&rsquo;arr\u00eate plus&#13;<\/p>\n<p>C&rsquo;est \u00e0 25 km de l&rsquo;arriv\u00e9e que la course a commenc\u00e9 \u00e0 se d\u00e9canter, avec la formation d&rsquo;un groupe comprenant la majorit\u00e9 des favoris. C&rsquo;est de l\u00e0 que s&rsquo;est extirp\u00e9 <strong>Edgar David Cardena <\/strong>(Petrolike), vite rejoint par\u00a0<strong>Alexandre Balmer <\/strong>(Team Solution Tech &#8211; Vini Fantini), et qui ont tent\u00e9 d&rsquo;anticiper la bagarre des favoris. Mais la bonne collaboration dans le groupe de poursuite a condamn\u00e9 les chances des deux fuyards, et a propuls\u00e9 <strong>Isaac Del Toro <\/strong>vers un nouveau succ\u00e8s en Italie. Le Mexicain a en effet b\u00e9n\u00e9fici\u00e9 de la sup\u00e9riorit\u00e9 num\u00e9rique de son \u00e9quipe dans le final pour s&rsquo;\u00e9chapper en compagnie de <strong>Benjamin Thomas <\/strong>et <strong>Ben Granger<\/strong>, avant de les distancer dans le dernier kilom\u00e8tre de course. A 21 ans et pour sa deuxi\u00e8me saison chez les pros, le Mexicain s&rsquo;offre sa 12e victoire cette ann\u00e9e.<\/p>\n<p>Coppa Sabatini &#8211; Classement g\u00e9n\u00e9ral<\/p>\n","protected":false},"excerpt":{"rendered":"Au lendemain de la victoire d&rsquo;Isaac Del Toro (UAE Team Emirates XRG)\u00a0sur le Tour de Toscane, ce jeudi&hellip;\n","protected":false},"author":2,"featured_media":383067,"comment_status":"","ping_status":"","sticky":false,"template":"","format":"standard","meta":{"footnotes":""},"categories":[1411],"tags":[51493,1154,207,211,1011,27,209,60,210,212,208,213],"class_list":{"0":"post-383066","1":"post","2":"type-post","3":"status-publish","4":"format-standard","5":"has-post-thumbnail","7":"category-cyclisme","8":"tag-coppa-sabatini","9":"tag-cycling","10":"tag-cyclisme","11":"tag-ffc","12":"tag-fr","13":"tag-france","14":"tag-route","15":"tag-sports","16":"tag-tour-de-france","17":"tag-uci","18":"tag-velo","19":"tag-world-tour"},"share_on_mastodon":{"url":"https:\/\/pubeurope.com\/@fr\/115186324286766100","error":""},"_links":{"self":[{"href":"https:\/\/www.europesays.com\/fr\/wp-json\/wp\/v2\/posts\/383066","targetHints":{"allow":["GET"]}}],"collection":[{"href":"https:\/\/www.europesays.com\/fr\/wp-json\/wp\/v2\/posts"}],"about":[{"href":"https:\/\/www.europesays.com\/fr\/wp-json\/wp\/v2\/types\/post"}],"author":[{"embeddable":true,"href":"https:\/\/www.europesays.com\/fr\/wp-json\/wp\/v2\/users\/2"}],"replies":[{"embeddable":true,"href":"https:\/\/www.europesays.com\/fr\/wp-json\/wp\/v2\/comments?post=383066"}],"version-history":[{"count":0,"href":"https:\/\/www.europesays.com\/fr\/wp-json\/wp\/v2\/posts\/383066\/revisions"}],"wp:featuredmedia":[{"embeddable":true,"href":"https:\/\/www.europesays.com\/fr\/wp-json\/wp\/v2\/media\/383067"}],"wp:attachment":[{"href":"https:\/\/www.europesays.com\/fr\/wp-json\/wp\/v2\/media?parent=383066"}],"wp:term":[{"taxonomy":"category","embeddable":true,"href":"https:\/\/www.europesays.com\/fr\/wp-json\/wp\/v2\/categories?post=383066"},{"taxonomy":"post_tag","embeddable":true,"href":"https:\/\/www.europesays.com\/fr\/wp-json\/wp\/v2\/tags?post=383066"}],"curies":[{"name":"wp","href":"https:\/\/api.w.org\/{rel}","templated":true}]}}