{"id":383068,"date":"2025-09-11T15:16:11","date_gmt":"2025-09-11T15:16:11","guid":{"rendered":"https:\/\/www.europesays.com\/fr\/383068\/"},"modified":"2025-09-11T15:16:11","modified_gmt":"2025-09-11T15:16:11","slug":"lol-a-vendu-le-nouveau-de-bruyne-a-manchester-city","status":"publish","type":"post","link":"https:\/\/www.europesays.com\/fr\/383068\/","title":{"rendered":"L&rsquo;OL a vendu le nouveau De Bruyne \u00e0 Manchester City"},"content":{"rendered":"<p><b>Apr\u00e8s une saison pleine \u00e0 l\u2019OL en 2024-2025, Rayan Cherki a fait l\u2019objet d\u2019un gros transfert \u00e0 Manchester City pour 35 millions d\u2019euros.<\/b><\/p>\n<p>Auteur de 13 buts et 21 passes d\u00e9cisives sous les couleurs de <a href=\"https:\/\/www.foot01.com\/ol\/trois-recrues-en-septembre-lol-est-sur-le-coup\" target=\"_self\" rel=\"nofollow noopener\">l\u2019Olympique Lyonnais<\/a> la saison derni\u00e8re, Rayan Cherki a grandement contribu\u00e9 \u00e0 la qualification de son club formateur pour l\u2019Europa League. En guise de dernier cadeau, le joueur n\u00e9 \u00e0 Lyon a permis aux Gones de r\u00e9cup\u00e9rer 35 millions d\u2019euros gr\u00e2ce \u00e0 son transfert \u00e0 Manchester City cet \u00e9t\u00e9. Pour l\u2019international fran\u00e7ais (2 s\u00e9lections), l\u2019objectif est maintenant de s\u2019imposer dans l\u2019un des plus grands clubs du monde sous les ordres de Pep Guardiola.<\/p>\n<blockquote class=\"text-xl text-left font-medium text-gray-700 dark:text-gray-300\"><p>Si Guardiola arrive \u00e0 \u00e9lever son niveau dans cette partie du football, je pense que Cherki peut atteindre des chiffres tr\u00e8s proches de ceux de Kevin De Bruyne<\/p><\/blockquote>\n<p>&#8211; Ga\u00ebl Clichy\u00a0Cela risque de prendre un peu de temps, mais Ga\u00ebl Clichy n\u2019a aucun doute sur la r\u00e9ussite \u00e0 venir de Rayan Cherki outre-Manche. Pour l\u2019ancien d\u00e9fenseur d\u2019Arsenal, qui a connu l\u2019ancien joueur de l\u2019OL avec l\u2019\u00e9quipe de France aux Jeux Olympiques, Rayan Cherki a toutes les qualit\u00e9s pour devenir le successeur de Kevin De Bruyne \u00e0 Manchester City, avec des statistiques \u00e9quivalentes. \u00ab\u00a0Il a d\u2019\u00e9normes progr\u00e8s \u00e0 faire dans la phase sans ballon, c\u2019est son premier d\u00e9faut. Mais si Pep arrive \u00e0 \u00e9lever son niveau dans cette partie du football, je pense qu\u2019il peut atteindre des chiffres tr\u00e8s proches de ceux de Kevin De Bruyne\u00a0\u00bb a lanc\u00e9 sur <a href=\"https:\/\/rmcsport.bfmtv.com\/\" target=\"_blank\" rel=\"nofollow noopener\">RMC<\/a> celui qui \u00e9tait l\u2019adjoint de Thierry Henry lors des JO de Paris et qui a donc eu Rayan Cherki sous ses ordres.\u00ab\u00a0Cherki, je n\u2019ai jamais vu \u00e7a. Je n\u2019ai jamais vu un joueur avec autant de facilit\u00e9 dans les petits espaces. Par contre, quand tu perds le ballon, il faut pouvoir r\u00e9pondre pr\u00e9sent, encore plus en Angleterre. C\u2019est vraiment mon point d\u2019interrogation sur Rayan\u00a0\u00bb a ajout\u00e9 Ga\u00ebl Clichy avant de conclure. \u00ab\u00a0En Premier League, il va falloir qu\u2019il \u00e9l\u00e8ve son niveau hors possession. City prend des buts sur des transitions, tu ne peux pas avoir un ou deux joueurs \u00e0 la tra\u00eene dans ce compartiment de jeu\u00a0\u00bb. A <a href=\"https:\/\/www.foot01.com\/angleterre\/rayan-cherki-fait-un-don-historique-a-zevent-2025\" target=\"_self\" rel=\"nofollow noopener\">Rayan Cherki<\/a> de jouer pour s\u2019imposer \u00e0 la fois du c\u00f4t\u00e9 de Manchester City et pourquoi pas \u00e0 l\u2019avenir en \u00e9quipe de France, o\u00f9 la concurrence est \u00e9galement tr\u00e8s forte avec des joueurs tels que Demb\u00e9l\u00e9, Olise ou encore Dou\u00e9 \u00e0 son poste.<\/p>\n","protected":false},"excerpt":{"rendered":"Apr\u00e8s une saison pleine \u00e0 l\u2019OL en 2024-2025, Rayan Cherki a fait l\u2019objet d\u2019un gros transfert \u00e0 Manchester&hellip;\n","protected":false},"author":2,"featured_media":383069,"comment_status":"","ping_status":"","sticky":false,"template":"","format":"standard","meta":{"footnotes":""},"categories":[1410],"tags":[63,1011,27,60],"class_list":{"0":"post-383068","1":"post","2":"type-post","3":"status-publish","4":"format-standard","5":"has-post-thumbnail","7":"category-football","8":"tag-football","9":"tag-fr","10":"tag-france","11":"tag-sports"},"share_on_mastodon":{"url":"https:\/\/pubeurope.com\/@fr\/115186328159598335","error":""},"_links":{"self":[{"href":"https:\/\/www.europesays.com\/fr\/wp-json\/wp\/v2\/posts\/383068","targetHints":{"allow":["GET"]}}],"collection":[{"href":"https:\/\/www.europesays.com\/fr\/wp-json\/wp\/v2\/posts"}],"about":[{"href":"https:\/\/www.europesays.com\/fr\/wp-json\/wp\/v2\/types\/post"}],"author":[{"embeddable":true,"href":"https:\/\/www.europesays.com\/fr\/wp-json\/wp\/v2\/users\/2"}],"replies":[{"embeddable":true,"href":"https:\/\/www.europesays.com\/fr\/wp-json\/wp\/v2\/comments?post=383068"}],"version-history":[{"count":0,"href":"https:\/\/www.europesays.com\/fr\/wp-json\/wp\/v2\/posts\/383068\/revisions"}],"wp:featuredmedia":[{"embeddable":true,"href":"https:\/\/www.europesays.com\/fr\/wp-json\/wp\/v2\/media\/383069"}],"wp:attachment":[{"href":"https:\/\/www.europesays.com\/fr\/wp-json\/wp\/v2\/media?parent=383068"}],"wp:term":[{"taxonomy":"category","embeddable":true,"href":"https:\/\/www.europesays.com\/fr\/wp-json\/wp\/v2\/categories?post=383068"},{"taxonomy":"post_tag","embeddable":true,"href":"https:\/\/www.europesays.com\/fr\/wp-json\/wp\/v2\/tags?post=383068"}],"curies":[{"name":"wp","href":"https:\/\/api.w.org\/{rel}","templated":true}]}}