{"id":383070,"date":"2025-09-11T15:17:19","date_gmt":"2025-09-11T15:17:19","guid":{"rendered":"https:\/\/www.europesays.com\/fr\/383070\/"},"modified":"2025-09-11T15:17:19","modified_gmt":"2025-09-11T15:17:19","slug":"nicki-nicole-sexprime-sur-sa-relation-avec-lamine-yamal","status":"publish","type":"post","link":"https:\/\/www.europesays.com\/fr\/383070\/","title":{"rendered":"Nicki Nicole s\u2019exprime sur sa relation avec Lamine Yamal"},"content":{"rendered":"<p>La chanteuse argentine Nicki Nicole a d\u00e9voil\u00e9 pour la premi\u00e8re fois sa relation avec <a href=\"https:\/\/www.footmercato.net\/a2781361848662301600-le-qatar-veut-mettre-la-main-sur-le-nouveau-lamine-yamal\" rel=\"nofollow noopener\" target=\"_blank\">le jeune footballeur espagnol Lamine Yamal<\/a>, joueur du <a href=\"https:\/\/www.footmercato.net\/club\/fc-barcelone\/\" rel=\"nofollow noopener\" target=\"_blank\">FC Barcelone<\/a> et de l\u2019\u00e9quipe nationale. Lors d\u2019un \u00e9v\u00e9nement \u00e0 Barcelone pour pr\u00e9senter la nouvelle collection \u00ab Studio \u00bb, elle s\u2019est confi\u00e9e sur ses sentiments avec enthousiasme : \u00ab je suis tr\u00e8s amoureuse, tr\u00e8s heureuse et tr\u00e8s satisfaite \u00bb. L\u2019artiste de 25 ans a \u00e9galement expliqu\u00e9 que Rosal\u00eda et <a href=\"https:\/\/www.footmercato.net\/joueur\/lamine-yamal-nasraoui-ebana\/\" rel=\"nofollow noopener\" target=\"_blank\">Lamine Yamal<\/a> l\u2019avaient initi\u00e9e \u00e0 dire \u00ab je t\u2019aime \u00bb, soulignant ainsi la dimension affective et sinc\u00e8re de leur relation. Elle a aussi pr\u00e9cis\u00e9 ce qu\u2019elle attend de l\u2019amour : \u00ab du plaisir, de la sinc\u00e9rit\u00e9 et de l\u2019affection \u00bb.<\/p>\n<p>            La suite apr\u00e8s cette publicit\u00e9<\/p>\n<p>La romance entre Nicki Nicole et Lamine Yamal semble d\u00e9j\u00e0 captiver les r\u00e9seaux sociaux. Une vid\u00e9o virale publi\u00e9e par Nico Williams, co\u00e9quipier de Yamal avec la Roja, montre le jeune joueur amoureux, tandis que le fond d\u2019\u00e9cran de son t\u00e9l\u00e9phone r\u00e9v\u00e8le une photo avec Nicki Nicole. Pour la chanteuse, cette relation marque un tournant dans sa vie sentimentale, et elle se dit heureuse et \u00e9panouie \u00e0 Barcelone, entour\u00e9e de l\u2019affection de ses proches et de ses fans. Entre musique et football, ce couple improbable, mais tr\u00e8s m\u00e9diatis\u00e9 semble d\u00e9j\u00e0 faire vibrer le public, confirmant l\u2019int\u00e9r\u00eat grandissant pour leur histoire. Tandis que les supporters du Bar\u00e7a, eux, esp\u00e8rent une chose : que leur prodige n\u2019oublie pas de continuer \u00e0 <a href=\"https:\/\/www.footmercato.net\/a341575308745524314-jt-foot-mercato-la-sortie-osee-de-lamine-yamal-sur-le-ballon-dor\" rel=\"nofollow noopener\" target=\"_blank\">performer dans le football pour autant.<\/a><\/p>\n<p>\n    Pub. le 11\/09\/2025 10:21<br \/>\n            &#8211; MAJ le 11\/09\/2025 15:44\n    <\/p>\n","protected":false},"excerpt":{"rendered":"La chanteuse argentine Nicki Nicole a d\u00e9voil\u00e9 pour la premi\u00e8re fois sa relation avec le jeune footballeur espagnol&hellip;\n","protected":false},"author":2,"featured_media":383071,"comment_status":"","ping_status":"","sticky":false,"template":"","format":"standard","meta":{"footnotes":""},"categories":[1359],"tags":[58,59,1011,27,973],"class_list":{"0":"post-383070","1":"post","2":"type-post","3":"status-publish","4":"format-standard","5":"has-post-thumbnail","7":"category-people","8":"tag-divertissement","9":"tag-entertainment","10":"tag-fr","11":"tag-france","12":"tag-people"},"share_on_mastodon":{"url":"https:\/\/pubeurope.com\/@fr\/115186332094151851","error":""},"_links":{"self":[{"href":"https:\/\/www.europesays.com\/fr\/wp-json\/wp\/v2\/posts\/383070","targetHints":{"allow":["GET"]}}],"collection":[{"href":"https:\/\/www.europesays.com\/fr\/wp-json\/wp\/v2\/posts"}],"about":[{"href":"https:\/\/www.europesays.com\/fr\/wp-json\/wp\/v2\/types\/post"}],"author":[{"embeddable":true,"href":"https:\/\/www.europesays.com\/fr\/wp-json\/wp\/v2\/users\/2"}],"replies":[{"embeddable":true,"href":"https:\/\/www.europesays.com\/fr\/wp-json\/wp\/v2\/comments?post=383070"}],"version-history":[{"count":0,"href":"https:\/\/www.europesays.com\/fr\/wp-json\/wp\/v2\/posts\/383070\/revisions"}],"wp:featuredmedia":[{"embeddable":true,"href":"https:\/\/www.europesays.com\/fr\/wp-json\/wp\/v2\/media\/383071"}],"wp:attachment":[{"href":"https:\/\/www.europesays.com\/fr\/wp-json\/wp\/v2\/media?parent=383070"}],"wp:term":[{"taxonomy":"category","embeddable":true,"href":"https:\/\/www.europesays.com\/fr\/wp-json\/wp\/v2\/categories?post=383070"},{"taxonomy":"post_tag","embeddable":true,"href":"https:\/\/www.europesays.com\/fr\/wp-json\/wp\/v2\/tags?post=383070"}],"curies":[{"name":"wp","href":"https:\/\/api.w.org\/{rel}","templated":true}]}}