{"id":383072,"date":"2025-09-11T15:18:11","date_gmt":"2025-09-11T15:18:11","guid":{"rendered":"https:\/\/www.europesays.com\/fr\/383072\/"},"modified":"2025-09-11T15:18:11","modified_gmt":"2025-09-11T15:18:11","slug":"un-chef-doeuvre-de-rubens-ressurgit-apres-quatre-siecles-doubli","status":"publish","type":"post","link":"https:\/\/www.europesays.com\/fr\/383072\/","title":{"rendered":"Un chef-d\u2019\u0153uvre de Rubens ressurgit apr\u00e8s quatre si\u00e8cles d\u2019oubli"},"content":{"rendered":"<p>\u00ab\u00a0C\u2019est un chef-d\u2019\u0153uvre, <strong>un Christ en croix, peint en 1613<\/strong>, qui avait disparu, et que j\u2019ai retrouv\u00e9 en septembre 2024 lors de l\u2019inventaire et de la vente d\u2019un h\u00f4tel particulier du 6e arrondissement \u00e0 Paris\u00a0\u00bb, a pr\u00e9cis\u00e9 <a href=\"https:\/\/www.osenat.com\/notre-equipe\" target=\"_blank\" rel=\"nofollow noopener\">Jean-Pierre Osenat<\/a>, pr\u00e9sident de la maison de vente \u00e9ponyme, qui mettra le tableau aux ench\u00e8res le 30\u00a0novembre.<\/p>\n<p>\u00ab\u00a0Une d\u00e9couverte inou\u00efe\u00a0\u00bb<br \/>\n    La r\u00e9daction vous conseille<\/p>\n<p>\u00ab\u00a0C\u2019est rarissime et une d\u00e9couverte inou\u00efe qui marquera ma carri\u00e8re de commissaire-priseur\u00a0\u00bb, a-t-il ajout\u00e9.<\/p>\n<p>\u00ab\u00a0Il a \u00e9t\u00e9 peint par Rubens au summum de son talent et \u00e9t\u00e9 authentifi\u00e9 par le professeur Nils B\u00fcttner\u00a0\u00bb, sp\u00e9cialiste de l\u2019art allemand, flamand et hollandais du XVe au XVIe\u00a0si\u00e8cle et pr\u00e9sident du Rubenianum, un organisme situ\u00e9 \u00e0 Anvers pr\u00e8s de l\u2019ancienne maison-atelier de Rubens et charg\u00e9 de l\u2019\u00e9tude de son \u0153uvre, selon Jean-Pierre Osenat.<\/p>\n<p>\u00ab\u00a0J\u2019\u00e9tais dans le jardin de Rubens et je faisais les cent pas pendant que le comit\u00e9 d\u2019experts d\u00e9lib\u00e9rait sur l\u2019authenticit\u00e9 du tableau quand il m\u2019a appel\u00e9 pour me dire \u2018Jean-Pierre on a un nouveau Rubens\u00a0!\u2019\u00bb, a-t-il racont\u00e9 avec \u00e9motion.<\/p>\n<p>Collectionneur priv\u00e9<\/p>\n<p>\u00ab\u00a0C\u2019est tout le d\u00e9but de la peinture baroque, le Christ crucifi\u00e9 est repr\u00e9sent\u00e9, isol\u00e9, lumineux et se d\u00e9tachant vivement sur un ciel sombre et mena\u00e7ant. Derri\u00e8re la toile de fond rocheuse et verdoyante du Golgotha, appara\u00eet une vue montrant J\u00e9rusalem illumin\u00e9e, mais apparemment sous un orage\u00a0\u00bb, a-t-il d\u00e9taill\u00e9.<\/p>\n<blockquote><p>\u00ab\u00a0Il a \u00e9t\u00e9 peint par Rubens au summum de son talent et \u00e9t\u00e9 authentifi\u00e9 par le professeur Nils B\u00fcttner.\u00a0\u00bb<\/p><\/blockquote>\n<p>Ce tableau \u00ab\u00a0est une vraie profession de foi et un sujet de pr\u00e9dilection pour Rubens, protestant converti au catholicisme\u00a0\u00bb, a poursuivi Jean-Pierre Osenat, pr\u00e9cisant que l\u2019\u0153uvre est dans un \u00ab\u00a0tr\u00e8s bon \u00e9tat\u00a0\u00bb de conservation.<\/p>\n<p>    La r\u00e9daction vous conseille<\/p>\n<p>Sa trace a \u00e9t\u00e9 remont\u00e9e \u00e0 partir d\u2019une gravure et il a \u00e9t\u00e9 authentifi\u00e9 \u00e0 l\u2019issue d\u2019une \u00ab\u00a0longue enqu\u00eate et d\u2019examens techniques comme des radiographies et l\u2019analyse des pigments\u00a0\u00bb, a encore pr\u00e9cis\u00e9 le commissaire-priseur.<\/p>\n<p>Si le peintre a r\u00e9alis\u00e9 nombre de tableaux pour l\u2019\u00c9glise, ce chef-d\u2019\u0153uvre, d\u2019une dimension de 105,5 sur 72,5 centim\u00e8tres, \u00e9tait probablement destin\u00e9 \u00e0 un collectionneur priv\u00e9. Il a appartenu au peintre acad\u00e9mique du XIXe\u00a0si\u00e8cle William Bouguereau puis aux propri\u00e9taires de l\u2019h\u00f4tel particulier parisien o\u00f9 il a \u00e9t\u00e9 retrouv\u00e9.<\/p>\n","protected":false},"excerpt":{"rendered":"\u00ab\u00a0C\u2019est un chef-d\u2019\u0153uvre, un Christ en croix, peint en 1613, qui avait disparu, et que j\u2019ai retrouv\u00e9 en&hellip;\n","protected":false},"author":2,"featured_media":383073,"comment_status":"","ping_status":"","sticky":false,"template":"","format":"standard","meta":{"footnotes":""},"categories":[1358],"tags":[1348,1384,1385,1386,58,59,1011,27],"class_list":{"0":"post-383072","1":"post","2":"type-post","3":"status-publish","4":"format-standard","5":"has-post-thumbnail","7":"category-arts-et-design","8":"tag-arts","9":"tag-arts-and-design","10":"tag-arts-et-design","11":"tag-design","12":"tag-divertissement","13":"tag-entertainment","14":"tag-fr","15":"tag-france"},"share_on_mastodon":{"url":"https:\/\/pubeurope.com\/@fr\/115186336026692141","error":""},"_links":{"self":[{"href":"https:\/\/www.europesays.com\/fr\/wp-json\/wp\/v2\/posts\/383072","targetHints":{"allow":["GET"]}}],"collection":[{"href":"https:\/\/www.europesays.com\/fr\/wp-json\/wp\/v2\/posts"}],"about":[{"href":"https:\/\/www.europesays.com\/fr\/wp-json\/wp\/v2\/types\/post"}],"author":[{"embeddable":true,"href":"https:\/\/www.europesays.com\/fr\/wp-json\/wp\/v2\/users\/2"}],"replies":[{"embeddable":true,"href":"https:\/\/www.europesays.com\/fr\/wp-json\/wp\/v2\/comments?post=383072"}],"version-history":[{"count":0,"href":"https:\/\/www.europesays.com\/fr\/wp-json\/wp\/v2\/posts\/383072\/revisions"}],"wp:featuredmedia":[{"embeddable":true,"href":"https:\/\/www.europesays.com\/fr\/wp-json\/wp\/v2\/media\/383073"}],"wp:attachment":[{"href":"https:\/\/www.europesays.com\/fr\/wp-json\/wp\/v2\/media?parent=383072"}],"wp:term":[{"taxonomy":"category","embeddable":true,"href":"https:\/\/www.europesays.com\/fr\/wp-json\/wp\/v2\/categories?post=383072"},{"taxonomy":"post_tag","embeddable":true,"href":"https:\/\/www.europesays.com\/fr\/wp-json\/wp\/v2\/tags?post=383072"}],"curies":[{"name":"wp","href":"https:\/\/api.w.org\/{rel}","templated":true}]}}