{"id":383074,"date":"2025-09-11T15:19:18","date_gmt":"2025-09-11T15:19:18","guid":{"rendered":"https:\/\/www.europesays.com\/fr\/383074\/"},"modified":"2025-09-11T15:19:18","modified_gmt":"2025-09-11T15:19:18","slug":"un-livre-de-coloriage-pour-mettre-en-couleurs-les-18-candidats-au-gouvernement","status":"publish","type":"post","link":"https:\/\/www.europesays.com\/fr\/383074\/","title":{"rendered":"Un livre de coloriage pour mettre en couleurs les 18 candidats au Gouvernement"},"content":{"rendered":"<p>\u00c0 l\u2019occasion des \u00e9lections jurassiennes, La Torche 2.0 lance un livre de coloriage p\u00e9dagogique et satirique pour les enfants. Tir\u00e9 \u00e0 500 exemplaires et distribu\u00e9 d\u00e8s le 1er octobre, l\u2019ouvrage leur propose de \u00ab\u00a0torcher\u00a0\u00bb en couleurs les 18 candidats au Gouvernement jurassien.\u00a0<\/p>\n<p>Pigr, Tony, Brac et Pitch Comment signent les illustrations de ce livre qu\u2019il est d\u2019ores et d\u00e9j\u00e0 possible&#8230;<\/p>\n","protected":false},"excerpt":{"rendered":"\u00c0 l\u2019occasion des \u00e9lections jurassiennes, La Torche 2.0 lance un livre de coloriage p\u00e9dagogique et satirique pour les&hellip;\n","protected":false},"author":2,"featured_media":383075,"comment_status":"","ping_status":"","sticky":false,"template":"","format":"standard","meta":{"footnotes":""},"categories":[1357],"tags":[1379,58,59,1011,27,1380],"class_list":{"0":"post-383074","1":"post","2":"type-post","3":"status-publish","4":"format-standard","5":"has-post-thumbnail","7":"category-livres","8":"tag-books","9":"tag-divertissement","10":"tag-entertainment","11":"tag-fr","12":"tag-france","13":"tag-livres"},"share_on_mastodon":{"url":"https:\/\/pubeurope.com\/@fr\/115186339985136887","error":""},"_links":{"self":[{"href":"https:\/\/www.europesays.com\/fr\/wp-json\/wp\/v2\/posts\/383074","targetHints":{"allow":["GET"]}}],"collection":[{"href":"https:\/\/www.europesays.com\/fr\/wp-json\/wp\/v2\/posts"}],"about":[{"href":"https:\/\/www.europesays.com\/fr\/wp-json\/wp\/v2\/types\/post"}],"author":[{"embeddable":true,"href":"https:\/\/www.europesays.com\/fr\/wp-json\/wp\/v2\/users\/2"}],"replies":[{"embeddable":true,"href":"https:\/\/www.europesays.com\/fr\/wp-json\/wp\/v2\/comments?post=383074"}],"version-history":[{"count":0,"href":"https:\/\/www.europesays.com\/fr\/wp-json\/wp\/v2\/posts\/383074\/revisions"}],"wp:featuredmedia":[{"embeddable":true,"href":"https:\/\/www.europesays.com\/fr\/wp-json\/wp\/v2\/media\/383075"}],"wp:attachment":[{"href":"https:\/\/www.europesays.com\/fr\/wp-json\/wp\/v2\/media?parent=383074"}],"wp:term":[{"taxonomy":"category","embeddable":true,"href":"https:\/\/www.europesays.com\/fr\/wp-json\/wp\/v2\/categories?post=383074"},{"taxonomy":"post_tag","embeddable":true,"href":"https:\/\/www.europesays.com\/fr\/wp-json\/wp\/v2\/tags?post=383074"}],"curies":[{"name":"wp","href":"https:\/\/api.w.org\/{rel}","templated":true}]}}