{"id":383076,"date":"2025-09-11T15:20:12","date_gmt":"2025-09-11T15:20:12","guid":{"rendered":"https:\/\/www.europesays.com\/fr\/383076\/"},"modified":"2025-09-11T15:20:12","modified_gmt":"2025-09-11T15:20:12","slug":"cnews-avec-63-mercredi-la-chaine-pulverise-sa-part-daudience-le-jour-du-mouvement-bloquons-tout","status":"publish","type":"post","link":"https:\/\/www.europesays.com\/fr\/383076\/","title":{"rendered":"CNews\u00a0: avec 6,3\u00a0% mercredi, la cha\u00eene pulv\u00e9rise sa part d\u2019audience le jour du mouvement \u00ab\u00a0Bloquons tout\u00a0\u00bb"},"content":{"rendered":"<p>\n                                                                    l&rsquo;essentiel<br \/>\n                                                                Jamais CNews n\u2019avait obtenu une telle audience. Elle a affich\u00e9 une part d\u2019audience de 6,3\u00a0% le mercredi 10\u00a0septembre. L\u2019ensemble des cha\u00eenes tout info ont r\u00e9alis\u00e9 des scores importants ce jour-l\u00e0.\n                            <\/p>\n<p>CNews au plus haut sur le podium. La cha\u00eene d\u2019information a pulv\u00e9ris\u00e9 sa part d\u2019audience historique sur une journ\u00e9e. Avec 6,3\u00a0%, elle a domin\u00e9 la concurrence face \u00e0 BFMTV, LCI et France Info, mercredi 10\u00a0septembre \u00e0 l\u2019occasion du mouvement \u00ab\u00a0Bloquons tout\u00a0\u00bb et de la passation de pouvoir entre Fran\u00e7ois Bayrou et le nouveau Premier ministre S\u00e9bastien Lecornu. Le pr\u00e9c\u00e9dent record d\u2019audience de CNews \u00e9tait de 5\u00a0% le jour de la condamnation judiciaire de Marine Le Pen, le 31\u00a0mars 2025.<\/p>\n<p>Si Cnews \u00e9tait leader, l\u2019audience de toutes les cha\u00eenes d\u2019information s\u2019est montr\u00e9e \u00e9lev\u00e9e toute la journ\u00e9e. 5,3\u00a0% pour BFMTV sur l\u2019ensemble de la journ\u00e9e, 3,4\u00a0% pour LCI qui a franchi le seuil des 3 points et 2\u00a0% pour France Info qui a d\u00e9pass\u00e9 les 2\u00a0% pour la premi\u00e8re fois depuis son lancement. Sur l\u2019ensemble de la journ\u00e9e, les cha\u00eenes d\u2019information ont totalis\u00e9 17\u00a0% d\u2019audience.<\/p>\n<p>Le canal 14 de la TNT a r\u00e9alis\u00e9 de fortes audiences d\u00e8s 9h pour l\u2019\u00e9mission de Pascal Praud pour \u00ab\u00a0L\u2019heure des pros\u00a0\u00bbet a surtout fait la diff\u00e9rence \u00e0 partir de la fin de l\u2019apr\u00e8s-midi, rel\u00e8ve le site m\u00e9dia <a href=\"https:\/\/www.ozap.com\/actu\/audiences-cnews-pulverise-son-record-historique-avec-bloquons-tout-bfmtv-puissante-mais-distancee-franceinfo-au-sommet\/651560\" target=\"_blank\" rel=\"nofollow noopener\">Ozap<\/a>. Le soir, \u00ab\u00a0L\u2019heure des pros 2\u00a0\u00bb, avec Pascal Praud, a totalis\u00e9 1,16\u00a0million de t\u00e9l\u00e9spectateurs (5,8\u00a0% du public) soit davantage que Cyril Hanouna dans \u00ab\u00a0Tout beau, tout n9uf\u00a0\u00bb sur W9.<\/p>\n<p>D\u2019habitude, en cas de forte actualit\u00e9 en direct, BFMTV supplante la concurrence. Cette fois, CNews a r\u00e9uni davantage de t\u00e9l\u00e9spectateurs pour la passation de pouvoir entre Fran\u00e7ois Bayrou et S\u00e9bastien Lecornu.<\/p>\n<p>CNews poursuit sur sa dynamique de l\u2019\u00e9t\u00e9 2025 o\u00f9 elle est devenue leader des audiences devant BFMTV. Pour inverser la tendance, BFMTV a largement modifi\u00e9 sa grille en changeant son duo de journalistes de matin et en recrutant de nouvelles t\u00eates d\u2019affiche.<\/p>\n","protected":false},"excerpt":{"rendered":"l&rsquo;essentiel Jamais CNews n\u2019avait obtenu une telle audience. Elle a affich\u00e9 une part d\u2019audience de 6,3\u00a0% le mercredi&hellip;\n","protected":false},"author":2,"featured_media":383077,"comment_status":"","ping_status":"","sticky":false,"template":"","format":"standard","meta":{"footnotes":""},"categories":[1356],"tags":[58,59,1011,27,252,1364],"class_list":{"0":"post-383076","1":"post","2":"type-post","3":"status-publish","4":"format-standard","5":"has-post-thumbnail","7":"category-television","8":"tag-divertissement","9":"tag-entertainment","10":"tag-fr","11":"tag-france","12":"tag-television","13":"tag-tv"},"share_on_mastodon":{"url":"https:\/\/pubeurope.com\/@fr\/115186343948808199","error":""},"_links":{"self":[{"href":"https:\/\/www.europesays.com\/fr\/wp-json\/wp\/v2\/posts\/383076","targetHints":{"allow":["GET"]}}],"collection":[{"href":"https:\/\/www.europesays.com\/fr\/wp-json\/wp\/v2\/posts"}],"about":[{"href":"https:\/\/www.europesays.com\/fr\/wp-json\/wp\/v2\/types\/post"}],"author":[{"embeddable":true,"href":"https:\/\/www.europesays.com\/fr\/wp-json\/wp\/v2\/users\/2"}],"replies":[{"embeddable":true,"href":"https:\/\/www.europesays.com\/fr\/wp-json\/wp\/v2\/comments?post=383076"}],"version-history":[{"count":0,"href":"https:\/\/www.europesays.com\/fr\/wp-json\/wp\/v2\/posts\/383076\/revisions"}],"wp:featuredmedia":[{"embeddable":true,"href":"https:\/\/www.europesays.com\/fr\/wp-json\/wp\/v2\/media\/383077"}],"wp:attachment":[{"href":"https:\/\/www.europesays.com\/fr\/wp-json\/wp\/v2\/media?parent=383076"}],"wp:term":[{"taxonomy":"category","embeddable":true,"href":"https:\/\/www.europesays.com\/fr\/wp-json\/wp\/v2\/categories?post=383076"},{"taxonomy":"post_tag","embeddable":true,"href":"https:\/\/www.europesays.com\/fr\/wp-json\/wp\/v2\/tags?post=383076"}],"curies":[{"name":"wp","href":"https:\/\/api.w.org\/{rel}","templated":true}]}}