{"id":383078,"date":"2025-09-11T15:21:12","date_gmt":"2025-09-11T15:21:12","guid":{"rendered":"https:\/\/www.europesays.com\/fr\/383078\/"},"modified":"2025-09-11T15:21:12","modified_gmt":"2025-09-11T15:21:12","slug":"pourquoi-florent-pagny-a-renonce-au-stade-de-france","status":"publish","type":"post","link":"https:\/\/www.europesays.com\/fr\/383078\/","title":{"rendered":"pourquoi Florent Pagny a renonc\u00e9 au Stade de France"},"content":{"rendered":"<p>Cinq ans apr\u00e8s le diagnostic de son cancer des poumons, Florent Pagny fait son retour avec un album, \u00ab\u00a0Grandeur nature\u00a0\u00bb, et une tourn\u00e9e grande envergure &#8211; 67 dates, en France, en Suisse et en Belgique \u2013 qui ne passera cependant pas par le Stade de France. Une volont\u00e9 que le chanteur a expliqu\u00e9 \u00e0 Paris Match.<\/p>\n<p>Chanter, pendant plusieurs ann\u00e9es, il ne l\u2019a pas fait. Il n\u2019a pas pu le faire. Apr\u00e8s <a href=\"https:\/\/www.parismatch.com\/People\/florent-pagny-son-cancer-a-eu-un-impact-positif-sur-sa-voix-il-explique-pourquoi-256338\" rel=\"nofollow noopener\" target=\"_blank\">le diagnostic de son cancer des poumons<\/a>, en 2021, Florent Pagny a d\u00fb se \u00ab\u00a0concentrer sur [sa] sant\u00e9, entre les traitements et les chimios\u00a0\u00bb. <a href=\"https:\/\/www.parismatch.com\/People\/florent-pagny-gueri-de-son-cancer-line-renaud-donne-de-ses-nouvelles-255168\" rel=\"nofollow noopener\" target=\"_blank\">Maintenant qu\u2019il va mieux<\/a>, il est de retour, avec un album, \u00ab\u00a0Grandeur nature\u00a0\u00bb, et une tourn\u00e9e d\u2019envergure. D\u00e8s le mois de janvier, il commencera sa \u00ab\u00a0plus grosse tourn\u00e9e\u00a0\u00bb, entre la France, la Suisse et la Belgique, dont les billets se sont \u00e9coul\u00e9s (tr\u00e8s) rapidement.<\/p>\n<p>    La suite apr\u00e8s cette publicit\u00e9<\/p>\n<p>\u00ab\u00a0D\u2019habitude, on ouvrait dans une ville, \u00e7a se remplissait bien, et, quand c\u2019\u00e9tait plein au bout de quelques semaines, on calait une deuxi\u00e8me date\u00a0\u00bb, a gliss\u00e9 Florent Pagny, 63\u00a0ans, \u00e0 Paris Match. \u00ab\u00a0L\u00e0, \u00e0 partir de janvier, je reste presque une semaine dans chaque ville. \u00c7a a \u00e9t\u00e9 complet tout de suite, on n\u2019arr\u00eate pas d\u2019ajouter des concerts, je n\u2019avais jamais connu \u00e7a.\u00a0\u00bb Un nouvel attrait motiv\u00e9 par une curiosit\u00e9 morbide\u00a0apr\u00e8s la maladie\u00a0?<\/p>\n<p>\u00ab\u00a0Il y a forc\u00e9ment un peu de \u00e7a. Mais pas que\u00a0\u00bb, a assur\u00e9 le chanteur. Et d\u2019ajouter\u00a0: \u00ab\u00a0Je suis l\u00e0 depuis trente-cinq ans, j\u2019ai quelques tubes, j\u2019ai chant\u00e9 devant 40\u00a0000 personnes dans les festivals il y a deux ans\u2026 Mais oui, ma maladie a fait que l\u2019empathie a grandi. Apr\u00e8s, que ce soit autant, j\u2019en suis le premier surpris. Ce qui me fait marrer, c\u2019est que je fais ma plus grosse tourn\u00e9e \u00e0 65\u00a0ans, \u00e0 l\u2019\u00e2ge o\u00f9 on prend sa retraite.\u00a0\u00bb<\/p>\n<p>\u00ab\u00a0On avait envisag\u00e9 une tourn\u00e9e de six stades\u00a0\u00bb<\/p>\n<p>De retraite, il n\u2019en est pas question. <a href=\"https:\/\/www.parismatch.com\/People\/florent-pagny-ouvre-les-portes-de-sa-nouvelle-ferme-en-bourgogne-azucena-ne-voulait-pas-venir-256336\" rel=\"nofollow noopener\" target=\"_blank\">Le mari d\u2019Azucena<\/a> va donc encha\u00eener 67 concerts, dans les Z\u00e9nith de la France enti\u00e8re, jusqu\u2019\u00e0 l\u2019Olympia, \u00e0 Paris, pour une vingtaine de dates d\u00e9j\u00e0 \u00e0 guichets ferm\u00e9s. Il aurait pu remplir les stades. Et m\u00eame le stade de France. C\u2019est ce qu\u2019il devait faire. Avant de changer d\u2019avis\u00a0: \u00ab\u00a0Pour mes 65\u00a0ans, on avait envisag\u00e9 une tourn\u00e9e de six stades. Mais ma femme, qui est toujours de tr\u00e8s bon conseil, m\u2019a dit que je n\u2019\u00e9tais pas fait pour ce genre de spectacle.\u00a0\u00bb<\/p>\n<p>Une \u00ab\u00a0\u00e9tude de march\u00e9\u00a0\u00bb a tout de m\u00eame \u00e9t\u00e9 r\u00e9alis\u00e9e pour une tourn\u00e9e des stades. \u00ab\u00a0Et l\u00e0, on m\u2019a annonc\u00e9 que les billets seraient \u00e0 140\u00a0euros pour les places de devant et 90\u00a0euros au fond. J\u2019ai dit\u00a0: \u2018Stop, je ne peux pas faire \u00e7a \u00e0 mon public, vous \u00eates fous\u2019\u00a0\u00bb, a expliqu\u00e9 Florent Pagny. \u00ab\u00a0On s\u2019est rabattu sur les Z\u00e9nith, 82\u00a0euros en premi\u00e8re cat\u00e9gorie, 42\u00a0euros en seconde. Et tout le monde assis, parce qu\u2019\u00e0 mon \u00e2ge on ne saute plus en l\u2019air. Je serai m\u00eame le seul de toute la salle \u00e0 \u00eatre debout.\u00a0\u00bb<\/p>\n","protected":false},"excerpt":{"rendered":"Cinq ans apr\u00e8s le diagnostic de son cancer des poumons, Florent Pagny fait son retour avec un album,&hellip;\n","protected":false},"author":2,"featured_media":383079,"comment_status":"","ping_status":"","sticky":false,"template":"","format":"standard","meta":{"footnotes":""},"categories":[1355],"tags":[58,59,1011,27,1361,873],"class_list":{"0":"post-383078","1":"post","2":"type-post","3":"status-publish","4":"format-standard","5":"has-post-thumbnail","7":"category-musique","8":"tag-divertissement","9":"tag-entertainment","10":"tag-fr","11":"tag-france","12":"tag-music","13":"tag-musique"},"share_on_mastodon":{"url":"https:\/\/pubeurope.com\/@fr\/115186347900990042","error":""},"_links":{"self":[{"href":"https:\/\/www.europesays.com\/fr\/wp-json\/wp\/v2\/posts\/383078","targetHints":{"allow":["GET"]}}],"collection":[{"href":"https:\/\/www.europesays.com\/fr\/wp-json\/wp\/v2\/posts"}],"about":[{"href":"https:\/\/www.europesays.com\/fr\/wp-json\/wp\/v2\/types\/post"}],"author":[{"embeddable":true,"href":"https:\/\/www.europesays.com\/fr\/wp-json\/wp\/v2\/users\/2"}],"replies":[{"embeddable":true,"href":"https:\/\/www.europesays.com\/fr\/wp-json\/wp\/v2\/comments?post=383078"}],"version-history":[{"count":0,"href":"https:\/\/www.europesays.com\/fr\/wp-json\/wp\/v2\/posts\/383078\/revisions"}],"wp:featuredmedia":[{"embeddable":true,"href":"https:\/\/www.europesays.com\/fr\/wp-json\/wp\/v2\/media\/383079"}],"wp:attachment":[{"href":"https:\/\/www.europesays.com\/fr\/wp-json\/wp\/v2\/media?parent=383078"}],"wp:term":[{"taxonomy":"category","embeddable":true,"href":"https:\/\/www.europesays.com\/fr\/wp-json\/wp\/v2\/categories?post=383078"},{"taxonomy":"post_tag","embeddable":true,"href":"https:\/\/www.europesays.com\/fr\/wp-json\/wp\/v2\/tags?post=383078"}],"curies":[{"name":"wp","href":"https:\/\/api.w.org\/{rel}","templated":true}]}}