{"id":383080,"date":"2025-09-11T15:22:17","date_gmt":"2025-09-11T15:22:17","guid":{"rendered":"https:\/\/www.europesays.com\/fr\/383080\/"},"modified":"2025-09-11T15:22:17","modified_gmt":"2025-09-11T15:22:17","slug":"un-documentaire-sur-le-7-octobre-a-ete-diffuse-au-festival-du-film-de-toronto-apres-des-semaines-de-polemique","status":"publish","type":"post","link":"https:\/\/www.europesays.com\/fr\/383080\/","title":{"rendered":"Un documentaire sur le 7-Octobre a \u00e9t\u00e9 diffus\u00e9 au festival du film de Toronto, apr\u00e8s des semaines de pol\u00e9mique"},"content":{"rendered":"\n<p class=\"c-chapo \">\n  Le r\u00e9alisateur a notamment utilis\u00e9 des images de cam\u00e9ras embarqu\u00e9es du Hamas prises lors des attaques commises le 7 octobre 2023.\n<\/p>\n<p>            lire plus tard<\/p>\n<p id=\"dialog__title\" class=\"dialog__title\">Pour sauvegarder cet article, connectez-vous ou cr\u00e9ez un compte franceinfo<\/p>\n<p class=\"dialog__description\">Sans paiement. Sans abonnement.<\/p>\n<p>        Fermer la fen\u00eatre d\u2019activation des notifications France Info<\/p>\n<p>            cr\u00e9er votre compte<\/p>\n<p>            se connecter<\/p>\n<p>        Fermer la fen\u00eatre de pr\u00e9sentation<\/p>\n<p>    <img loading=\"lazy\" decoding=\"async\" class=\"signature__image lazyload\" width=\"100\" height=\"100\" data- alt=\"\" src=\"https:\/\/www.europesays.com\/fr\/wp-content\/uploads\/2025\/05\/64abd44855ee1_placeholder-36b69ec8.png\"\/><\/p>\n<p>          France T\u00e9l\u00e9visions &#8211; R\u00e9daction Culture<\/p>\n<p>    Publi\u00e9 le 11\/09\/2025 15:48<\/p>\n<p>        Temps de lecture : 3min<\/p>\n<p>    <img decoding=\"async\"  alt=\"Le g\u00e9n\u00e9ral isra\u00e9lien \u00e0 la retraite Noam Tibon et sa femme Gali Mir-Tibon \u00e0 l'avant-premi\u00e8re de &quot;The Road Between Us: The Ultimate Rescue&quot; au festival du film de Toronto, le 10 septembre 2025. (COLE BURSTON \/ AFP)\" width=\"432\" height=\"243\" src=\"https:\/\/www.europesays.com\/fr\/wp-content\/uploads\/2025\/09\/000-743y2ky-1-68c2c5b28713f412457735.jpg\" fetchpriority=\"high\"\/><\/p>\n<p>      Le g\u00e9n\u00e9ral isra\u00e9lien \u00e0 la retraite Noam Tibon et sa femme Gali Mir-Tibon \u00e0 l&rsquo;avant-premi\u00e8re de \u00ab\u00a0The Road Between Us: The Ultimate Rescue\u00a0\u00bb au festival du film de Toronto, le 10 septembre 2025. (COLE BURSTON \/ AFP)<\/p>\n<p>Un documentaire sur les efforts d&rsquo;un ancien militaire isra\u00e9lien pour sauver sa famille lors des attaques du Hamas du 7 octobre 2023 a \u00e9t\u00e9 pr\u00e9sent\u00e9 en avant-premi\u00e8re, mercredi 10 septembre, sous forte pr\u00e9sence polici\u00e8re, apr\u00e8s avoir \u00e9t\u00e9 initialement retir\u00e9 de la programmation du <a href=\"https:\/\/www.tiff.net\/\" target=\"_blank\" rel=\"noopener nofollow\">Festival du film de Toronto<\/a>. Avant la projection de The Road Between Us: The Ultimate Rescue, partisans d&rsquo;Isra\u00ebl et militants pro-palestiniens ont protest\u00e9 face \u00e0 face devant le cin\u00e9ma o\u00f9 se jouait le film. Aucun incident n&rsquo;a \u00e9t\u00e9 signal\u00e9.<\/p>\n<p>Dans le film, produit au Canada, des images de cam\u00e9ras embarqu\u00e9es du Hamas, prises lors des attaques du 7-Octobre, ont \u00e9t\u00e9 utilis\u00e9es. Les organisateurs l&rsquo;avaient d\u00e9programm\u00e9 le mois dernier, \u00e9voquant un manque de \u00ab\u00a0clart\u00e9 juridique\u00a0\u00bb autour de ces images. Avant de le r\u00e9int\u00e9grer face aux accusations de censure.<\/p>\n<p>Le directeur g\u00e9n\u00e9ral du festival, Cameron Bailey, a d\u00e9menti des informations selon lesquelles le r\u00e9alisateur Barry Avrich aurait \u00e9t\u00e9 invit\u00e9 \u00e0 obtenir les droits d&rsquo;utilisation des images. \u00ab\u00a0\u00c0 aucun moment nous n&rsquo;avons demand\u00e9 aux r\u00e9alisateurs d&rsquo;obtenir l&rsquo;autorisation ou l&rsquo;accord du Hamas, une organisation terroriste\u00a0\u00bb, a-t-il d\u00e9clar\u00e9 au <a href=\"https:\/\/www.theglobeandmail.com\/arts\/film\/tiff\/article-tiff-ceo-cameron-bailey-speaks-out-on-reversal-of-oct-7-documentary-i\/\" target=\"_blank\" rel=\"noopener nofollow\">quotidien canadien <\/a><a href=\"https:\/\/www.theglobeandmail.com\/arts\/film\/tiff\/article-tiff-ceo-cameron-bailey-speaks-out-on-reversal-of-oct-7-documentary-i\/\" target=\"_blank\" rel=\"noopener nofollow\">Globe and Mail.<\/a> \u00ab\u00a0C&rsquo;est bien s\u00fbr quelque chose que nous ne ferions jamais.\u00a0\u00bb<\/p>\n<p>Cameron Bailey a reconnu que le festival avait mal g\u00e9r\u00e9 le processus de s\u00e9lection du film.\u00a0\u00bbJe tiens \u00e0 pr\u00e9senter mes excuses, en particulier \u00e0 la communaut\u00e9 juive, pour les erreurs que j&rsquo;ai commises jusqu&rsquo;\u00e0 aujourd&rsquo;hui\u00a0\u00bb, a-t-il d\u00e9clar\u00e9 devant les 2000 spectateurs venus voir l&rsquo;avant-premi\u00e8re dans le centre-ville de Toronto.<\/p>\n<p>Le film retrace le voyage du g\u00e9n\u00e9ral isra\u00e9lien \u00e0 la retraite Noam Tibon de Tel Aviv \u00e0 Nahal Oz, un kibboutz situ\u00e9 \u00e0 la fronti\u00e8re avec Gaza, o\u00f9 son fils, sa belle-fille et ses deux petites-filles se sont cach\u00e9s dans une pi\u00e8ce s\u00e9curis\u00e9e apr\u00e8s l&rsquo;entr\u00e9e des hommes du Hamas dans la communaut\u00e9. Le r\u00e9alisateur Barry Avrich a expliqu\u00e9 qu&rsquo;il avait \u00e9t\u00e9 attir\u00e9 par cette histoire en tant que p\u00e8re avant tout. \u00ab\u00a0Ce n&rsquo;est pas vraiment un film politique. Il est envelopp\u00e9 dans le drapeau d&rsquo;une famille, pas d&rsquo;un pays\u00a0\u00bb, a-t-il expliqu\u00e9.<\/p>\n<p>Manifestant devant la salle, Bassem Ramli, Canadien d&rsquo;origine palestinienne, a expliqu\u00e9 \u00e0 l&rsquo;AFP qu&rsquo;il ne s&rsquo;opposait pas sp\u00e9cifiquement au contenu du film, mais \u00e0 la d\u00e9cision du festival d&rsquo;autoriser l&rsquo;ancien g\u00e9n\u00e9ral de l&rsquo;arm\u00e9e isra\u00e9lienne \u00e0 fouler son tapis rouge. \u00ab\u00a0Cette personne ne m\u00e9rite pas d&rsquo;\u00eatre c\u00e9l\u00e9br\u00e9e comme un h\u00e9ros, encore moins en ce moment\u00a0\u00bb, estime cet homme de 39 ans. \u00ab\u00a0Serait-il acceptable, par exemple, qu&rsquo;un g\u00e9n\u00e9ral russe de haut rang soit actuellement c\u00e9l\u00e9br\u00e9 comme un h\u00e9ros ? Je ne pense pas\u00a0\u00bb, a-t-il ajout\u00e9. Agitant un drapeau isra\u00e9lien devant le cin\u00e9ma, Jeffrey Raphael a fondu en larmes lorsque l&rsquo;AFP lui a demand\u00e9 son avis sur la col\u00e8re suscit\u00e9e par le film. \u00ab\u00a0Je comprends que le festival du film donne la parole aux Palestiniens, mais pourquoi ne pouvons-nous pas entendre d&rsquo;autres points de vue ?\u00a0\u00bb, a d\u00e9clar\u00e9 cet homme de 55 ans.<\/p>\n","protected":false},"excerpt":{"rendered":"Le r\u00e9alisateur a notamment utilis\u00e9 des images de cam\u00e9ras embarqu\u00e9es du Hamas prises lors des attaques commises le&hellip;\n","protected":false},"author":2,"featured_media":383081,"comment_status":"","ping_status":"","sticky":false,"template":"","format":"standard","meta":{"footnotes":""},"categories":[1354],"tags":[58,59,1346,1011,27,1360],"class_list":{"0":"post-383080","1":"post","2":"type-post","3":"status-publish","4":"format-standard","5":"has-post-thumbnail","7":"category-films","8":"tag-divertissement","9":"tag-entertainment","10":"tag-films","11":"tag-fr","12":"tag-france","13":"tag-movies"},"share_on_mastodon":{"url":"https:\/\/pubeurope.com\/@fr\/115186352510807242","error":""},"_links":{"self":[{"href":"https:\/\/www.europesays.com\/fr\/wp-json\/wp\/v2\/posts\/383080","targetHints":{"allow":["GET"]}}],"collection":[{"href":"https:\/\/www.europesays.com\/fr\/wp-json\/wp\/v2\/posts"}],"about":[{"href":"https:\/\/www.europesays.com\/fr\/wp-json\/wp\/v2\/types\/post"}],"author":[{"embeddable":true,"href":"https:\/\/www.europesays.com\/fr\/wp-json\/wp\/v2\/users\/2"}],"replies":[{"embeddable":true,"href":"https:\/\/www.europesays.com\/fr\/wp-json\/wp\/v2\/comments?post=383080"}],"version-history":[{"count":0,"href":"https:\/\/www.europesays.com\/fr\/wp-json\/wp\/v2\/posts\/383080\/revisions"}],"wp:featuredmedia":[{"embeddable":true,"href":"https:\/\/www.europesays.com\/fr\/wp-json\/wp\/v2\/media\/383081"}],"wp:attachment":[{"href":"https:\/\/www.europesays.com\/fr\/wp-json\/wp\/v2\/media?parent=383080"}],"wp:term":[{"taxonomy":"category","embeddable":true,"href":"https:\/\/www.europesays.com\/fr\/wp-json\/wp\/v2\/categories?post=383080"},{"taxonomy":"post_tag","embeddable":true,"href":"https:\/\/www.europesays.com\/fr\/wp-json\/wp\/v2\/tags?post=383080"}],"curies":[{"name":"wp","href":"https:\/\/api.w.org\/{rel}","templated":true}]}}