{"id":383086,"date":"2025-09-11T15:25:10","date_gmt":"2025-09-11T15:25:10","guid":{"rendered":"https:\/\/www.europesays.com\/fr\/383086\/"},"modified":"2025-09-11T15:25:10","modified_gmt":"2025-09-11T15:25:10","slug":"eurovision-2026-lirlande-menace-de-boycotter-si-israel-est-autorise-a-concourir","status":"publish","type":"post","link":"https:\/\/www.europesays.com\/fr\/383086\/","title":{"rendered":"Eurovision 2026 : L\u2019Irlande Menace De Boycotter Si Isra\u00ebl Est Autoris\u00e9 \u00c0 Concourir"},"content":{"rendered":"<p class=\"\" data-is=\"component-paragraph\">L\u2019\u00e9dition 2026 du concours Eurovision de la chanson s\u2019annonce d\u00e9j\u00e0 sous haute tension. La cha\u00eene publique irlandaise RT\u00c9 a publi\u00e9 jeudi un communiqu\u00e9 affirmant qu\u2019elle refusera de participer si Isra\u00ebl est autoris\u00e9 \u00e0 concourir.<\/p>\n<p class=\"\" data-is=\"component-paragraph\">Cette d\u00e9claration intervient apr\u00e8s l\u2019Assembl\u00e9e g\u00e9n\u00e9rale de l\u2019Union europ\u00e9enne de radio-t\u00e9l\u00e9vision (UER) en juillet, au cours de laquelle plusieurs membres ont exprim\u00e9 leurs inqui\u00e9tudes quant \u00e0 la participation d\u2019Isra\u00ebl, sur fond de guerre \u00e0 Gaza. \u00c0 la suite de cette r\u00e9union, l\u2019UER a ouvert un processus de consultation interne et donn\u00e9 la possibilit\u00e9 aux pays membres de se retirer sans sanction jusqu\u2019en d\u00e9cembre.<\/p>\n<p class=\"\" data-is=\"component-paragraph\">RT\u00c9 explique que sa position d\u00e9coule de \u00ab l\u2019ampleur des pertes humaines tragiques et continues \u00e0 Gaza \u00bb, et dit \u00eatre profond\u00e9ment pr\u00e9occup\u00e9e par les \u00ab assassinats cibl\u00e9s de journalistes dans l\u2019enclave \u00bb, ainsi que par l\u2019emp\u00eachement de l\u2019acc\u00e8s des m\u00e9dias internationaux au territoire et par \u00ab la d\u00e9tresse des otages toujours d\u00e9tenus \u00bb par le Hamas.\u00a0\u00ab La participation de l\u2019Irlande ne serait pas acceptable dans un tel contexte \u00bb, indique le communiqu\u00e9, pr\u00e9cisant que la d\u00e9cision finale de Dublin sera prise une fois que l\u2019UER aura statu\u00e9 sur le cas d\u2019Isra\u00ebl.\u00a0L\u2019UER, qui organise le concours, n\u2019a pas encore annonc\u00e9 si Isra\u00ebl sera autoris\u00e9 \u00e0 participer \u00e0 la comp\u00e9tition pr\u00e9vue au printemps 2026. Ce nouvel \u00e9pisode rappelle les d\u00e9bats houleux de 2024 et 2025, lorsque plusieurs pays avaient d\u00e9j\u00e0 menac\u00e9 de boycotter le concours en raison du conflit au Proche-Orient.<\/p>\n","protected":false},"excerpt":{"rendered":"L\u2019\u00e9dition 2026 du concours Eurovision de la chanson s\u2019annonce d\u00e9j\u00e0 sous haute tension. La cha\u00eene publique irlandaise RT\u00c9&hellip;\n","protected":false},"author":2,"featured_media":383087,"comment_status":"","ping_status":"","sticky":false,"template":"","format":"standard","meta":{"footnotes":""},"categories":[8],"tags":[58,59,1011,27],"class_list":{"0":"post-383086","1":"post","2":"type-post","3":"status-publish","4":"format-standard","5":"has-post-thumbnail","7":"category-divertissement","8":"tag-divertissement","9":"tag-entertainment","10":"tag-fr","11":"tag-france"},"share_on_mastodon":{"url":"https:\/\/pubeurope.com\/@fr\/115186363592542352","error":""},"_links":{"self":[{"href":"https:\/\/www.europesays.com\/fr\/wp-json\/wp\/v2\/posts\/383086","targetHints":{"allow":["GET"]}}],"collection":[{"href":"https:\/\/www.europesays.com\/fr\/wp-json\/wp\/v2\/posts"}],"about":[{"href":"https:\/\/www.europesays.com\/fr\/wp-json\/wp\/v2\/types\/post"}],"author":[{"embeddable":true,"href":"https:\/\/www.europesays.com\/fr\/wp-json\/wp\/v2\/users\/2"}],"replies":[{"embeddable":true,"href":"https:\/\/www.europesays.com\/fr\/wp-json\/wp\/v2\/comments?post=383086"}],"version-history":[{"count":0,"href":"https:\/\/www.europesays.com\/fr\/wp-json\/wp\/v2\/posts\/383086\/revisions"}],"wp:featuredmedia":[{"embeddable":true,"href":"https:\/\/www.europesays.com\/fr\/wp-json\/wp\/v2\/media\/383087"}],"wp:attachment":[{"href":"https:\/\/www.europesays.com\/fr\/wp-json\/wp\/v2\/media?parent=383086"}],"wp:term":[{"taxonomy":"category","embeddable":true,"href":"https:\/\/www.europesays.com\/fr\/wp-json\/wp\/v2\/categories?post=383086"},{"taxonomy":"post_tag","embeddable":true,"href":"https:\/\/www.europesays.com\/fr\/wp-json\/wp\/v2\/tags?post=383086"}],"curies":[{"name":"wp","href":"https:\/\/api.w.org\/{rel}","templated":true}]}}