{"id":383092,"date":"2025-09-11T15:28:11","date_gmt":"2025-09-11T15:28:11","guid":{"rendered":"https:\/\/www.europesays.com\/fr\/383092\/"},"modified":"2025-09-11T15:28:11","modified_gmt":"2025-09-11T15:28:11","slug":"lagression-dun-couple-de-touristes-juifs-suscite-lindignation","status":"publish","type":"post","link":"https:\/\/www.europesays.com\/fr\/383092\/","title":{"rendered":"l&rsquo;agression d&rsquo;un couple de touristes juifs suscite l\u2019indignation"},"content":{"rendered":"<p>Dans un communiqu\u00e9, le maire de Venise Luigi Brugnaro a d\u00e9nonc\u00e9 l\u2019agression \u00abinacceptable\u00bb de \u00abdeux citoyens am\u00e9ricains de religion juive\u00bb.<\/p>\n<p class=\"fig-paragraph\">La r\u00e9v\u00e9lation de l&rsquo;agression d&rsquo;un couple de touristes juifs en d\u00e9but de semaine \u00e0\u00a0<a href=\"https:\/\/www.lefigaro.fr\/voyages\/dossier\/venise?msockid=32699287063066cb00c584d9078767ed\" target=\"_blank\" data-fig-type=\"Topic\" rel=\"sponsored noopener nofollow\" data-gtm-custom-categorie=\"navigation\" data-gtm-custom-action=\"crossclick\" data-gtm-custom-label=\"Contextuel\" data-gtm-event=\"customEventSPE\" data-fig-domain=\"LEFIGARO\">Venise\u00a0<\/a>a suscit\u00e9 jeudi 11 septembre de nombreuses r\u00e9actions, la ministre italienne du Tourisme d\u00e9non\u00e7ant sur X un \u00abgeste ignoble\u00bb.<\/p>\n<p class=\"fig-paragraph\">\u00abUn \u00e9pisode tr\u00e8s grave s&rsquo;est produit il y a quelques jours dans la Strada Nova, dont les victimes sont deux touristes juifs \u00e9trangers encercl\u00e9s et battus par un groupe de 10 agresseurs\u00bb, a indiqu\u00e9 sur Facebook Simone Venturini, adjoint \u00e0 la mairie de Venise charg\u00e9 du tourisme. \u00abDans notre ville, il n&rsquo;y a pas de place pour de tels incidents, il n&rsquo;y a pas de place pour la violence et le racisme\u00bb, a-t-il ajout\u00e9, fustigeant une \u00abagression antis\u00e9mite honteuse\u00bb.<\/p>\n<p>                                    <a class=\"fig-a11y-skip a11y-hidden\" href=\"#fig-a11y-skip-main-inarticle\"><br \/>\n        Passer la publicit\u00e9<br \/>\n    <\/a><\/p>\n<p class=\"fig-paragraph\">Dans un communiqu\u00e9 s\u00e9par\u00e9, le maire de Venise Luigi Brugnaro a d\u00e9nonc\u00e9 l&rsquo;agression \u00abinacceptable\u00bb de \u00abdeux citoyens am\u00e9ricains de religion juive\u00bb. \u00abVenise est et doit rester une ville ouverte, accueillante et s\u00fbre\u00bb, a-t-il \u00e9crit.<\/p>\n<p>\u00abGeste ignoble\u00bb<\/p>\n<p class=\"fig-paragraph\">La ministre italienne du Tourisme Daniela Santanch\u00e8 a pour sa part d\u00e9nonc\u00e9 sur X \u00abun geste ignoble\u00bb, indiquant que l&rsquo;agression avait \u00e9t\u00e9 commise \u00abpar une dizaine de Nord-Africains au cri de \u00ab\u00a0Free Palestine\u00a0\u00bb\u00bb. Les circonstances, la date et l&rsquo;identit\u00e9 des auteurs de l&rsquo;agression n&rsquo;ont pas \u00e9t\u00e9 confirm\u00e9es par les autorit\u00e9s italiennes.<\/p>\n<p class=\"fig-paragraph\">Interrog\u00e9e par l&rsquo;AFP, l&rsquo;ambassade am\u00e9ricaine \u00e0 Rome n&rsquo;a pas confirm\u00e9 l&rsquo;agression ni l&rsquo;identit\u00e9 des victimes. Trois personnes ont \u00e9t\u00e9 arr\u00eat\u00e9es \u00e0 la suite de cette agression, dont l&rsquo;une a \u00e9t\u00e9 expuls\u00e9e vers son pays d&rsquo;origine et l&rsquo;autre plac\u00e9e en centre de r\u00e9tention, a d\u00e9clar\u00e9 sur la Rai le pr\u00e9fet de police de Venise, Gaetano Bonaccorso.<\/p>\n<p class=\"fig-paragraph\">La communaut\u00e9 juive de la ville a condamn\u00e9 sur Facebook \u00abun acte l\u00e2che et ignoble\u00bb, s&rsquo;inqui\u00e9tant du \u00abclimat d&rsquo;intol\u00e9rance\u00bb qui \u00abtouche aujourd&rsquo;hui l&rsquo;ensemble de la communaut\u00e9 v\u00e9nitienne\u00bb. Port\u00e9es en partie par le conflit isra\u00e9lo-palestinien, les agressions antis\u00e9mites ont fortement augment\u00e9 depuis le 7 octobre 2023 dans les pays europ\u00e9ens, notamment en Italie o\u00f9 le nombre d&rsquo;actes antis\u00e9mites a doubl\u00e9 en 2024 compar\u00e9 \u00e0 l&rsquo;ann\u00e9e pr\u00e9c\u00e9dente.<\/p>\n","protected":false},"excerpt":{"rendered":"Dans un communiqu\u00e9, le maire de Venise Luigi Brugnaro a d\u00e9nonc\u00e9 l\u2019agression \u00abinacceptable\u00bb de \u00abdeux citoyens am\u00e9ricains de&hellip;\n","protected":false},"author":2,"featured_media":383093,"comment_status":"","ping_status":"","sticky":false,"template":"","format":"standard","meta":{"footnotes":""},"categories":[5],"tags":[11,6155,1011,27,14,12,16787,28],"class_list":{"0":"post-383092","1":"post","2":"type-post","3":"status-publish","4":"format-standard","5":"has-post-thumbnail","7":"category-international","8":"tag-actualites","9":"tag-antisemitisme","10":"tag-fr","11":"tag-france","12":"tag-international","13":"tag-news","14":"tag-venise","15":"tag-world"},"share_on_mastodon":{"url":"https:\/\/pubeurope.com\/@fr\/115186375427899685","error":""},"_links":{"self":[{"href":"https:\/\/www.europesays.com\/fr\/wp-json\/wp\/v2\/posts\/383092","targetHints":{"allow":["GET"]}}],"collection":[{"href":"https:\/\/www.europesays.com\/fr\/wp-json\/wp\/v2\/posts"}],"about":[{"href":"https:\/\/www.europesays.com\/fr\/wp-json\/wp\/v2\/types\/post"}],"author":[{"embeddable":true,"href":"https:\/\/www.europesays.com\/fr\/wp-json\/wp\/v2\/users\/2"}],"replies":[{"embeddable":true,"href":"https:\/\/www.europesays.com\/fr\/wp-json\/wp\/v2\/comments?post=383092"}],"version-history":[{"count":0,"href":"https:\/\/www.europesays.com\/fr\/wp-json\/wp\/v2\/posts\/383092\/revisions"}],"wp:featuredmedia":[{"embeddable":true,"href":"https:\/\/www.europesays.com\/fr\/wp-json\/wp\/v2\/media\/383093"}],"wp:attachment":[{"href":"https:\/\/www.europesays.com\/fr\/wp-json\/wp\/v2\/media?parent=383092"}],"wp:term":[{"taxonomy":"category","embeddable":true,"href":"https:\/\/www.europesays.com\/fr\/wp-json\/wp\/v2\/categories?post=383092"},{"taxonomy":"post_tag","embeddable":true,"href":"https:\/\/www.europesays.com\/fr\/wp-json\/wp\/v2\/tags?post=383092"}],"curies":[{"name":"wp","href":"https:\/\/api.w.org\/{rel}","templated":true}]}}