{"id":383094,"date":"2025-09-11T15:29:11","date_gmt":"2025-09-11T15:29:11","guid":{"rendered":"https:\/\/www.europesays.com\/fr\/383094\/"},"modified":"2025-09-11T15:29:11","modified_gmt":"2025-09-11T15:29:11","slug":"appuye-par-dati-ce-musee-denonce-le-boycott-de-son-colloque-sur-lhistoire-des-juifs","status":"publish","type":"post","link":"https:\/\/www.europesays.com\/fr\/383094\/","title":{"rendered":"Appuy\u00e9 par Dati, ce mus\u00e9e d\u00e9nonce le boycott de son colloque sur l\u2019Histoire des Juifs"},"content":{"rendered":"<p>        <img decoding=\"async\" loading=\"lazy\" src=\"https:\/\/www.europesays.com\/fr\/wp-content\/uploads\/2025\/09\/a302c8c_upload-1-u7bmpcesb5fg-000-49h47e3.jpg\"  width=\"728\" height=\"409\" alt=\"Rachida Dati a d\u00e9nonc\u00e9 ce jeudi le boycott d\u2019un colloque sur l\u2019Histoire des Juifs de France.\"\/>  <\/p>\n<p>LUDOVIC MARIN \/ AFP<\/p>\n<p>Rachida Dati a d\u00e9nonc\u00e9 ce jeudi le boycott d\u2019un colloque sur l\u2019Histoire des Juifs de France.<\/p>\n<p class=\"asset asset-text\">POLITIQUE &#8211; L\u2019\u00e9tablissement d\u00e9nonce \u00ab\u00a0un boycott sans pr\u00e9c\u00e9dent\u00a0\u00bb. Plusieurs universitaires ont annul\u00e9 leur participation \u00e0 un colloque sur l\u2019histoire des Juifs de France, arguant notamment de motifs li\u00e9s \u00e0 la<a href=\"https:\/\/www.huffingtonpost.fr\/international\/article\/dans-la-ville-de-gaza-israel-frappe-une-tour-et-promet-d-encore-intensifier-son-etau_254465.html\" target=\"_blank\" rel=\"noopener\"> guerre \u00e0 Gaza<\/a>, indique ce jeudi 11\u00a0septembre le Mus\u00e9e d\u2019art et d\u2019histoire du juda\u00efsme (Mahj).<\/p>\n<p class=\"asset asset-text\">\u00ab\u00a0Cinq chercheurs fran\u00e7ais ont r\u00e9cemment annul\u00e9 leur participation\u00a0\u00bb au colloque \u00ab\u00a0les histoires juives de Paris (Moyen \u00c2ge et \u00c9poque moderne)\u00a0\u00bb organis\u00e9 les 15 et 16\u00a0septembre dans la capitale, affirme le mus\u00e9e dans un communiqu\u00e9. C\u2019est \u00ab\u00a0la premi\u00e8re fois depuis sa cr\u00e9ation en 1998\u00a0\u00bb qu\u2019un tel \u00e9v\u00e9nement se produit, ajoute-t-il, sans citer le nom des chercheurs concern\u00e9s. Une publication qui suscite un certain \u00e9moi dans la classe politique.<\/p>\n<p class=\"asset asset-text\">\u00ab\u00a0Trop, c\u2019est trop\u00a0!\u00a0\u00bb, a ainsi fustig\u00e9 la ministre de la Culture (et candidate \u00e0 la mairie de Paris) <a href=\"https:\/\/www.huffingtonpost.fr\/politique\/article\/rachida-dati-avantagee-la-candidate-ps-a-la-legislative-partielle-a-paris-reclame-un-report-du-scrutin_253938.html\" target=\"_blank\" rel=\"noopener\">Rachida Dati<\/a>. \u00ab\u00a0Ces appels au boycott r\u00e9p\u00e9t\u00e9s d\u2019artistes, de spectacles, de conf\u00e9rences, de blocages d\u2019\u00e9tablissements deviennent des pr\u00e9textes \u00e0 un antis\u00e9mitisme caract\u00e9ris\u00e9 et assum\u00e9. Ce n\u2019est plus une question d\u2019opinion, c\u2019est une question de justice et de politique p\u00e9nale\u00a0\u00bb, a-t-elle d\u00e9velopp\u00e9.<\/p>\n<p class=\"asset asset-text\">Pour Emmanuel Gr\u00e9goire, d\u00e9put\u00e9 PS, il s\u2019agit d\u2019un \u00ab\u00a0boycott honteux\u00a0\u00bb. Le socialiste, candidat aux prochaines \u00e9lections municipales, d\u00e9nonce une \u00ab\u00a0confusion coupable et une offense grave \u00e0 la libert\u00e9 acad\u00e9mique\u00a0\u00bb.<\/p>\n<p>                     Lien avec l\u2019universit\u00e9 h\u00e9bra\u00efque de J\u00e9rusalem    <\/p>\n<p class=\"asset asset-text\">Les chercheurs ont annul\u00e9 \u00ab\u00a0au pr\u00e9texte qu\u2019un programme de recherche\u00a0\u00bb de l\u2019Universit\u00e9 h\u00e9bra\u00efque de J\u00e9rusalem \u00ab\u00a0finan\u00e7ait la participation d\u2019une doctorante\u00a0\u00bb, selon le communiqu\u00e9 du mus\u00e9e. Certains \u00ab\u00a0ont argu\u00e9 du fait que leur participation \u00e9quivalait \u00e0 soutenir le gouvernement isra\u00e9lien (&#8230;). D\u2019autres ont simplement fait r\u00e9f\u00e9rence \u00e0 la guerre \u00e0 Gaza pour remettre en cause les modalit\u00e9s d\u2019organisation\u00a0\u00bb, poursuit l\u2019\u00e9tablissement, qui a maintenu le colloque tout en le remaniant.<\/p>\n<p class=\"asset asset-text\">\u00ab\u00a0Ce boycott (&#8230; ) dessert absurdement le monde universitaire isra\u00e9lien, dont certains repr\u00e9sentants figurent parmi les plus oppos\u00e9s \u00e0 la poursuite de la guerre \u00e0 Gaza\u00a0\u00bb et \u00ab\u00a0confond les chercheurs et les responsables politiques\u00a0\u00bb, estime-t-il.<\/p>\n<p class=\"asset asset-text\">\u00ab\u00a0Cela doit appeler des sanctions\u00a0\u00bb, a affirm\u00e9 \u00e0 l\u2019AFP Yonathan Arfi, pr\u00e9sident du Crif (Conseil repr\u00e9sentatif des institutions juives de France), en se disant \u00ab\u00a0malheureusement pas surpris, parce qu\u2019on est dans une p\u00e9riode o\u00f9 partout est en train de se poser une forme de chape de plomb avec une h\u00e9g\u00e9monie culturelle de l\u2019obsession et de la d\u00e9testation d\u2019Isra\u00ebl\u00a0\u00bb.<\/p>\n<p class=\"asset asset-text\">De son c\u00f4t\u00e9, la Licra a d\u00e9nonc\u00e9 sur X un \u00ab\u00a0crachat id\u00e9ologique\u00a0\u00bb qui \u00ab\u00a0fragilise le principe m\u00eame de la recherche en remettant en cause son autonomie\u00a0\u00bb. \u00ab\u00a0Conditionner la participation \u00e0 cet \u00e9v\u00e9nement au conflit de Gaza constitue une confusion dangereuse entre des r\u00e9alit\u00e9s sans rapport, et un amalgame qui fragilise la libert\u00e9 acad\u00e9mique\u00a0\u00bb, a affirm\u00e9 dans un communiqu\u00e9 Ariel Goldmann, pr\u00e9sident de la Fondation du juda\u00efsme fran\u00e7ais.<\/p>\n","protected":false},"excerpt":{"rendered":"LUDOVIC MARIN \/ AFP Rachida Dati a d\u00e9nonc\u00e9 ce jeudi le boycott d\u2019un colloque sur l\u2019Histoire des Juifs&hellip;\n","protected":false},"author":2,"featured_media":383095,"comment_status":"","ping_status":"","sticky":false,"template":"","format":"standard","meta":{"footnotes":""},"categories":[4],"tags":[11,7976,1011,27,665,51593,12,316,25,5768],"class_list":{"0":"post-383094","1":"post","2":"type-post","3":"status-publish","4":"format-standard","5":"has-post-thumbnail","7":"category-france","8":"tag-actualites","9":"tag-boycott","10":"tag-fr","11":"tag-france","12":"tag-gaza","13":"tag-juifs-de-france","14":"tag-news","15":"tag-politique","16":"tag-republique-francaise","17":"tag-universite"},"share_on_mastodon":{"url":"https:\/\/pubeurope.com\/@fr\/115186379434267157","error":""},"_links":{"self":[{"href":"https:\/\/www.europesays.com\/fr\/wp-json\/wp\/v2\/posts\/383094","targetHints":{"allow":["GET"]}}],"collection":[{"href":"https:\/\/www.europesays.com\/fr\/wp-json\/wp\/v2\/posts"}],"about":[{"href":"https:\/\/www.europesays.com\/fr\/wp-json\/wp\/v2\/types\/post"}],"author":[{"embeddable":true,"href":"https:\/\/www.europesays.com\/fr\/wp-json\/wp\/v2\/users\/2"}],"replies":[{"embeddable":true,"href":"https:\/\/www.europesays.com\/fr\/wp-json\/wp\/v2\/comments?post=383094"}],"version-history":[{"count":0,"href":"https:\/\/www.europesays.com\/fr\/wp-json\/wp\/v2\/posts\/383094\/revisions"}],"wp:featuredmedia":[{"embeddable":true,"href":"https:\/\/www.europesays.com\/fr\/wp-json\/wp\/v2\/media\/383095"}],"wp:attachment":[{"href":"https:\/\/www.europesays.com\/fr\/wp-json\/wp\/v2\/media?parent=383094"}],"wp:term":[{"taxonomy":"category","embeddable":true,"href":"https:\/\/www.europesays.com\/fr\/wp-json\/wp\/v2\/categories?post=383094"},{"taxonomy":"post_tag","embeddable":true,"href":"https:\/\/www.europesays.com\/fr\/wp-json\/wp\/v2\/tags?post=383094"}],"curies":[{"name":"wp","href":"https:\/\/api.w.org\/{rel}","templated":true}]}}