{"id":383102,"date":"2025-09-11T15:33:24","date_gmt":"2025-09-11T15:33:24","guid":{"rendered":"https:\/\/www.europesays.com\/fr\/383102\/"},"modified":"2025-09-11T15:33:24","modified_gmt":"2025-09-11T15:33:24","slug":"meurthe-et-moselle-nouvelles-dates-plus-de-cinemas-cine-cool-revient-dans-une-formule-differente","status":"publish","type":"post","link":"https:\/\/www.europesays.com\/fr\/383102\/","title":{"rendered":"Meurthe-et-Moselle. Nouvelles dates, plus de cin\u00e9mas, Cin\u00e9-Cool revient dans une formule diff\u00e9rente"},"content":{"rendered":"<p>Initi\u00e9e par le syndicat des directeurs de cin\u00e9mas de l\u2019Est, le syndicat des directeurs des cin\u00e9mas Rhin et Moselle, et l\u2019association des cin\u00e9mas ind\u00e9pendants de l\u2019Est, la 28e \u00a0\u00e9dition de Cin\u00e9-Cool, aura lieu du 17 au 21\u00a0septembre. Le rendez-vous affiche quelques changements notables, notamment la date de la manifestation, qui a lieu cette ann\u00e9e en septembre (<a href=\"https:\/\/www.estrepublicain.fr\/culture-loisirs\/2024\/08\/30\/grand-est-cine-cool-joue-les-tetes-d-affiche-jusqu-a-samedi\" target=\"_blank\" rel=\"noopener\">au lieu du mois d\u2019ao\u00fbt<\/a>), et sur cinq jours (au lieu de 8).<\/p>\n<p>\u00ab\u00a0Une modification qui a fait l\u2019objet d\u2019une large consultation, a indiqu\u00e9 Denis Blum, pr\u00e9sident de l\u2019association des cin\u00e9mas ind\u00e9pendants de l\u2019Est. Cela nous a permis de raccrocher d\u2019autres cin\u00e9mas et d\u2019autres circuits, notamment Kinepolis.\u00a0\u00bb<\/p>\n<p>\u00ab\u00a0En outre, en se positionnant \u00e0 la mi-septembre dans un format plus court, Cin\u00e9-Cool embrasse l\u2019\u00e9volution des strat\u00e9gies de l\u2019exploitation cin\u00e9matographique, privil\u00e9giant des calendriers de sortie des films attendus, forts et s\u00e9lectionn\u00e9s dans les grands festivals d\u2019\u00e9t\u00e9 (Cannes, Angoul\u00eame, Deauville, Venise) sur l\u2019apr\u00e8s-rentr\u00e9e scolaire. Une offre plus riche et plus vari\u00e9e qu\u2019appr\u00e9ciera notre public.\u00a0\u00bb<\/p>\n<p>Un public qui visiblement ne boude pas son plaisir, puisque cette op\u00e9ration accueille, chaque ann\u00e9e, entre 250\u00a0000\u00a0et 300\u00a0000 spectateurs.<\/p>\n<p>  Une offre plus riche et plus vari\u00e9e<\/p>\n<p>Ce qui ne change pas, en revanche, c\u2019est le principe de Cin\u00e9-Cool, qui propose un tarif pr\u00e9f\u00e9rentiel de 5\u00a0euros la s\u00e9ance, soit un prix inf\u00e9rieur de pr\u00e8s de 30\u00a0% au prix moyen habituel, et ce pour une quarantaine de films en avant-premi\u00e8re, dont certains pr\u00e9sent\u00e9s avec les \u00e9quipes. Le dispositif concerne \u00e9galement toutes les sorties du moment.<\/p>\n<p>Pr\u00e8s de 90 salles, issues de toute la grande r\u00e9gion ont r\u00e9pondu pr\u00e9sentes pour participer \u00e0 cette f\u00eate du cin\u00e9ma, qui ne conna\u00eet aucun \u00e9quivalent dans les autres r\u00e9gions de France, et qui b\u00e9n\u00e9ficie d\u2019un large soutien, notamment de la direction r\u00e9gionale des affaires culturelles du Grand Est, de la R\u00e9gion Grand Est, de Jeun\u2019Est, mais aussi de plusieurs m\u00e9dias, dont le groupe EBRA, (propri\u00e9taire de L\u2019Est R\u00e9publicain) et de la ville de Strasbourg.<\/p>\n<p class=\"insetTitle\">Meurthe-et-Moselle &#8211; Une dizaine d\u2019avant-premi\u00e8res avec r\u00e9alisateurs et acteurs<\/p>\n<p><strong> Arco \u00a0:<\/strong> dimanche\u00a021 \u00e0 14\u00a0h\u00a030 au Cam\u00e9o Commanderie de Nancy et une rencontre avec Ugo Bienvenu, r\u00e9alisateur.<\/p>\n<p><strong> Baise-en-ville \u00a0:<\/strong> jeudi\u00a018 \u00e0 19\u00a0h\u00a045 au Cam\u00e9o Commanderie et une rencontre avec Martin Jauvat, r\u00e9alisateur.<\/p>\n<p><strong> C\u2019\u00e9tait mieux demain \u00a0: <\/strong> mercredi\u00a017 \u00e0 20\u00a0h\u00a030 \u00e0 l\u2019UGC Cin\u00e9 Cit\u00e9 de Ludres. En pr\u00e9sence de la r\u00e9alisatrice Vinciane Millereau et des acteurs Didier Bourdon et Elsa Zylberstein.<\/p>\n<p><strong> Le Jour J \u00a0: <\/strong> dimanche\u00a021 \u00e0 14\u00a0h \u00e0 l\u2019UGC Cin\u00e9 Cit\u00e9 de Ludres. En pr\u00e9sence du r\u00e9alisateur Claude Zidi Jr. et de l\u2019acteur Kev Adams.<\/p>\n<p>Les Braises\u00a0: mercredi\u00a017 \u00e0 20\u00a0h\u00a015 au Cam\u00e9o Saint-S\u00e9bastien de Nancy et une rencontre avec Thomas Kruithof, r\u00e9alisateur.<\/p>\n<p><strong> M\u00e9t\u00e9ors\u00a0 : <\/strong> vendredi\u00a019 au Cam\u00e9o Saint-S\u00e9bastien de Nancy avec une rencontre avec Hubert Charuel, r\u00e9alisateur et le vendredi\u00a019 \u00e0 18\u00a0h au cin\u00e9ma Concorde de Pont-\u00e0-Mousson.<\/p>\n<p><strong> Nino \u00a0:<\/strong> samedi\u00a020 \u00e0 19\u00a0h\u00a045 au Cam\u00e9o Commanderie de Nancy et une rencontre avec Pauline Loqu\u00e9s, r\u00e9alisatrice.<\/p>\n<p><strong> T\u2019as pas chang\u00e9 \u00a0: <\/strong> samedi 20\u00a0septembre \u00e0 20\u00a0h\u00a015 au Kin\u00e9polis de Nancy avec le r\u00e9alisateur et acteur J\u00e9r\u00f4me Commandeure et le samedi\u00a020 \u00e0 20\u00a0h\u00a045 \u00e0 l\u2019UGC Cin\u00e9 Cit\u00e9 de Ludres.<\/p>\n","protected":false},"excerpt":{"rendered":"Initi\u00e9e par le syndicat des directeurs de cin\u00e9mas de l\u2019Est, le syndicat des directeurs des cin\u00e9mas Rhin et&hellip;\n","protected":false},"author":2,"featured_media":383103,"comment_status":"","ping_status":"","sticky":false,"template":"","format":"standard","meta":{"footnotes":""},"categories":[9635],"tags":[1111,11,650,1687,1707,1704,1706,1705,1777,674,1011,27,775,1702,1703,12,25],"class_list":{"0":"post-383102","1":"post","2":"type-post","3":"status-publish","4":"format-standard","5":"has-post-thumbnail","7":"category-nancy","8":"tag-actu","9":"tag-actualites","10":"tag-cinema","11":"tag-culture-loisirs","12":"tag-edition-luneville","13":"tag-edition-nancy-et-agglomeration","14":"tag-edition-pont-a-mousson","15":"tag-edition-toul","16":"tag-eu","17":"tag-europe","18":"tag-fr","19":"tag-france","20":"tag-grand-est","21":"tag-nancy","22":"tag-nancy-ville-54b","23":"tag-news","24":"tag-republique-francaise"},"share_on_mastodon":{"url":"https:\/\/pubeurope.com\/@fr\/115186394894219248","error":""},"_links":{"self":[{"href":"https:\/\/www.europesays.com\/fr\/wp-json\/wp\/v2\/posts\/383102","targetHints":{"allow":["GET"]}}],"collection":[{"href":"https:\/\/www.europesays.com\/fr\/wp-json\/wp\/v2\/posts"}],"about":[{"href":"https:\/\/www.europesays.com\/fr\/wp-json\/wp\/v2\/types\/post"}],"author":[{"embeddable":true,"href":"https:\/\/www.europesays.com\/fr\/wp-json\/wp\/v2\/users\/2"}],"replies":[{"embeddable":true,"href":"https:\/\/www.europesays.com\/fr\/wp-json\/wp\/v2\/comments?post=383102"}],"version-history":[{"count":0,"href":"https:\/\/www.europesays.com\/fr\/wp-json\/wp\/v2\/posts\/383102\/revisions"}],"wp:featuredmedia":[{"embeddable":true,"href":"https:\/\/www.europesays.com\/fr\/wp-json\/wp\/v2\/media\/383103"}],"wp:attachment":[{"href":"https:\/\/www.europesays.com\/fr\/wp-json\/wp\/v2\/media?parent=383102"}],"wp:term":[{"taxonomy":"category","embeddable":true,"href":"https:\/\/www.europesays.com\/fr\/wp-json\/wp\/v2\/categories?post=383102"},{"taxonomy":"post_tag","embeddable":true,"href":"https:\/\/www.europesays.com\/fr\/wp-json\/wp\/v2\/tags?post=383102"}],"curies":[{"name":"wp","href":"https:\/\/api.w.org\/{rel}","templated":true}]}}