{"id":38311,"date":"2025-04-20T07:23:11","date_gmt":"2025-04-20T07:23:11","guid":{"rendered":"https:\/\/www.europesays.com\/fr\/38311\/"},"modified":"2025-04-20T07:23:11","modified_gmt":"2025-04-20T07:23:11","slug":"un-homme-interpelle-pour-avoir-pousse-son-ex-compagne-hors-dune-voiture-en-marche-dans-une-rue-de-creteil","status":"publish","type":"post","link":"https:\/\/www.europesays.com\/fr\/38311\/","title":{"rendered":"Un homme interpell\u00e9 pour avoir pouss\u00e9 son ex-compagne hors d\u2019une voiture en marche dans une rue de Cr\u00e9teil"},"content":{"rendered":"<p class=\"paragraph text_align_left\">Ce sont des passants qui ont donn\u00e9 l\u2019alerte, apr\u00e8s avoir r\u00e9cup\u00e9r\u00e9 <a href=\"https:\/\/www.leparisien.fr\/val-de-marne-94\/feminicide-a-champigny-sur-marne-le-compagnon-de-perrine-incarcere-pour-meurtre-16-04-2025-JIQF76FQ55G27HDBEWQP7BRPPU.php\" target=\"_blank\" rel=\"noopener\">la victime<\/a> sur la chauss\u00e9e. Un homme, suspect\u00e9 d\u2019avoir pouss\u00e9 son ancienne compagne en dehors de son v\u00e9hicule dans une rue de Cr\u00e9teil, dans la nuit du vendredi au samedi 19\u00a0avril, a \u00e9t\u00e9 interpell\u00e9 \u00e0 plus de 40\u00a0km de l\u00e0, \u00e0 son domicile de Taverny (Val-d\u2019Oise). Il a \u00e9t\u00e9 imm\u00e9diatement ramen\u00e9 dans le Val-de-Marne pour y \u00eatre plac\u00e9 en garde \u00e0 vue.<\/p>\n<p class=\"paragraph text_align_left\">Tout d\u00e9marre \u00e0 23h10 par des coups de t\u00e9l\u00e9phone \u00e0 la police en provenance de passants et de riverains. Une femme vient d\u2019\u00eatre \u00e9ject\u00e9e de sa place passager par le conducteur d\u2019une voiture qui circulait \u00e0 vive allure. Dans la rue Claude-Debussy, \u00e0 deux pas du centre commercial Cr\u00e9teil-Soleil qui draine de nombreux clients dans les restaurants, cette tentative de f\u00e9minicide n\u2019est pas pass\u00e9e inaper\u00e7ue.<\/p>\n<p>Des blessures au visage, au torse et au bassin<\/p>\n<p class=\"paragraph text_align_left\">Rapidement arriv\u00e9s sur place, les policiers peuvent obtenir des premi\u00e8res explications de la victime, qui donne l\u2019adresse de son ancien compagnon vivant \u00e0 l\u2019autre bout de l\u2019\u00cele-de-France. Ces dires correspondent aux premiers t\u00e9moignages des t\u00e9moins et des effectifs de la brigade anticriminalit\u00e9 filent au domicile du suspect en esp\u00e9rant qu\u2019il y soit rentr\u00e9.<\/p>\n<p class=\"paragraph text_align_left\">La victime \u00ab\u00a0souffrant de blessures \u00e0 la t\u00eate et au torse\u00a0\u00bb, comme le d\u00e9crit un proche de l\u2019enqu\u00eate, est imm\u00e9diatement \u00e9vacu\u00e9e dans un \u00e9tat grave vers le centre hospitalier <a href=\"https:\/\/www.leparisien.fr\/val-de-marne-94\/au-chu-henri-mondor-monsieur-a-donne-son-rein-a-madame-pour-lui-offrir-une-nouvelle-vie-28-11-2024-CR7PQLVWM5BPXK73FJFYNIIXXI.php\" target=\"_blank\" rel=\"noopener\">Henri-Mondor<\/a>, \u00e0 Cr\u00e9teil. Son bassin semblerait \u00e9galement touch\u00e9. Son pronostic vital n\u2019est heureusement pas engag\u00e9.<\/p>\n<p class=\"paragraph text_align_left\">Les policiers cueilleront le suspect alors qu\u2019il rentrait chez lui \u00e0 Taverny, juste apr\u00e8s 1 heure du matin, soit pr\u00e8s de 2\u00a0heures apr\u00e8s les faits. Ils l\u2019ont directement ramen\u00e9 \u00e0 son point de d\u00e9part, afin qu\u2019il soit plac\u00e9 en garde \u00e0 vue \u00e0 l\u2019h\u00f4tel de police. \u00c0 ce stade, le commissariat de la ville pr\u00e9fecture du Val-de-Marne reste en charge du dossier.<\/p>\n","protected":false},"excerpt":{"rendered":"Ce sont des passants qui ont donn\u00e9 l\u2019alerte, apr\u00e8s avoir r\u00e9cup\u00e9r\u00e9 la victime sur la chauss\u00e9e. Un homme,&hellip;\n","protected":false},"author":2,"featured_media":38312,"comment_status":"","ping_status":"","sticky":false,"template":"","format":"standard","meta":{"footnotes":""},"categories":[1888],"tags":[11,1777,674,118,1011,27,1944,12,626,25,1125],"class_list":{"0":"post-38311","1":"post","2":"type-post","3":"status-publish","4":"format-standard","5":"has-post-thumbnail","7":"category-paris","8":"tag-actualites","9":"tag-eu","10":"tag-europe","11":"tag-faits-divers","12":"tag-fr","13":"tag-france","14":"tag-ma-ville","15":"tag-news","16":"tag-paris","17":"tag-republique-francaise","18":"tag-val-de-marne"},"share_on_mastodon":{"url":"https:\/\/pubeurope.com\/@fr\/114369095507467706","error":""},"_links":{"self":[{"href":"https:\/\/www.europesays.com\/fr\/wp-json\/wp\/v2\/posts\/38311","targetHints":{"allow":["GET"]}}],"collection":[{"href":"https:\/\/www.europesays.com\/fr\/wp-json\/wp\/v2\/posts"}],"about":[{"href":"https:\/\/www.europesays.com\/fr\/wp-json\/wp\/v2\/types\/post"}],"author":[{"embeddable":true,"href":"https:\/\/www.europesays.com\/fr\/wp-json\/wp\/v2\/users\/2"}],"replies":[{"embeddable":true,"href":"https:\/\/www.europesays.com\/fr\/wp-json\/wp\/v2\/comments?post=38311"}],"version-history":[{"count":0,"href":"https:\/\/www.europesays.com\/fr\/wp-json\/wp\/v2\/posts\/38311\/revisions"}],"wp:featuredmedia":[{"embeddable":true,"href":"https:\/\/www.europesays.com\/fr\/wp-json\/wp\/v2\/media\/38312"}],"wp:attachment":[{"href":"https:\/\/www.europesays.com\/fr\/wp-json\/wp\/v2\/media?parent=38311"}],"wp:term":[{"taxonomy":"category","embeddable":true,"href":"https:\/\/www.europesays.com\/fr\/wp-json\/wp\/v2\/categories?post=38311"},{"taxonomy":"post_tag","embeddable":true,"href":"https:\/\/www.europesays.com\/fr\/wp-json\/wp\/v2\/tags?post=38311"}],"curies":[{"name":"wp","href":"https:\/\/api.w.org\/{rel}","templated":true}]}}