{"id":383112,"date":"2025-09-11T15:40:13","date_gmt":"2025-09-11T15:40:13","guid":{"rendered":"https:\/\/www.europesays.com\/fr\/383112\/"},"modified":"2025-09-11T15:40:13","modified_gmt":"2025-09-11T15:40:13","slug":"le-comportement-inapproprie-envers-les-femmes-dun-medecin-du-chu-de-rouen","status":"publish","type":"post","link":"https:\/\/www.europesays.com\/fr\/383112\/","title":{"rendered":"Le \u00ab\u00a0comportement inappropri\u00e9\u00a0\u00bb envers les femmes d\u2019un m\u00e9decin du CHU de Rouen"},"content":{"rendered":"<p class=\"paragraph text_align_left lp-f-body-02\">La cour administrative d\u2019appel de Douai, qui a rendu publique son jugement ce jeudi, a d\u00e9savou\u00e9 un ancien gyn\u00e9cologue-obst\u00e9tricien du centre hospitalier universitaire (CHU) de Rouen (Seine-Maritime), dont le contrat n\u2019avait pas \u00e9t\u00e9 renouvel\u00e9 en septembre 2021 au vu de son \u00ab comportement inappropri\u00e9 \u00bb envers les \u00ab internes et stagiaires de sexe f\u00e9minin \u00bb.<\/p>\n<p class=\"paragraph text_align_left lp-f-body-02\">Ce m\u00e9decin contractuel recrut\u00e9 un an plus t\u00f4t avait saisi en premier lieu le tribunal administratif de Rouen, voyant dans cette d\u00e9cision une \u00ab sanction disciplinaire d\u00e9guis\u00e9e \u00bb qui avait \u00e9t\u00e9 prise \u00ab dans le seul but de l\u2019\u00e9vincer du CHU de Rouen \u00bb : des coll\u00e8gues voulaient \u00ab l\u2019emp\u00eacher d\u2019obtenir sa promotion comme Professeur des universit\u00e9s &#8211; Praticien hospitalier (PU-PH) \u00bb, \u00e9tait convaincu son avocat. Il en voulait pour preuve \u00ab l\u2019absence de neutralit\u00e9 et d\u2019impartialit\u00e9 \u00bb de l\u2019enqu\u00eate administrative men\u00e9e \u00e0 son encontre.<\/p>\n<p class=\"paragraph text_align_left lp-f-body-02\">D\u00e9bout\u00e9 par le tribunal administratif de Rouen en novembre 2023, son client avait alors fait appel : les t\u00e9moignages recueillis \u00e9taient \u00ab partiaux, partiels et non v\u00e9ridiques \u00bb, maintenait-il. \u00ab Ils ne permettent pas d\u2019\u00e9tablir la r\u00e9alit\u00e9 des accusations prof\u00e9r\u00e9es \u00e0 son encontre \u00bb, soutenait l\u2019avocat. \u00ab Celles-ci ne faisaient pas obstacle au bon fonctionnement du service. \u00bb<\/p>\n<p class=\"paragraph text_align_left lp-f-body-02\">Mais \u00ab un agent public qui a \u00e9t\u00e9 recrut\u00e9 par un contrat \u00e0 dur\u00e9e d\u00e9termin\u00e9e ne b\u00e9n\u00e9ficie ni d\u2019un droit au renouvellement de son contrat ni, \u00e0 plus forte raison, d\u2019un droit au maintien de ses clauses \u00bb, commence par rappeler de fa\u00e7on g\u00e9n\u00e9rale la cour administrative d\u2019appel de Douai dans son arr\u00eat en date du 25 juin 2025 rendu public ce jeudi.<\/p>\n<p>Des \u00ab questions insistantes, personnelles et d\u00e9plac\u00e9es \u00bb<\/p>\n<p class=\"paragraph text_align_left lp-f-body-02\">Or, dans cette affaire, c\u2019est \u00ab la plainte d\u2019une \u00e9l\u00e8ve sage-femme \u00bb sur le \u00ab comportement inappropri\u00e9 \u00bb du requ\u00e9rant qui avait d\u00e9clench\u00e9 une \u00ab enqu\u00eate interne \u00bb au CHU de Rouen. La commission de d\u00e9ontologie de la fac de m\u00e9decine de l\u2019universit\u00e9 de Rouen avait \u00e9galement \u00ab entendu plusieurs internes en gyn\u00e9cologie ainsi que plusieurs \u00e9tudiantes en ma\u00efeutique \u00bb, rappellent les juges d\u2019appel. \u00ab Ces diligences ont mis en \u00e9vidence le comportement r\u00e9guli\u00e8rement inappropri\u00e9 adopt\u00e9 par M. X \u00e0 l\u2019\u00e9gard des internes et stagiaires de sexe f\u00e9minin. \u00bb<\/p>\n<p class=\"paragraph text_align_left lp-f-body-02\">L\u2019enqu\u00eate avait \u00e9galement permis de r\u00e9v\u00e9ler \u00ab diverses difficult\u00e9s dans sa mani\u00e8re de servir et dans ses relations avec les membres des \u00e9quipes soignantes \u00bb, fait observer la cour administrative d\u2019appel de Douai. \u00ab Le refus de renouveler son contrat a \u00e9t\u00e9 pris dans le seul int\u00e9r\u00eat du service (\u2026) et ne rev\u00eat pas le caract\u00e8re d\u2019une sanction disciplinaire d\u00e9guis\u00e9e. \u00bb<\/p>\n<p class=\"paragraph text_align_left lp-f-body-02\">Des \u00ab questions insistantes, personnelles et d\u00e9plac\u00e9es \u00bb \u00e9taient ainsi pos\u00e9es aux jeunes femmes qui travaillaient aux c\u00f4t\u00e9s du m\u00e9decin et \u00e9taient \u00ab de nature \u00e0 faire na\u00eetre chez elles un sentiment de malaise \u00bb. Une \u00ab tentative de s\u00e9duction inappropri\u00e9e \u00bb sur l\u2019une d\u2019elles, le 25 mai 2021, avait m\u00eame \u00e9t\u00e9 \u00ab v\u00e9cue par elle comme une agression \u00bb. Enfin, le requ\u00e9rant a \u00ab montr\u00e9 \u00e0 plusieurs reprises (\u2026) des images et vid\u00e9os \u00e0 connotation sexuelle \u00bb au sein de son service.<\/p>\n<p class=\"paragraph text_align_left lp-f-body-02\">\u00ab Les attestations dans lesquelles d\u2019anciens coll\u00e8gues mentionnent ne pas avoir constat\u00e9 de comportement de ce type par le pass\u00e9 ne suffisent pas \u00e0 \u00e9tablir l\u2019inexactitude des faits \u00bb, conclut la cour administrative d\u2019appel de Douai.<\/p>\n<p class=\"paragraph text_align_left lp-f-body-02\">\u00ab Compte tenu de l\u2019incidence n\u00e9gative que ces comportements \u00e9taient susceptibles d\u2019exercer sur le fonctionnement du service et, par suite, sur la qualit\u00e9 des soins, ces consid\u00e9rations &#8211; quand bien m\u00eame elles n\u2019ont pas emp\u00each\u00e9 la poursuite de la relation de travail jusqu\u2019\u00e0 son terme &#8211; \u00e9taient de nature \u00e0 justifier que celle-ci ne soit pas poursuivie. \u00bb Le m\u00e9decin a donc \u00e9t\u00e9 d\u00e9bout\u00e9 et devra m\u00eame verser 2 000 euros au CHU de Rouen pour ses frais de justice.<\/p>\n","protected":false},"excerpt":{"rendered":"La cour administrative d\u2019appel de Douai, qui a rendu publique son jugement ce jeudi, a d\u00e9savou\u00e9 un ancien&hellip;\n","protected":false},"author":2,"featured_media":383113,"comment_status":"","ping_status":"","sticky":false,"template":"","format":"standard","meta":{"footnotes":""},"categories":[9587],"tags":[1111,917,11,459,1777,674,118,1011,27,12,5161,25,9590,11074],"class_list":{"0":"post-383112","1":"post","2":"type-post","3":"status-publish","4":"format-standard","5":"has-post-thumbnail","7":"category-rouen","8":"tag-actu","9":"tag-actu-locale","10":"tag-actualites","11":"tag-departements-horsidfo","12":"tag-eu","13":"tag-europe","14":"tag-faits-divers","15":"tag-fr","16":"tag-france","17":"tag-news","18":"tag-normandie","19":"tag-republique-francaise","20":"tag-rouen","21":"tag-seine-maritime-76"},"share_on_mastodon":{"url":"https:\/\/pubeurope.com\/@fr\/115186422546975577","error":""},"_links":{"self":[{"href":"https:\/\/www.europesays.com\/fr\/wp-json\/wp\/v2\/posts\/383112","targetHints":{"allow":["GET"]}}],"collection":[{"href":"https:\/\/www.europesays.com\/fr\/wp-json\/wp\/v2\/posts"}],"about":[{"href":"https:\/\/www.europesays.com\/fr\/wp-json\/wp\/v2\/types\/post"}],"author":[{"embeddable":true,"href":"https:\/\/www.europesays.com\/fr\/wp-json\/wp\/v2\/users\/2"}],"replies":[{"embeddable":true,"href":"https:\/\/www.europesays.com\/fr\/wp-json\/wp\/v2\/comments?post=383112"}],"version-history":[{"count":0,"href":"https:\/\/www.europesays.com\/fr\/wp-json\/wp\/v2\/posts\/383112\/revisions"}],"wp:featuredmedia":[{"embeddable":true,"href":"https:\/\/www.europesays.com\/fr\/wp-json\/wp\/v2\/media\/383113"}],"wp:attachment":[{"href":"https:\/\/www.europesays.com\/fr\/wp-json\/wp\/v2\/media?parent=383112"}],"wp:term":[{"taxonomy":"category","embeddable":true,"href":"https:\/\/www.europesays.com\/fr\/wp-json\/wp\/v2\/categories?post=383112"},{"taxonomy":"post_tag","embeddable":true,"href":"https:\/\/www.europesays.com\/fr\/wp-json\/wp\/v2\/tags?post=383112"}],"curies":[{"name":"wp","href":"https:\/\/api.w.org\/{rel}","templated":true}]}}