{"id":383122,"date":"2025-09-11T15:45:22","date_gmt":"2025-09-11T15:45:22","guid":{"rendered":"https:\/\/www.europesays.com\/fr\/383122\/"},"modified":"2025-09-11T15:45:22","modified_gmt":"2025-09-11T15:45:22","slug":"un-pieton-dans-un-etat-grave-apres-avoir-ete-percute-par-un-conducteur-en-fuite","status":"publish","type":"post","link":"https:\/\/www.europesays.com\/fr\/383122\/","title":{"rendered":"Un pi\u00e9ton dans un \u00e9tat grave apr\u00e8s avoir \u00e9t\u00e9 percut\u00e9 par un conducteur en fuite"},"content":{"rendered":"<p>Un grave <a href=\"https:\/\/www.20minutes.fr\/dossier\/accident_de_la_route\" class=\"c-link c-link--is-underlined\" target=\"_blank\" rel=\"noopener\">accident de la circulation<\/a> s\u2019est produit ce jeudi apr\u00e8s-midi dans le secteur nord de Rennes. Un peu avant 15 heures, un homme d\u2019une trentaine d\u2019ann\u00e9es qui traversait sur un passage pi\u00e9ton a \u00e9t\u00e9 renvers\u00e9 par une voiture au niveau de l\u2019avenue Charles et Raymonde Tillon.<\/p>\n<p>Rapidement sur place, les secours ont pris en charge la victime qui a \u00e9t\u00e9 transport\u00e9e en urgence absolue par les \u00e9quipes du Smur vers le CHU Pontchaillou. Apr\u00e8s la collision, le conducteur du v\u00e9hicule impliqu\u00e9 <a href=\"https:\/\/www.20minutes.fr\/dossier\/delit_de_fuite\" class=\"c-link c-link--is-underlined\" target=\"_blank\" rel=\"noopener\">a pris la fuite<\/a>. Une enqu\u00eate a \u00e9t\u00e9 ouverte <a href=\"https:\/\/www.20minutes.fr\/dossier\/police\" class=\"c-link c-link--is-underlined\" target=\"_blank\" rel=\"noopener\">par la police<\/a> pour tenter de le retrouver.<\/p>\n","protected":false},"excerpt":{"rendered":"Un grave accident de la circulation s\u2019est produit ce jeudi apr\u00e8s-midi dans le secteur nord de Rennes. Un&hellip;\n","protected":false},"author":2,"featured_media":383123,"comment_status":"","ping_status":"","sticky":false,"template":"","format":"standard","meta":{"footnotes":""},"categories":[2821],"tags":[119,4376,1111,47,11,829,4504,19462,1777,674,118,7641,1011,27,848,12,10636,584,25],"class_list":{"0":"post-383122","1":"post","2":"type-post","3":"status-publish","4":"format-standard","5":"has-post-thumbnail","7":"category-rennes","8":"tag-accident","9":"tag-accident-de-la-route","10":"tag-actu","11":"tag-actualite","12":"tag-actualites","13":"tag-bretagne","14":"tag-collision","15":"tag-delit-de-fuite","16":"tag-eu","17":"tag-europe","18":"tag-faits-divers","19":"tag-faits-divers-rennes","20":"tag-fr","21":"tag-france","22":"tag-ille-et-vilaine","23":"tag-news","24":"tag-pietons","25":"tag-rennes","26":"tag-republique-francaise"},"share_on_mastodon":{"url":"https:\/\/pubeurope.com\/@fr\/115186442298124250","error":""},"_links":{"self":[{"href":"https:\/\/www.europesays.com\/fr\/wp-json\/wp\/v2\/posts\/383122","targetHints":{"allow":["GET"]}}],"collection":[{"href":"https:\/\/www.europesays.com\/fr\/wp-json\/wp\/v2\/posts"}],"about":[{"href":"https:\/\/www.europesays.com\/fr\/wp-json\/wp\/v2\/types\/post"}],"author":[{"embeddable":true,"href":"https:\/\/www.europesays.com\/fr\/wp-json\/wp\/v2\/users\/2"}],"replies":[{"embeddable":true,"href":"https:\/\/www.europesays.com\/fr\/wp-json\/wp\/v2\/comments?post=383122"}],"version-history":[{"count":0,"href":"https:\/\/www.europesays.com\/fr\/wp-json\/wp\/v2\/posts\/383122\/revisions"}],"wp:featuredmedia":[{"embeddable":true,"href":"https:\/\/www.europesays.com\/fr\/wp-json\/wp\/v2\/media\/383123"}],"wp:attachment":[{"href":"https:\/\/www.europesays.com\/fr\/wp-json\/wp\/v2\/media?parent=383122"}],"wp:term":[{"taxonomy":"category","embeddable":true,"href":"https:\/\/www.europesays.com\/fr\/wp-json\/wp\/v2\/categories?post=383122"},{"taxonomy":"post_tag","embeddable":true,"href":"https:\/\/www.europesays.com\/fr\/wp-json\/wp\/v2\/tags?post=383122"}],"curies":[{"name":"wp","href":"https:\/\/api.w.org\/{rel}","templated":true}]}}