{"id":383124,"date":"2025-09-11T15:46:15","date_gmt":"2025-09-11T15:46:15","guid":{"rendered":"https:\/\/www.europesays.com\/fr\/383124\/"},"modified":"2025-09-11T15:46:15","modified_gmt":"2025-09-11T15:46:15","slug":"lingolsheim-conferences-spectacles-sport-decouvrez-les-nouvelles-propositions-du-centre-socioculturel","status":"publish","type":"post","link":"https:\/\/www.europesays.com\/fr\/383124\/","title":{"rendered":"Lingolsheim. Conf\u00e9rences, spectacles, sport&#8230; D\u00e9couvrez les nouvelles propositions du centre socioculturel"},"content":{"rendered":"<p>Au centre socioculturel, l\u2019\u00e9t\u00e9 a \u00e9t\u00e9 riche en rencontres et partage, avec pr\u00e8s de huit semaines d\u2019animations pour les enfants et les jeunes \u2013 y compris des s\u00e9jours \u2013, des spectacles tout public chaque vendredi soir suivis d\u2019un repas, plusieurs sorties interg\u00e9n\u00e9rationnelles, des cours de fran\u00e7ais\u2026 L\u2019\u00e9quipe de L\u2019Albatros se mobilise d\u00e9sormais autour de sa nouvelle programmation 2025\/2026.<\/p>\n<p>  Sophrologie et sport au f\u00e9minin<\/p>\n<p>Cette saison, les activit\u00e9s de loisirs se poursuivent comme l\u2019aquagym, le sport sant\u00e9 et la gym s\u00e9niors. Mais de nouvelles propositions font aussi leur apparition. Le public pourra ainsi s\u2019initier \u00e0 la danse, le mercredi soir, \u00e0 travers des s\u00e9ances anim\u00e9es par Sylvie de 19\u00a0h \u00e0 20\u00a0h. Le but\u00a0: apprendre les pas de base de plus d\u2019une douzaine de danses\u00a0! Pas besoin d\u2019\u00eatre accompagn\u00e9 pour participer. Sara, quant \u00e0 elle, proposera le mardi soir de 19\u00a0h \u00e0 20\u00a0h un cours de Pilates.<\/p>\n<p>Ce contenu est bloqu\u00e9 car vous n&rsquo;avez pas accept\u00e9 les cookies et autres traceurs.<\/p>\n<p>En cliquant sur \u00ab J\u2019accepte \u00bb, les cookies et autres traceurs seront d\u00e9pos\u00e9s et vous pourrez visualiser les contenus  (<a href=\"\" class=\"consentModule_policy\" target=\"_blank\" title=\"Consulter la politique de protection des donn\u00e9es du fournisseur\">plus d&rsquo;informations<\/a>).<\/p>\n<p>En cliquant sur \u00ab J\u2019accepte tous les cookies \u00bb, vous autorisez des d\u00e9p\u00f4ts de cookies et autres traceurs pour le stockage de vos donn\u00e9es sur nos sites et applications \u00e0 des fins de personnalisation et de ciblage publicitaire.<\/p>\n<p class=\"consentModule_secondaryText\">Vous gardez la possibilit\u00e9 de retirer votre consentement \u00e0 tout moment en consultant notre <a href=\"https:\/\/www.dna.fr\/protection-des-donnees\" target=\"_blank\" title=\"Consulter notre politique de protection des donn\u00e9es\" rel=\"noopener\">politique de protection des donn\u00e9es<\/a>. <br \/>&#13;<br \/>\n            <a href=\"https:\/\/www.dna.fr\/culture-loisirs\/2025\/09\/11\/javascript:Didomi.notice.show()\" class=\"consentModule_cmp\" target=\"_blank\" rel=\"noopener\">G\u00e9rer mes choix<\/a>&#13;\n        <\/p>\n<p>&#13;<br \/>\n                        J&rsquo;accepte&#13;<br \/>\n            J&rsquo;accepte tous les cookies&#13;\n        <\/p>\n<p>D\u00e8s janvier, chaque mois, une s\u00e9ance de sophrologie se tiendra le mardi matin. Derni\u00e8re nouveaut\u00e9 de la rentr\u00e9e\u00a0: un cours de sport au f\u00e9minin, adaptable aux envies, le jeudi de 10\u00a0h \u00e0 11\u00a0h.<\/p>\n<p>La semaine de reprise d\u00e9butera ce lundi 15\u00a0septembre. La premi\u00e8re s\u00e9ance d\u2019essai est offerte, l\u2019occasion de tester les activit\u00e9s. Le programme du CSC est consultable sur le site internet (*) et disponible dans les structures partenaires de la ville de Lingolsheim.<\/p>\n<p>  Un th\u00e9 dansant le 21\u00a0septembre<\/p>\n<p>Bien \u00e9videmment, <a href=\"https:\/\/www.dna.fr\/social\/2024\/03\/05\/l-albatros-prend-un-nouvel-envol\" target=\"_blank\" rel=\"noopener\">L\u2019Albatros<\/a> poursuit ses \u00e9v\u00e8nements tout au long de l\u2019ann\u00e9e. Le dimanche 21\u00a0septembre (14\u00a0h \u00e0 18\u00a0h), rendez-vous est donn\u00e9 pour un th\u00e9 dansant, le 28\u00a0septembre (10\u00a0h\u00a030 \u00e0 13\u00a0h\u00a030) autour d\u2019un brunch \u00e0 volont\u00e9. Mardi 23\u00a0septembre aura lieu une conf\u00e9rence (\u00e0 20\u00a0h) sur l\u2019impact des modes de transport sur la qualit\u00e9 de l\u2019air.<\/p>\n<p class=\"note\">(*) Le programme et les horaires sur\u00a0: <a title=\"albatros.centres-sociaux.fr\" href=\"https:\/\/albatros.centres-sociaux.fr\/\" target=\"_blank\" rel=\"noopener\">https\u00a0:\/\/albatros.centres -sociaux.fr\/<\/a><\/p>\n","protected":false},"excerpt":{"rendered":"Au centre socioculturel, l\u2019\u00e9t\u00e9 a \u00e9t\u00e9 riche en rencontres et partage, avec pr\u00e8s de huit semaines d\u2019animations pour&hellip;\n","protected":false},"author":2,"featured_media":383125,"comment_status":"","ping_status":"","sticky":false,"template":"","format":"standard","meta":{"footnotes":""},"categories":[2820],"tags":[1111,11,1687,2880,1777,674,107,1011,27,775,24067,12,25,640,3089],"class_list":{"0":"post-383124","1":"post","2":"type-post","3":"status-publish","4":"format-standard","5":"has-post-thumbnail","7":"category-strasbourg","8":"tag-actu","9":"tag-actualites","10":"tag-culture-loisirs","11":"tag-edition-strasbourg","12":"tag-eu","13":"tag-europe","14":"tag-fil-info","15":"tag-fr","16":"tag-france","17":"tag-grand-est","18":"tag-lingolsheim","19":"tag-news","20":"tag-republique-francaise","21":"tag-strasbourg","22":"tag-strasbourg-sud"},"share_on_mastodon":{"url":"https:\/\/pubeurope.com\/@fr\/115186446173953730","error":""},"_links":{"self":[{"href":"https:\/\/www.europesays.com\/fr\/wp-json\/wp\/v2\/posts\/383124","targetHints":{"allow":["GET"]}}],"collection":[{"href":"https:\/\/www.europesays.com\/fr\/wp-json\/wp\/v2\/posts"}],"about":[{"href":"https:\/\/www.europesays.com\/fr\/wp-json\/wp\/v2\/types\/post"}],"author":[{"embeddable":true,"href":"https:\/\/www.europesays.com\/fr\/wp-json\/wp\/v2\/users\/2"}],"replies":[{"embeddable":true,"href":"https:\/\/www.europesays.com\/fr\/wp-json\/wp\/v2\/comments?post=383124"}],"version-history":[{"count":0,"href":"https:\/\/www.europesays.com\/fr\/wp-json\/wp\/v2\/posts\/383124\/revisions"}],"wp:featuredmedia":[{"embeddable":true,"href":"https:\/\/www.europesays.com\/fr\/wp-json\/wp\/v2\/media\/383125"}],"wp:attachment":[{"href":"https:\/\/www.europesays.com\/fr\/wp-json\/wp\/v2\/media?parent=383124"}],"wp:term":[{"taxonomy":"category","embeddable":true,"href":"https:\/\/www.europesays.com\/fr\/wp-json\/wp\/v2\/categories?post=383124"},{"taxonomy":"post_tag","embeddable":true,"href":"https:\/\/www.europesays.com\/fr\/wp-json\/wp\/v2\/tags?post=383124"}],"curies":[{"name":"wp","href":"https:\/\/api.w.org\/{rel}","templated":true}]}}