{"id":383131,"date":"2025-09-11T15:50:21","date_gmt":"2025-09-11T15:50:21","guid":{"rendered":"https:\/\/www.europesays.com\/fr\/383131\/"},"modified":"2025-09-11T15:50:21","modified_gmt":"2025-09-11T15:50:21","slug":"luniversite-permanente-de-blain-fait-sa-rentree-et-fete-ses-50-ans","status":"publish","type":"post","link":"https:\/\/www.europesays.com\/fr\/383131\/","title":{"rendered":"L\u2019Universit\u00e9 permanente de Blain fait sa rentr\u00e9e et f\u00eate ses 50\u00a0ans"},"content":{"rendered":"<p>Forte de quelque 260\u00a0adh\u00e9rents qui viennent de 25\u00a0communes des alentours de Blain (Loire-Atlantique), l\u2019antenne locale de l\u2019Universit\u00e9 permanente pr\u00e9pare activement cette rentr\u00e9e de la saison 2025-2026.<\/p>\n<p>\u00a0Cette ann\u00e9e, nous allons f\u00eater les 50\u00a0ans de ce service universitaire atypique, annoncent Elisabeth Willis et Marie-Odile Morandeau, copr\u00e9sidentes de l\u2019antenne blinoise. L\u2019objectif de cette structure est de rendre accessible \u00e0 tous les publics, sans condition d\u2019\u00e2ge ni de niveau de formation, la culture et la connaissance.\u00a0<\/p>\n<p>On pourrait y ajouter\u00a0: sans condition de genre. \u00a0Il est vrai que nos adh\u00e9rents sont \u00e0 80\u00a0% des femmes et dans l\u2019immense majorit\u00e9, des retrait\u00e9es\u00a0\u00bb, convient Elisabeth Willis. Pourtant, \u00a0l\u2019Universit\u00e9 permanente est ouverte \u00e0 ceux qui ont en commun l\u2019envie de stimuler leur esprit. Et pour ceux que le terme universit\u00e9 impressionne, il n\u2019y a pas de pr\u00e9requis dans le domaine du niveau de formation\u00a0\u00bb, rappellent les copr\u00e9sidentes.<\/p>\n<p>La premi\u00e8re des neuf\u00a0conf\u00e9rences au programme, qui se tiendra mardi 14\u00a0octobre, abordera \u00a0les 50\u00a0ans qui ont r\u00e9volutionn\u00e9 la fabrication de l\u2019information\u00a0\u00bb.<\/p>\n<p>L\u2019antenne blinoise propose aussi des cours. \u00a0Cette ann\u00e9e, six\u00a0cours de deux heures aborderont la petite histoire de l\u2019art, de Lascaux \u00e0 Rothko, un peintre am\u00e9ricain, class\u00e9 parmi les repr\u00e9sentants de l\u2019expressionnisme abstrait\u00a0\u00bb, d\u00e9voile Marie-Odile Morandeau.<\/p>\n<p>Peut-\u00eatre une sortie culturelle \u00e0 Prague<\/p>\n<p>Autre particularit\u00e9\u00a0: l\u2019antenne blinoise de l\u2019Universit\u00e9 permanente, propose, tout au long de l\u2019ann\u00e9e, des sorties culturelles, le plus souvent \u00e0 la journ\u00e9e. \u00a0Nous envisageons toutefois cette ann\u00e9e une escapade jusqu\u2019\u00e0 Prague, capitale historique du royaume de Boh\u00eame et berceau du peuple tch\u00e8que, annonce Elisabeth Willis. Nous en dirons plus sur les conditions de participation quand ce projet sera finalis\u00e9.\u00a0<\/p>\n<p>L\u2019adh\u00e9sion annuelle de 25\u00a0\u20ac donne acc\u00e8s aux neuf\u00a0conf\u00e9rences, qui se tiennent au cin\u00e9ma Saint-Laurent, ainsi qu\u2019\u00e0 celles organis\u00e9es \u00e0 Nantes et dans les autres antennes.<\/p>\n<p><strong>Contact.<\/strong> Marie-Odile Morandeau, t\u00e9l.\u00a007\u00a070\u00a054\u00a087\u00a096\u00a0; \u00c9lisabeth Willis, t\u00e9l.\u00a006\u00a073\u00a071\u00a088\u00a076 et up.blain@univ-nantes.fr.<\/p>\n<p>\u00a0<\/p>\n","protected":false},"excerpt":{"rendered":"Forte de quelque 260\u00a0adh\u00e9rents qui viennent de 25\u00a0communes des alentours de Blain (Loire-Atlantique), l\u2019antenne locale de l\u2019Universit\u00e9 permanente&hellip;\n","protected":false},"author":2,"featured_media":383132,"comment_status":"","ping_status":"","sticky":false,"template":"","format":"standard","meta":{"footnotes":""},"categories":[2818],"tags":[9285,1111,11,1764,11382,1777,674,21,4768,1011,27,766,12,2636,30991,28313,25,3272,5768],"class_list":{"0":"post-383131","1":"post","2":"type-post","3":"status-publish","4":"format-standard","5":"has-post-thumbnail","7":"category-nantes","8":"tag-9285","9":"tag-actu","10":"tag-actualites","11":"tag-ans","12":"tag-blain","13":"tag-eu","14":"tag-europe","15":"tag-fait","16":"tag-fete","17":"tag-fr","18":"tag-france","19":"tag-nantes","20":"tag-news","21":"tag-pays-de-la-loire","22":"tag-permanente","23":"tag-rentree","24":"tag-republique-francaise","25":"tag-saint-nazaire","26":"tag-universite"},"share_on_mastodon":{"url":"https:\/\/pubeurope.com\/@fr\/115186461909764692","error":""},"_links":{"self":[{"href":"https:\/\/www.europesays.com\/fr\/wp-json\/wp\/v2\/posts\/383131","targetHints":{"allow":["GET"]}}],"collection":[{"href":"https:\/\/www.europesays.com\/fr\/wp-json\/wp\/v2\/posts"}],"about":[{"href":"https:\/\/www.europesays.com\/fr\/wp-json\/wp\/v2\/types\/post"}],"author":[{"embeddable":true,"href":"https:\/\/www.europesays.com\/fr\/wp-json\/wp\/v2\/users\/2"}],"replies":[{"embeddable":true,"href":"https:\/\/www.europesays.com\/fr\/wp-json\/wp\/v2\/comments?post=383131"}],"version-history":[{"count":0,"href":"https:\/\/www.europesays.com\/fr\/wp-json\/wp\/v2\/posts\/383131\/revisions"}],"wp:featuredmedia":[{"embeddable":true,"href":"https:\/\/www.europesays.com\/fr\/wp-json\/wp\/v2\/media\/383132"}],"wp:attachment":[{"href":"https:\/\/www.europesays.com\/fr\/wp-json\/wp\/v2\/media?parent=383131"}],"wp:term":[{"taxonomy":"category","embeddable":true,"href":"https:\/\/www.europesays.com\/fr\/wp-json\/wp\/v2\/categories?post=383131"},{"taxonomy":"post_tag","embeddable":true,"href":"https:\/\/www.europesays.com\/fr\/wp-json\/wp\/v2\/tags?post=383131"}],"curies":[{"name":"wp","href":"https:\/\/api.w.org\/{rel}","templated":true}]}}