{"id":383145,"date":"2025-09-11T15:57:17","date_gmt":"2025-09-11T15:57:17","guid":{"rendered":"https:\/\/www.europesays.com\/fr\/383145\/"},"modified":"2025-09-11T15:57:17","modified_gmt":"2025-09-11T15:57:17","slug":"berlouffes-braderie-solidaire-maneges-expos-que-faire-ce-week-end-du-cote-de-lille","status":"publish","type":"post","link":"https:\/\/www.europesays.com\/fr\/383145\/","title":{"rendered":"Berlouffes, braderie solidaire, man\u00e8ges, expos&#8230; Que faire ce week-end du c\u00f4t\u00e9 de Lille\u00a0?"},"content":{"rendered":"<p>            Par<br \/>\n        <strong><br \/>\n            <a href=\"https:\/\/actu.fr\/auteur\/amandine-vachez\" title=\"Consulter tous les articles de Amandine Vachez\" rel=\"nofollow noopener\" target=\"_blank\">Amandine Vachez<\/a><br \/>\n        <\/strong><\/p>\n<p>        Publi\u00e9 le<\/p>\n<p>            11 sept. 2025 \u00e0 16h50        <\/p>\n<p>La <a href=\"https:\/\/actu.fr\/tag\/braderie-de-lille\" rel=\"nofollow noopener\" target=\"_blank\">Braderie de Lille<\/a> (Nord) pass\u00e9e, l\u2019heure est au calme dans la ville\u2026 ou presque. Le <b>week-end des samedi 13 et 14 septembre 2025<\/b>, divers \u00e9v\u00e9nements animeront la m\u00e9tropole lilloise. Pour vous guider dans votre organisation, voici quelques <b>id\u00e9es de sorties<\/b>, rep\u00e9r\u00e9es par la r\u00e9daction.<\/p>\n<p>Nos suggestions sur Lille<\/p>\n<ul class=\" wall-content\">\n<li><b><a href=\"https:\/\/actu.fr\/hauts-de-france\/lille_59350\/a-lille-deux-jours-de-braderie-festive-et-solidaire-au-profit-des-clowns-de-lespoir_63140052.html\" rel=\"nofollow noopener\" target=\"_blank\">\u00c0 Lille, deux jours de braderie festive et solidaire au profit des Clowns de l\u2019espoir<\/a><\/b><\/li>\n<\/ul>\n<p class=\" wall-content\">C\u2019est un bon plan, et c\u2019est pour la bonne cause\u2009! Une braderie festive et solidaire au profit des Clowns de l\u2019espoir, est pr\u00e9vue les 12 et 13 septembre \u00e0 Lille.<\/p>\n<ul class=\" wall-content\">\n<li><b><a href=\"https:\/\/actu.fr\/hauts-de-france\/lille_59350\/la-foire-aux-maneges-de-lille-ouvre-ses-portes-ce-samedi-30-aout_63093159.html\" rel=\"nofollow noopener\" target=\"_blank\">La foire aux man\u00e8ges de Lille bat son plein sur le Champ de Mars<\/a><\/b><\/li>\n<\/ul>\n<p class=\" wall-content\">Elle est de retour ! La troisi\u00e8me plus grande f\u00eate foraine de France revient \u00e0 Lille pour un mois de festivit\u00e9s et de sensations fortes. Les grandes lignes de cette \u00e9dition.<\/p>\n<ul class=\" wall-content\">\n<li><b><a href=\"https:\/\/actu.fr\/hauts-de-france\/lille_59350\/au-tripostal-de-lille-decouvrez-lexposition-pom-pom-pidou-avec-103-artistes_62806897.html\" rel=\"nofollow noopener\" target=\"_blank\">Au Tripostal de Lille, d\u00e9couvrez l\u2019exposition \u00a0\u00bb Pom Pom Pidou \u00a0\u00bb avec 103 artistes<\/a><\/b><\/li>\n<\/ul>\n<p class=\" wall-content\">Ne passez pas \u00e0 c\u00f4t\u00e9 de l\u2019exposition Pom Pom Pidou au Tripostal Vous y retrouverez les \u0153uvres parfois d\u00e9routantes de 103 artistes !<\/p>\n<ul class=\" wall-content\">\n<li><b><a href=\"https:\/\/actu.fr\/hauts-de-france\/lille_59350\/bon-plan-a-lille-decathlon-propose-plus-de-250-velos-a-tout-petits-prix-ce-week-end-au-btwin-village_63136586.html\" rel=\"nofollow noopener\" target=\"_blank\">Decathlon propose plus de 250 v\u00e9los \u00e0 tout petits prix ce week-end au B\u2019twin Village<\/a><\/b><\/li>\n<\/ul>\n<p>Votre r\u00e9gion, votre actu !<\/p>\n<p>Recevez chaque jour les infos qui comptent pour vous.<\/p>\n<p>\t<a href=\"https:\/\/actu.fr\/newsletter\" class=\"ac-btn ac-btn--corner ac-btn--medium ac-btn--blue800\" rel=\"nofollow noopener\" target=\"_blank\">S&rsquo;incrire<\/a><\/p>\n<p class=\" wall-content\">C\u2019est un bon plan bien connu \u00e0 Lille ! Samedi et dimanche, l\u2019enseigne Decathlon propose \u00e0 nouveau sa vente de v\u00e9los \u00e0 petits prix au B\u2019twin Village !\u00a0<\/p>\n<ul class=\" wall-content\">\n<li><b><a href=\"https:\/\/actu.fr\/hauts-de-france\/lille_59350\/lille-distribution-de-burritos-gratuits-pour-louverture-de-ce-nouveau-restaurant-de-la-rue-de-bethune_63138399.html\" rel=\"nofollow noopener\" target=\"_blank\">Un nouveau resto de cuisine mexicaine revisit\u00e9e vient d\u2019ouvrir \u00e0 Lille<\/a><\/b><\/li>\n<\/ul>\n<p class=\" wall-content\">Depuis le 1er septembre, la rue de B\u00e9thune \u00e0 Lille compte un nouveau restaurant\u2009: Tortilla. L\u2019\u00e9tablissement propose de la cuisine mexicaine revisit\u00e9e \u00e0 la sauce californienne.<\/p>\n<ul class=\" wall-content\">\n<li><b><a href=\"https:\/\/actu.fr\/hauts-de-france\/lille_59350\/odile-de-rousiers-expose-a-lille-lart-est-une-quete-interieure-une-ouverture-vers-linvisible_63146957.html\" rel=\"nofollow noopener\" target=\"_blank\">Odile de Rousiers expose \u00e0 Lille : \u00ab\u00a0L\u2019art est une qu\u00eate int\u00e9rieure, une ouverture vers l\u2019invisible\u00a0\u00bb<\/a><\/b><\/li>\n<\/ul>\n<p class=\" wall-content\">D\u00e8s ce vendredi, le couvent dominicain de Lille accueille les \u0153uvres spirituelles d\u2019Odile de Rousiers, qui s\u2019inspire d\u2019une b\u00e9guine et de Ma\u00eetre Eckhart.<\/p>\n<p>Ailleurs dans la m\u00e9tropole\u00a0<\/p>\n<ul class=\" wall-content\">\n<li><a href=\"https:\/\/actu.fr\/hauts-de-france\/villeneuve-d-ascq_59009\/deux-jours-de-fete-pour-celebrer-les-100-ans-de-lasso-bretons-du-nord-pres-de-lille_63143766.html\" rel=\"nofollow noopener\" target=\"_blank\"><b>Deux jours de f\u00eate pour c\u00e9l\u00e9brer les 100 ans de l\u2019asso Bretons du Nord<\/b><\/a><\/li>\n<\/ul>\n<p class=\" wall-content\">Venez f\u00eater les 100 ans des Bretons du Nord les 12 et 13 septembre \u00e0 Villeneuve-d\u2019Ascq. Spectacle, stage de danse, fest-noz comme si vous y \u00e9tiez\u2009!<\/p>\n<ul class=\" wall-content\">\n<li><b><a href=\"https:\/\/actu.fr\/hauts-de-france\/villeneuve-d-ascq_59009\/rien-a-declarer-une-expo-sur-les-douanes-et-fraudeurs-dantan-en-acces-libre-dimanche-pres-de-lille_63114364.html\" rel=\"nofollow noopener\" target=\"_blank\">\u00a0\u00bb Rien \u00e0 d\u00e9clarer \u00a0\u00bb : une expo sur les douanes et fraudeurs d\u2019antan \u00e0 Villeneuve-d\u2019Ascq<\/a><\/b><\/li>\n<\/ul>\n<p class=\" wall-content\">Une exposition remarquable vous attend, au Mus\u00e9e du Terroir. Son sujet : l\u2019histoire des douanes (sur le secteur). Une panoplie in\u00e9dite d\u2019objets a \u00e9t\u00e9 r\u00e9unie pour l\u2019occasion.<\/p>\n<ul class=\" wall-content\">\n<li><b><a href=\"https:\/\/actu.fr\/loisirs-culture\/les-brocantes-braderies-et-vide-greniers-organises-dans-le-nord-le-week-end-des-13-et-14-septembre_63129873.html\" rel=\"nofollow noopener\" target=\"_blank\">Armenti\u00e8res, Comines, Loos\u2026 Les brocantes et vide-greniers organis\u00e9s dans le Nord ce week-end<\/a><\/b><\/li>\n<\/ul>\n<p class=\" wall-content\">Les 13 et 14 septembre, \u00e9norm\u00e9ment de brocantes, braderies et vide-greniers sont organis\u00e9s dans le Nord, dont pr\u00e8s de Lille. On vous liste les \u00e9v\u00e9nements pr\u00e9vus.<\/p>\n<ul class=\" wall-content\">\n<li><b><a href=\"https:\/\/actu.fr\/hauts-de-france\/villeneuve-d-ascq_59009\/villeneuve-dascq-fans-et-collectionneurs-une-grande-bourse-de-cartes-pokemon-est-organisee-ce-samedi_63133608.html\" rel=\"nofollow noopener\" target=\"_blank\">Fans et collectionneurs, une grande bourse de cartes Pok\u00e9mon est organis\u00e9e ce samedi<\/a><\/b><\/li>\n<\/ul>\n<p class=\" wall-content\">Un \u00e9v\u00e9nement \u00e0 ne surtout pas louper pour tous les fans ! Samedi 13 septembre, une grande bourse de cartes Pok\u00e9mon est organis\u00e9e \u00e0 Villeneuve d\u2019Ascq.<\/p>\n<ul class=\" wall-content\">\n<li><b><a href=\"https:\/\/faches.aushopping.com\/actualites\/le-festival-faches-se-lache-revient\" rel=\"nofollow noopener\" target=\"_blank\">Cl\u00f4ture de l\u2019\u00e9v\u00e9nement entre jeux et humour Faches se l\u00e2che<\/a><\/b><\/li>\n<\/ul>\n<p class=\" wall-content\">Un festival original se cl\u00f4ture ce samedi au centre Aushopping de Faches-Thumesnil. Vous y attendent : une kermesse g\u00e9ante avec des jeux en bois, une p\u00eache aux canards et autres surprises, mais aussi des spectacles pour les enfants.\u00a0<\/p>\n<ul class=\" wall-content\">\n<li><b><a href=\"https:\/\/www.ville-wattrelos.fr\/fete-des-berlouffes-2\" rel=\"nofollow noopener\" target=\"_blank\">Ce dimanche, c\u2019est Berlouffes \u00e0 Wattrelos<\/a><\/b><\/li>\n<\/ul>\n<p class=\" wall-content\">La ville \u00e0 la fronti\u00e8re belge accueille sa traditionnelle grande braderie, le week-end suivant la Braderie de Lille. Les Berlouffes sont de retour le dimanche 14 septembre, entre bonnes affaires, g\u00e9ants et ambiance festive.\u00a0<\/p>\n<p class=\" wall-content\">Personnalisez votre actualit\u00e9 en ajoutant vos villes et m\u00e9dias en favori avec <a href=\"https:\/\/moncompte.actu.fr\" title=\"D\u00e9couvez Mon Actu\" rel=\"nofollow noopener\" data-trk=\"{&quot;cta&quot;:{&quot;action&quot;:&quot;https:\\\/\\\/moncompte.actu.fr&quot;,&quot;category&quot;:&quot;mon compte&quot;,&quot;from&quot;:&quot;article footer&quot;,&quot;name&quot;:&quot;Mon actu&quot;,&quot;type&quot;:&quot;cta&quot;}}\" target=\"_blank\">Mon Actu<\/a>.<\/p>\n","protected":false},"excerpt":{"rendered":"Par Amandine Vachez Publi\u00e9 le 11 sept. 2025 \u00e0 16h50 La Braderie de Lille (Nord) pass\u00e9e, l\u2019heure est&hellip;\n","protected":false},"author":2,"featured_media":383146,"comment_status":"","ping_status":"","sticky":false,"template":"","format":"standard","meta":{"footnotes":""},"categories":[2815],"tags":[1111,11,677,1777,674,652,1011,27,811,1307,1652,12,25],"class_list":{"0":"post-383145","1":"post","2":"type-post","3":"status-publish","4":"format-standard","5":"has-post-thumbnail","7":"category-lille","8":"tag-actu","9":"tag-actualites","10":"tag-bons-plans","11":"tag-eu","12":"tag-europe","13":"tag-famille","14":"tag-fr","15":"tag-france","16":"tag-hauts-de-france","17":"tag-lille","18":"tag-loisirs-culture","19":"tag-news","20":"tag-republique-francaise"},"share_on_mastodon":{"url":"https:\/\/pubeurope.com\/@fr\/115186489458243506","error":""},"_links":{"self":[{"href":"https:\/\/www.europesays.com\/fr\/wp-json\/wp\/v2\/posts\/383145","targetHints":{"allow":["GET"]}}],"collection":[{"href":"https:\/\/www.europesays.com\/fr\/wp-json\/wp\/v2\/posts"}],"about":[{"href":"https:\/\/www.europesays.com\/fr\/wp-json\/wp\/v2\/types\/post"}],"author":[{"embeddable":true,"href":"https:\/\/www.europesays.com\/fr\/wp-json\/wp\/v2\/users\/2"}],"replies":[{"embeddable":true,"href":"https:\/\/www.europesays.com\/fr\/wp-json\/wp\/v2\/comments?post=383145"}],"version-history":[{"count":0,"href":"https:\/\/www.europesays.com\/fr\/wp-json\/wp\/v2\/posts\/383145\/revisions"}],"wp:featuredmedia":[{"embeddable":true,"href":"https:\/\/www.europesays.com\/fr\/wp-json\/wp\/v2\/media\/383146"}],"wp:attachment":[{"href":"https:\/\/www.europesays.com\/fr\/wp-json\/wp\/v2\/media?parent=383145"}],"wp:term":[{"taxonomy":"category","embeddable":true,"href":"https:\/\/www.europesays.com\/fr\/wp-json\/wp\/v2\/categories?post=383145"},{"taxonomy":"post_tag","embeddable":true,"href":"https:\/\/www.europesays.com\/fr\/wp-json\/wp\/v2\/tags?post=383145"}],"curies":[{"name":"wp","href":"https:\/\/api.w.org\/{rel}","templated":true}]}}