{"id":383147,"date":"2025-09-11T15:58:12","date_gmt":"2025-09-11T15:58:12","guid":{"rendered":"https:\/\/www.europesays.com\/fr\/383147\/"},"modified":"2025-09-11T15:58:12","modified_gmt":"2025-09-11T15:58:12","slug":"la-circulation-est-completement-saturee-sur-la55-a-la-sortie-de-marseille","status":"publish","type":"post","link":"https:\/\/www.europesays.com\/fr\/383147\/","title":{"rendered":"la circulation est compl\u00e8tement satur\u00e9e sur l&rsquo;A55 \u00e0 la sortie de Marseille"},"content":{"rendered":"<p>Si vous devez sortir de Marseille par le nord, mieux vaut \u00e9viter l\u2019autoroute A55 o\u00f9 un bouchon monstre est en cours. De l\u2019entr\u00e9e de l\u2019axe \u00e0 hauteur d\u2019Arenc\/La Joliette jusqu\u2019\u00e0 l\u2019Estaque, c\u2019est pare-chocs contre pare-chocs.<\/p>\n<p>Aucun accident n\u2019est pourtant signal\u00e9 par la Direction interd\u00e9partementale des routes de M\u00e9diterran\u00e9e (Dirmed). Sans doute s\u2019agit-il de travaux qui rendent, \u00e0 cette heure de pointe, le trafic satur\u00e9.<\/p>\n<p>Dans l\u2019autre sens aussi le trafic est compliqu\u00e9<\/p>\n<p>M\u00eame les voies annexes, comme le chemin du Littoral, sont aussi tr\u00e8s embouteill\u00e9es par ricochet. Dans l\u2019autre sens, en direction du centre de la cit\u00e9 phoc\u00e9enne, le trafic est aussi tr\u00e8s charg\u00e9 depuis la Calade.<\/p>\n<p>On vous conseillerait bien de privil\u00e9gier l\u2019autoroute A7 mais cet axe est congestionn\u00e9, comme tous les jours de la semaine \u00e0 cette heure o\u00f9 l\u2019on sort de son travail.<\/p>\n<p>Sur l\u2019A50 c\u2019est probl\u00e9matique<\/p>\n<p>Par ailleurs, sur l\u2019A50 \u00e0 la sortie de la deuxi\u00e8me ville de France, la circulation est aussi tr\u00e8s compliqu\u00e9e. Le pare-chocs contre pare-chocs remontant jusqu\u2019\u00e0 la L2. Pas d\u2019accident signal\u00e9 l\u00e0 non plus.<\/p>\n","protected":false},"excerpt":{"rendered":"Si vous devez sortir de Marseille par le nord, mieux vaut \u00e9viter l\u2019autoroute A55 o\u00f9 un bouchon monstre&hellip;\n","protected":false},"author":2,"featured_media":383148,"comment_status":"","ping_status":"","sticky":false,"template":"","format":"standard","meta":{"footnotes":""},"categories":[2814],"tags":[17,1111,11,1102,3542,14169,932,1777,674,1011,27,1922,884,12,882,25,25546,104,3356,1097],"class_list":{"0":"post-383147","1":"post","2":"type-post","3":"status-publish","4":"format-standard","5":"has-post-thumbnail","7":"category-marseille","8":"tag-17","9":"tag-actu","10":"tag-actualites","11":"tag-breakingnews","12":"tag-circulation","13":"tag-completement","14":"tag-est","15":"tag-eu","16":"tag-europe","17":"tag-fr","18":"tag-france","19":"tag-info","20":"tag-marseille","21":"tag-news","22":"tag-provence-alpes-cote-dazur","23":"tag-republique-francaise","24":"tag-saturee","25":"tag-societe","26":"tag-sur","27":"tag-trafic"},"share_on_mastodon":{"url":"https:\/\/pubeurope.com\/@fr\/115186493400179574","error":""},"_links":{"self":[{"href":"https:\/\/www.europesays.com\/fr\/wp-json\/wp\/v2\/posts\/383147","targetHints":{"allow":["GET"]}}],"collection":[{"href":"https:\/\/www.europesays.com\/fr\/wp-json\/wp\/v2\/posts"}],"about":[{"href":"https:\/\/www.europesays.com\/fr\/wp-json\/wp\/v2\/types\/post"}],"author":[{"embeddable":true,"href":"https:\/\/www.europesays.com\/fr\/wp-json\/wp\/v2\/users\/2"}],"replies":[{"embeddable":true,"href":"https:\/\/www.europesays.com\/fr\/wp-json\/wp\/v2\/comments?post=383147"}],"version-history":[{"count":0,"href":"https:\/\/www.europesays.com\/fr\/wp-json\/wp\/v2\/posts\/383147\/revisions"}],"wp:featuredmedia":[{"embeddable":true,"href":"https:\/\/www.europesays.com\/fr\/wp-json\/wp\/v2\/media\/383148"}],"wp:attachment":[{"href":"https:\/\/www.europesays.com\/fr\/wp-json\/wp\/v2\/media?parent=383147"}],"wp:term":[{"taxonomy":"category","embeddable":true,"href":"https:\/\/www.europesays.com\/fr\/wp-json\/wp\/v2\/categories?post=383147"},{"taxonomy":"post_tag","embeddable":true,"href":"https:\/\/www.europesays.com\/fr\/wp-json\/wp\/v2\/tags?post=383147"}],"curies":[{"name":"wp","href":"https:\/\/api.w.org\/{rel}","templated":true}]}}