{"id":383152,"date":"2025-09-11T16:01:14","date_gmt":"2025-09-11T16:01:14","guid":{"rendered":"https:\/\/www.europesays.com\/fr\/383152\/"},"modified":"2025-09-11T16:01:14","modified_gmt":"2025-09-11T16:01:14","slug":"lyon-un-marche-de-noel-magistral-et-geant-place-bellecour-la-proposition-dun-lyonnais","status":"publish","type":"post","link":"https:\/\/www.europesays.com\/fr\/383152\/","title":{"rendered":"Lyon. Un march\u00e9 de No\u00ebl \u00ab\u00a0magistral\u00a0\u00bb et g\u00e9ant place Bellecour : la proposition d&rsquo;un Lyonnais"},"content":{"rendered":"<p>            Par<br \/>\n        <strong><br \/>\n            <a href=\"https:\/\/actu.fr\/auteur\/nicolas-zaugra\" title=\"Consulter tous les articles de Nicolas Zaugra\" rel=\"nofollow noopener\" target=\"_blank\">Nicolas Zaugra<\/a><br \/>\n        <\/strong><\/p>\n<p>        Publi\u00e9 le<\/p>\n<p>            11 sept. 2025 \u00e0 17h37        <\/p>\n<p>Lyon peut-elle un jour concurrencer <a href=\"https:\/\/actu.fr\/grand-est\/strasbourg_67482\/strasbourg-les-dates-du-marche-de-noel-2025-sont-connues_62710676.html\" rel=\"nofollow noopener\" target=\"_blank\">Strasbourg et son c\u00e9l\u00e8bre march\u00e9 de No\u00ebl<\/a> ? La troisi\u00e8me ville de France, qui ne compte qu\u2019un <strong>march\u00e9 de No\u00ebl<\/strong> sur la <a href=\"https:\/\/actu.fr\/auvergne-rhone-alpes\/lyon_69123\/fete-des-lumieres-a-lyon-ca-n-a-pas-de-sens-le-marche-de-noel-force-de-fermer-plus-tot_61965586.html\" rel=\"nofollow noopener\" target=\"_blank\">place Carnot<\/a> pr\u00e8s de Perrache, et qui pr\u00e9f\u00e8re se concentrer sur la <a href=\"https:\/\/actu.fr\/auvergne-rhone-alpes\/lyon_69123\/fete-des-lumieres-2025-a-lyon-les-dates-sont-connues-voici-quand-l-evenement-aura-lieu_63092484.html\" rel=\"nofollow noopener\" target=\"_blank\">F\u00eate des Lumi\u00e8res<\/a>, doit-elle miser davantage sur les f\u00eates de fin d\u2019ann\u00e9es ? Un Lyonnais a lanc\u00e9 une p\u00e9tition et un site internet pour proposer \u00e0 la Ville de d\u00e9placer le march\u00e9 pour l\u2019installer place Bellecour et lancer de nouvelles animations pour No\u00ebl.<\/p>\n<p>Jusqu\u2019\u00e0 300 chalets, sapin, patinoire, grande roue\u2026<\/p>\n<p class=\" wall-content\">Le site internet avec des visuels a \u00e9merg\u00e9 il y a quelques jours. Th\u00e9odore Lafond, fondateur d\u2019une agence de communication lyonnaise, a lanc\u00e9 une <a href=\"https:\/\/www.mesopinions.com\/petition\/art-culture\/marche-noel-magistral-a-bellecour-feerique\/250795\" rel=\"nofollow noopener\" target=\"_blank\">p\u00e9tition<\/a> \u00ab\u00a0Pour un march\u00e9 de No\u00ebl magistral \u00e0 Bellecour : f\u00e9\u00e9rique, \u00e9cologique et international\u00a0\u00bb. Avec ses visuels \u00e0 l\u2019appui, le d\u00e9fenseur du projet imagine un immense march\u00e9 avec 250 \u00e0 300 chalets \u2013 contre 80 actuellement \u2013 un grand sapin, une patinoire, un carrousel pour les enfants, la grande roue d\u00e9j\u00e0 pr\u00e9sente\u2026<\/p>\n<p>Relancer et booster le commerce de la Presqu\u2019\u00eele d\u00e8s 2028<\/p>\n<p class=\" wall-content\">\u00ab\u00a0Ces derni\u00e8res ann\u00e9es, le c\u0153ur de Lyon a chang\u00e9. Dans la Presqu\u2019\u00eele, plusieurs dizaines de boutiques historiques ont baiss\u00e9 leur rideau, laissant des rues moins anim\u00e9es et un centre-ville qui a perdu une partie de sa vitalit\u00e9. Pour inverser cette tendance, il faut un \u00e9v\u00e9nement capable de ramener la vie, la lumi\u00e8re et les visiteurs au c\u0153ur de la ville\u00a0\u00bb, assure le porteur de projet.\u00a0<\/p>\n<p class=\" wall-content\">Il imagine donc, pour relancer et booster le commerce local, la cr\u00e9ation d\u2019un plus grand march\u00e9 de No\u00ebl d\u00e8s 2028. Th\u00e9odore explique que \u00ab\u00a0la Presqu\u2019\u00eele tout enti\u00e8re s\u2019embraserait de lumi\u00e8re et vibrerait au rythme de No\u00ebl : de la Rue de la R\u00e9publique \u00e0 la Rue Victor-Hugo, en passant par les Jacobins et les Cordeliers jusqu\u2019\u00e0 Confluence.\u00a0\u00bb Ces derni\u00e8res ann\u00e9es, certains commer\u00e7ants ou Lyonnais regrettaient la faible ambition de Lyon en mati\u00e8re de d\u00e9corations de No\u00ebl.<\/p>\n<p class=\" wall-content\">\u00ab\u00a0L\u2019effet boule de neige profiterait aux chalets, aux restaurants, aux h\u00f4tels et aux boutiques fixes qui rouvriraient avec enthousiasme leurs vitrines illumin\u00e9es\u00a0\u00bb, dit-il.<\/p>\n<p>    <img   decoding=\"async\" loading=\"lazy\" src=\"https:\/\/www.europesays.com\/fr\/wp-content\/uploads\/2025\/09\/62c8a789b137696c8a789b137cac8av-960x640.jpg\" alt=\"La foule au march\u00e9 de No\u00ebl de Lyon, place Carnot dans le 2e arrondissement.\" width=\"960\" height=\"640\"\/><br \/>\n    La foule au march\u00e9 de No\u00ebl de Lyon, place Carnot dans le 2e arrondissement. (\u00a9Nicolas Zaugra\/ actu Lyon)<\/p>\n<p>Votre r\u00e9gion, votre actu !<\/p>\n<p>Recevez chaque jour les infos qui comptent pour vous.<\/p>\n<p>\t<a href=\"https:\/\/actu.fr\/newsletter\" class=\"ac-btn ac-btn--corner ac-btn--medium ac-btn--blue800\" rel=\"nofollow noopener\" target=\"_blank\">S&rsquo;incrire<\/a><br \/>\n50 millions d\u2019euros de retomb\u00e9es \u00e9conomiques ?<\/p>\n<p class=\" wall-content\">Th\u00e9odore Lafond estime la fr\u00e9quentation de ce futur grand march\u00e9 \u00e0 900 000 \u00e0 1,4 million de visiteurs. Il chiffre les retomb\u00e9es \u00e9conomiques de 35 \u00e0 plus de 50 millions d\u2019euros, voire 63 millions avec les retomb\u00e9es indirectes.\u00a0<\/p>\n<p class=\" wall-content\">Un tel \u00e9v\u00e9nement serait-il \u00e9cologique et compatible avec la majorit\u00e9 municipale actuelle ? \u00ab\u00a0Nos entreprises locales sp\u00e9cialis\u00e9es dans l\u2019\u00e9clairage, la gestion \u00e9nerg\u00e9tique ou la valorisation des d\u00e9chets auraient une vitrine unique de leur savoir-faire\u00a0\u00bb, explique le site internet vitrine du projet.\u00a0<\/p>\n<p>\u00ab\u00a0Jusqu\u2019\u00e0 la fin du mandat, il n\u2019y a pas de sujet\u00a0\u00bb<\/p>\n<p class=\" wall-content\">L\u2019id\u00e9e s\u00e9duit-elle la municipalit\u00e9 actuelle ? Pas vraiment \u00e0 ce stade. \u00ab\u00a0Jusqu\u2019\u00e0 la fin du mandat, il n\u2019y a pas de sujet. Mais en 2028, au moment du renouvellement du march\u00e9, le prochain ex\u00e9cutif voudra certainement en r\u00e9viser les crit\u00e8res. En ce qui nous concerne, nous avions d\u00e9j\u00e0 r\u00e9fl\u00e9chi \u00e0 d\u2019autres lieux. La place Carnot reste le mieux\u00a0\u00bb, a d\u00e9clar\u00e9 l\u2019adjointe au maire en charge du commerce, Camille Augey, interrog\u00e9e par <a href=\"https:\/\/c.leprogres.fr\/culture-loisirs\/2025\/09\/10\/avoir-un-si-petit-marche-de-noel-c-est-un-non-sens-pour-une-ville-comme-lyon-il-lance-une-petition-pour-le-deplacer-de-carnot-a-bellecour\" rel=\"nofollow noopener\" target=\"_blank\">Le Progr\u00e8s<\/a>.\u00a0<\/p>\n<p class=\" wall-content\">La place de No\u00ebl \u00e0 Lyon et la politique d\u2019animation de la ville sera sans nul doute un sujet de d\u00e9bat pour cette campagne des municipales 2026.<\/p>\n<p class=\" wall-content\">Personnalisez votre actualit\u00e9 en ajoutant vos villes et m\u00e9dias en favori avec <a href=\"https:\/\/moncompte.actu.fr\" title=\"D\u00e9couvez Mon Actu\" rel=\"nofollow noopener\" data-trk=\"{&quot;cta&quot;:{&quot;action&quot;:&quot;https:\\\/\\\/moncompte.actu.fr&quot;,&quot;category&quot;:&quot;mon compte&quot;,&quot;from&quot;:&quot;article footer&quot;,&quot;name&quot;:&quot;Mon actu&quot;,&quot;type&quot;:&quot;cta&quot;}}\" target=\"_blank\">Mon Actu<\/a>.<\/p>\n","protected":false},"excerpt":{"rendered":"Par Nicolas Zaugra Publi\u00e9 le 11 sept. 2025 \u00e0 17h37 Lyon peut-elle un jour concurrencer Strasbourg et son&hellip;\n","protected":false},"author":2,"featured_media":383153,"comment_status":"","ping_status":"","sticky":false,"template":"","format":"standard","meta":{"footnotes":""},"categories":[1889],"tags":[1111,11,2430,5272,1777,674,1011,27,2428,12,15830,5274,25,104],"class_list":{"0":"post-383152","1":"post","2":"type-post","3":"status-publish","4":"format-standard","5":"has-post-thumbnail","7":"category-lyon","8":"tag-actu","9":"tag-actualites","10":"tag-auvergne-rhone-alpes","11":"tag-bellecour","12":"tag-eu","13":"tag-europe","14":"tag-fr","15":"tag-france","16":"tag-lyon","17":"tag-news","18":"tag-noel","19":"tag-perrache","20":"tag-republique-francaise","21":"tag-societe"},"share_on_mastodon":{"url":"https:\/\/pubeurope.com\/@fr\/115186505488195229","error":""},"_links":{"self":[{"href":"https:\/\/www.europesays.com\/fr\/wp-json\/wp\/v2\/posts\/383152","targetHints":{"allow":["GET"]}}],"collection":[{"href":"https:\/\/www.europesays.com\/fr\/wp-json\/wp\/v2\/posts"}],"about":[{"href":"https:\/\/www.europesays.com\/fr\/wp-json\/wp\/v2\/types\/post"}],"author":[{"embeddable":true,"href":"https:\/\/www.europesays.com\/fr\/wp-json\/wp\/v2\/users\/2"}],"replies":[{"embeddable":true,"href":"https:\/\/www.europesays.com\/fr\/wp-json\/wp\/v2\/comments?post=383152"}],"version-history":[{"count":0,"href":"https:\/\/www.europesays.com\/fr\/wp-json\/wp\/v2\/posts\/383152\/revisions"}],"wp:featuredmedia":[{"embeddable":true,"href":"https:\/\/www.europesays.com\/fr\/wp-json\/wp\/v2\/media\/383153"}],"wp:attachment":[{"href":"https:\/\/www.europesays.com\/fr\/wp-json\/wp\/v2\/media?parent=383152"}],"wp:term":[{"taxonomy":"category","embeddable":true,"href":"https:\/\/www.europesays.com\/fr\/wp-json\/wp\/v2\/categories?post=383152"},{"taxonomy":"post_tag","embeddable":true,"href":"https:\/\/www.europesays.com\/fr\/wp-json\/wp\/v2\/tags?post=383152"}],"curies":[{"name":"wp","href":"https:\/\/api.w.org\/{rel}","templated":true}]}}