{"id":383158,"date":"2025-09-11T16:04:10","date_gmt":"2025-09-11T16:04:10","guid":{"rendered":"https:\/\/www.europesays.com\/fr\/383158\/"},"modified":"2025-09-11T16:04:10","modified_gmt":"2025-09-11T16:04:10","slug":"vives-reactions-apres-le-boycott-dun-colloque-sur-lhistoire-des-juifs-de-france-a-paris","status":"publish","type":"post","link":"https:\/\/www.europesays.com\/fr\/383158\/","title":{"rendered":"vives r\u00e9actions apr\u00e8s le boycott d&rsquo;un colloque sur l&rsquo;histoire des Juifs de France \u00e0 Paris"},"content":{"rendered":"<p>            Par<br \/>\n        <strong><br \/>\n            <a href=\"https:\/\/actu.fr\/auteur\/redaction-paris\" title=\"Consulter tous les articles de R\u00e9daction Paris\" rel=\"nofollow noopener\" target=\"_blank\">R\u00e9daction Paris<\/a><br \/>\n        <\/strong><\/p>\n<p>        Publi\u00e9 le<\/p>\n<p>            11 sept. 2025 \u00e0 17h03        <\/p>\n<p>C\u2019est un<strong> \u00ab\u2009boycott sans pr\u00e9c\u00e9dent\u2009\u00bb<\/strong>. Jeudi 11\u00a0septembre 2025, <a href=\"https:\/\/actu.fr\/ile-de-france\/paris_75056\/a-paris-le-musee-d-art-et-d-histoire-du-judaisme-va-fermer-trois-ans-ce-que-les-importants-travaux-cachent_62187566.html\" rel=\"nofollow noopener\" target=\"_blank\">le Mus\u00e9e d\u2019art et d\u2019histoire du juda\u00efsme (MahJ)<\/a> a d\u00e9plor\u00e9 l\u2019annulation de cinq universitaires \u00e0 un colloque portant sur l\u2019histoire des Juifs de France. Intitul\u00e9 \u00ab\u2009Les histoires juives de Paris (Moyen \u00c2ge et \u00c9poque moderne)\u2009\u00bb, l\u2019\u00e9v\u00e9nement doit se tenir les 15 et 16\u00a0septembre \u00e0 <a href=\"https:\/\/actu.fr\/paris\/dernieres-actus\" rel=\"nofollow noopener\" target=\"_blank\">Paris<\/a>, au sein de la biblioth\u00e8que de l\u2019Arsenal (4e) et au MahJ (3e).<\/p>\n<p>La guerre \u00e0 Gaza en toile de fond<\/p>\n<p class=\" wall-content\">C\u2019est \u00ab\u2009la premi\u00e8re fois depuis sa cr\u00e9ation en 1998\u2009\u00bb qu\u2019un tel \u00e9v\u00e9nement se produit, ajoute le mus\u00e9e dans un communiqu\u00e9, sans citer le nom des chercheurs concern\u00e9s. Les chercheurs ont annul\u00e9 \u00ab\u2009au pr\u00e9texte qu\u2019un programme de recherche\u2009\u00bb de l\u2019Universit\u00e9 h\u00e9bra\u00efque de J\u00e9rusalem \u00ab\u2009finan\u00e7ait la participation d\u2019une doctorante\u2009\u00bb, selon le communiqu\u00e9.<\/p>\n<p class=\" wall-content\">Certains \u00ab\u2009ont argu\u00e9 du fait que leur participation \u00e9quivalait \u00e0 soutenir le gouvernement isra\u00e9lien [\u2026]. D\u2019autres ont simplement fait r\u00e9f\u00e9rence \u00e0 <a href=\"https:\/\/actu.fr\/monde\/trop-tard-des-palestiniens-desesperes-apres-la-declaration-de-la-famine-a-gaza-par-l-onu_63071050.html\" rel=\"nofollow noopener\" target=\"_blank\">la guerre \u00e0 Gaza<\/a> pour remettre en cause les modalit\u00e9s d\u2019organisation\u2009\u00bb, ajoute le mus\u00e9e, qui a <strong>maintenu le colloque tout en le remaniant.<\/strong><\/p>\n<p class=\" wall-content\">\u00ab\u2009Ce boycott (\u2026 ) dessert absurdement le monde universitaire isra\u00e9lien, dont certains repr\u00e9sentants figurent parmi les plus oppos\u00e9s \u00e0 la poursuite de la guerre \u00e0 Gaza\u2009\u00bb et \u00ab\u2009confond les chercheurs et les responsables politiques\u2009\u00bb, ajoute-t-il.<\/p>\n<p>Vague d\u2019indignations<\/p>\n<p class=\" wall-content\">\u00ab\u2009Cela doit appeler des sanctions\u2009\u00bb, a affirm\u00e9 \u00e0 l\u2019AFP Yonathan Arfi, pr\u00e9sident du Crif (Conseil repr\u00e9sentatif des instituions juives de France), en se disant \u00ab\u2009malheureusement pas surpris, parce qu\u2019on est dans une p\u00e9riode o\u00f9 partout est en train de se poser une forme de chape de plomb avec <strong>une h\u00e9g\u00e9monie culturelle<\/strong> de l\u2019obsession et de la d\u00e9testation d\u2019Isra\u00ebl\u2009\u00bb.<\/p>\n<p class=\" wall-content\">De son c\u00f4t\u00e9, la Licra (Ligue internationale contre le racisme et l\u2019antis\u00e9mitisme) a d\u00e9nonc\u00e9 sur X <strong>un \u00ab\u2009crachat id\u00e9ologique\u2009\u00bb<\/strong>, qui \u00ab\u2009fragilise le principe m\u00eame de la recherche en remettant en cause son autonomie\u2009\u00bb. \u00ab\u2009Conditionner la participation \u00e0 cet \u00e9v\u00e9nement au conflit de Gaza constitue une confusion dangereuse entre des r\u00e9alit\u00e9s sans rapport, et un amalgame qui fragilise la libert\u00e9 acad\u00e9mique\u2009\u00bb, a affirm\u00e9 pour sa part dans un communiqu\u00e9 Ariel Goldmann, pr\u00e9sident de la Fondation du juda\u00efsme fran\u00e7ais.<\/p>\n<p>Votre r\u00e9gion, votre actu !<\/p>\n<p>Recevez chaque jour les infos qui comptent pour vous.<\/p>\n<p>\t<a href=\"https:\/\/actu.fr\/newsletter\" class=\"ac-btn ac-btn--corner ac-btn--medium ac-btn--blue800\" rel=\"nofollow noopener\" target=\"_blank\">S&rsquo;incrire<\/a><\/p>\n<p class=\" wall-content\">Des \u00e9lus locaux ont \u00e9galement d\u00e9nonc\u00e9 ce boycott comme l\u2019adjointe \u00e0 la Ville de Paris, Karen Ta\u00efeb, ou le d\u00e9put\u00e9 et candidat \u00e0 la municipale de 2026, Emmanuel Gr\u00e9goire, pointant \u00ab\u2009<strong>une confusion coupable<\/strong> et une offense \u00e0 la libert\u00e9 acad\u00e9mique\u2009\u00bb. La ministre de la Culture et maire du 7e arrondissement, Rachida Dati, a aussi r\u00e9agi sur X\u2009: \u00ab\u2009Trop, c\u2019est trop\u2009! Ces appels au boycott r\u00e9p\u00e9t\u00e9s d\u2019artistes, de spectacles, de conf\u00e9rences, de blocages d\u2019\u00e9tablissements deviennent des pr\u00e9textes \u00e0 un antis\u00e9mitisme caract\u00e9ris\u00e9 et assum\u00e9\u2009\u00bb, a-t-elle protest\u00e9.<\/p>\n<p class=\" wall-content\">\n<p class=\" wall-content\">Avec AFP<\/p>\n<p class=\" wall-content\">Personnalisez votre actualit\u00e9 en ajoutant vos villes et m\u00e9dias en favori avec <a href=\"https:\/\/moncompte.actu.fr\" title=\"D\u00e9couvez Mon Actu\" rel=\"nofollow noopener\" data-trk=\"{&quot;cta&quot;:{&quot;action&quot;:&quot;https:\\\/\\\/moncompte.actu.fr&quot;,&quot;category&quot;:&quot;mon compte&quot;,&quot;from&quot;:&quot;article footer&quot;,&quot;name&quot;:&quot;Mon actu&quot;,&quot;type&quot;:&quot;cta&quot;}}\" target=\"_blank\">Mon Actu<\/a>.<\/p>\n","protected":false},"excerpt":{"rendered":"Par R\u00e9daction Paris Publi\u00e9 le 11 sept. 2025 \u00e0 17h03 C\u2019est un \u00ab\u2009boycott sans pr\u00e9c\u00e9dent\u2009\u00bb. Jeudi 11\u00a0septembre 2025,&hellip;\n","protected":false},"author":2,"featured_media":383159,"comment_status":"","ping_status":"","sticky":false,"template":"","format":"standard","meta":{"footnotes":""},"categories":[1888],"tags":[1111,1928,11,1927,6155,1777,674,1011,27,665,12,1926,626,1925,4020,25,104],"class_list":{"0":"post-383158","1":"post","2":"type-post","3":"status-publish","4":"format-standard","5":"has-post-thumbnail","7":"category-paris","8":"tag-actu","9":"tag-actu-paris","10":"tag-actualites","11":"tag-actualites-paris","12":"tag-antisemitisme","13":"tag-eu","14":"tag-europe","15":"tag-fr","16":"tag-france","17":"tag-gaza","18":"tag-news","19":"tag-news-paris","20":"tag-paris","21":"tag-paris-news","22":"tag-religion","23":"tag-republique-francaise","24":"tag-societe"},"share_on_mastodon":{"url":"https:\/\/pubeurope.com\/@fr\/115186516947198114","error":""},"_links":{"self":[{"href":"https:\/\/www.europesays.com\/fr\/wp-json\/wp\/v2\/posts\/383158","targetHints":{"allow":["GET"]}}],"collection":[{"href":"https:\/\/www.europesays.com\/fr\/wp-json\/wp\/v2\/posts"}],"about":[{"href":"https:\/\/www.europesays.com\/fr\/wp-json\/wp\/v2\/types\/post"}],"author":[{"embeddable":true,"href":"https:\/\/www.europesays.com\/fr\/wp-json\/wp\/v2\/users\/2"}],"replies":[{"embeddable":true,"href":"https:\/\/www.europesays.com\/fr\/wp-json\/wp\/v2\/comments?post=383158"}],"version-history":[{"count":0,"href":"https:\/\/www.europesays.com\/fr\/wp-json\/wp\/v2\/posts\/383158\/revisions"}],"wp:featuredmedia":[{"embeddable":true,"href":"https:\/\/www.europesays.com\/fr\/wp-json\/wp\/v2\/media\/383159"}],"wp:attachment":[{"href":"https:\/\/www.europesays.com\/fr\/wp-json\/wp\/v2\/media?parent=383158"}],"wp:term":[{"taxonomy":"category","embeddable":true,"href":"https:\/\/www.europesays.com\/fr\/wp-json\/wp\/v2\/categories?post=383158"},{"taxonomy":"post_tag","embeddable":true,"href":"https:\/\/www.europesays.com\/fr\/wp-json\/wp\/v2\/tags?post=383158"}],"curies":[{"name":"wp","href":"https:\/\/api.w.org\/{rel}","templated":true}]}}