{"id":383168,"date":"2025-09-11T16:09:09","date_gmt":"2025-09-11T16:09:09","guid":{"rendered":"https:\/\/www.europesays.com\/fr\/383168\/"},"modified":"2025-09-11T16:09:09","modified_gmt":"2025-09-11T16:09:09","slug":"des-soldats-russes-atteints-du-vih-dhepatite-et-de-tuberculose-sur-le-front-ukrainien","status":"publish","type":"post","link":"https:\/\/www.europesays.com\/fr\/383168\/","title":{"rendered":"Des soldats russes atteints du VIH, d\u2019h\u00e9patite et de tuberculose sur le front ukrainien"},"content":{"rendered":"\n<p>\u201cCes soldats porteront des brassards sp\u00e9ciaux. Leur mission est de tenir des positions de premi\u00e8re ligne.\u201d Sur sa cha\u00eene Telegram, la journaliste et propagandiste pro-Kremlin Anastassia Kashevarova affirme que l\u2019\u00e9tat-major russe pr\u00e9voit de regrouper les soldats atteints du VIH, de l\u2019h\u00e9patite ou de la tuberculose dans des unit\u00e9s distinctes, pour les envoyer au front ukrainien. Selon elle, le haut-commandement s\u2019inspirerait des pratiques ayant cours au sein de <a href=\"https:\/\/www.courrierinternational.com\/sujet\/groupe-wagner\" target=\"_blank\" rel=\"noopener\">la milice priv\u00e9e Wagner<\/a>.<\/p>\n<p>Si l\u2019annonce n\u2019a pas \u00e9t\u00e9 confirm\u00e9e par le minist\u00e8re russe de la D\u00e9fense, <a class=\"ithalc\" data-ithal=\"lien_externe\" data-ithalc=\"[nav_article]\" target=\"_blank\" href=\"https:\/\/lenta.ru\/news\/2025\/09\/04\/umbrella\/\" rel=\"noopener\">rapporte le site d\u2019information g\u00e9n\u00e9raliste proche du pouvoir <strong>Lenta.ru<\/strong><\/a><strong>, <\/strong>plusieurs m\u00e9dias ind\u00e9pendants russes notent que des soldats s\u00e9ropositifs ou porteurs de maladies infectieuses participent \u00e0 la guerre en Ukraine, en d\u00e9pit des affirmations des autorit\u00e9s russes. <a class=\"ithalc\" data-ithal=\"lien_externe\" data-ithalc=\"[nav_article]\" target=\"_blank\" href=\"https:\/\/vot-tak.tv\/88722910\/vich-i-gepatit-v-armii-rossii\" rel=\"noopener\">Le m\u00e9dia ind\u00e9pendant russophone<strong> VotTak<\/strong><\/a><strong>, <\/strong>affili\u00e9 \u00e0 la cha\u00eene bi\u00e9lorusse Belsat, pr\u00e9cise qu\u2019\u201cune maladie grave ne constitue pas forc\u00e9ment un motif suffisant pour d\u00e9clarer un soldat inapte au service\u201d.<\/p>\n<p> Un bataillon de soldats malades <\/p>\n<p>La r\u00e9daction en exil de <a class=\"ithalc\" data-ithal=\"lien_externe\" data-ithalc=\"[nav_article]\" target=\"_blank\" href=\"https:\/\/novayagazeta.eu\/articles\/2025\/09\/09\/spetsialnaia-voennaia-epidemiia\" rel=\"noopener\"><strong>Nova\u00efa Gazeta Europe<\/strong> qualifie<\/a> la situation de l\u2019\u201cop\u00e9ration \u00e9pid\u00e9mique sp\u00e9ciale\u201d dans son titre, faisant \u00e9cho au terme officiel d\u2019\u201cop\u00e9ration militaire sp\u00e9ciale\u201d utilis\u00e9 par le Kremlin pour d\u00e9signer l\u2019invasion russe de l<\/p>\n","protected":false},"excerpt":{"rendered":"\u201cCes soldats porteront des brassards sp\u00e9ciaux. Leur mission est de tenir des positions de premi\u00e8re ligne.\u201d Sur sa&hellip;\n","protected":false},"author":2,"featured_media":383169,"comment_status":"","ping_status":"","sticky":false,"template":"","format":"standard","meta":{"footnotes":""},"categories":[1590],"tags":[11,1777,674,131,12,132,8755,1857,220,10705],"class_list":{"0":"post-383168","1":"post","2":"type-post","3":"status-publish","4":"format-standard","5":"has-post-thumbnail","7":"category-ukraine","8":"tag-actualites","9":"tag-eu","10":"tag-europe","11":"tag-guerre-en-ukraine","12":"tag-news","13":"tag-russie","14":"tag-santu00e9","15":"tag-sociu00e9tu00e9","16":"tag-ukraine","17":"tag-vih"},"share_on_mastodon":{"url":"https:\/\/pubeurope.com\/@fr\/115186536557542700","error":""},"_links":{"self":[{"href":"https:\/\/www.europesays.com\/fr\/wp-json\/wp\/v2\/posts\/383168","targetHints":{"allow":["GET"]}}],"collection":[{"href":"https:\/\/www.europesays.com\/fr\/wp-json\/wp\/v2\/posts"}],"about":[{"href":"https:\/\/www.europesays.com\/fr\/wp-json\/wp\/v2\/types\/post"}],"author":[{"embeddable":true,"href":"https:\/\/www.europesays.com\/fr\/wp-json\/wp\/v2\/users\/2"}],"replies":[{"embeddable":true,"href":"https:\/\/www.europesays.com\/fr\/wp-json\/wp\/v2\/comments?post=383168"}],"version-history":[{"count":0,"href":"https:\/\/www.europesays.com\/fr\/wp-json\/wp\/v2\/posts\/383168\/revisions"}],"wp:featuredmedia":[{"embeddable":true,"href":"https:\/\/www.europesays.com\/fr\/wp-json\/wp\/v2\/media\/383169"}],"wp:attachment":[{"href":"https:\/\/www.europesays.com\/fr\/wp-json\/wp\/v2\/media?parent=383168"}],"wp:term":[{"taxonomy":"category","embeddable":true,"href":"https:\/\/www.europesays.com\/fr\/wp-json\/wp\/v2\/categories?post=383168"},{"taxonomy":"post_tag","embeddable":true,"href":"https:\/\/www.europesays.com\/fr\/wp-json\/wp\/v2\/tags?post=383168"}],"curies":[{"name":"wp","href":"https:\/\/api.w.org\/{rel}","templated":true}]}}