{"id":383170,"date":"2025-09-11T16:10:12","date_gmt":"2025-09-11T16:10:12","guid":{"rendered":"https:\/\/www.europesays.com\/fr\/383170\/"},"modified":"2025-09-11T16:10:12","modified_gmt":"2025-09-11T16:10:12","slug":"aujourdhui-dans-24h-pujadas-etats-unis-ce-que-revele-lassassinat-de-charlie-kirk","status":"publish","type":"post","link":"https:\/\/www.europesays.com\/fr\/383170\/","title":{"rendered":"Aujourd&rsquo;hui dans 24H Pujadas : Etats-Unis &#8211; Ce que r\u00e9v\u00e8le l\u2019assassinat de Charlie Kirk"},"content":{"rendered":"<ul class=\"jsx-862013697 ArticleChapo__List\">\n<li class=\"jsx-862013697 ArticleChapo__List_Item flex\">REPLAY 24H : Au sommaire du jeudi 11 septembre 2025 : Etats-Unis &#8211; Ce que r\u00e9v\u00e8le l\u2019assassinat de Charlie Kirk. France &#8211; S.Lecornu veut rouvrir le dossier des retraites. Sant\u00e9 &#8211; Arr\u00eats maladie en vacances : \u201cmerci l\u2019\u00e9tat nounou \u201c !<\/li>\n<\/ul>\n<p data-module=\"article-paragraph\" class=\"jsx-3046738180 Paragraph\"><strong>Le Club :<\/strong><\/p>\n<p data-module=\"article-paragraph\" class=\"jsx-3046738180 Paragraph\">G\u00e9n\u00e9ral Trinquand &#8211; Ancien chef de la mission militaire ONU<\/p>\n<p data-module=\"article-paragraph\" class=\"jsx-3046738180 Paragraph\">Jean Quatremer &#8211; Correspondant europ\u00e9en \u00e0 Lib\u00e9ration<\/p>\n<p data-module=\"article-paragraph\" class=\"jsx-3046738180 Paragraph\">Magali Barth\u00e8s &#8211; \u00c9ditorialiste international LCI<\/p>\n<p data-module=\"article-paragraph\" class=\"jsx-3046738180 Paragraph\">Vincent Hugeux &#8211; Grand reporter et essayiste<\/p>\n<p data-module=\"article-paragraph\" class=\"jsx-3046738180 Paragraph\">Rafik Smati &#8211; Chef d&rsquo;entreprise et pr\u00e9sident de Think Tank Objectif France<\/p>\n<p data-module=\"article-paragraph\" class=\"jsx-3046738180 Paragraph\">Ruth Elkrief &#8211; \u00c9ditorialiste politique LCI<\/p>\n<p data-module=\"article-paragraph\" class=\"jsx-3046738180 Paragraph\">Pascal Perri &#8211; \u00c9ditorialiste \u00e9conomique TF1\/LCI\u00a0<\/p>\n<p data-module=\"article-paragraph\" class=\"jsx-3046738180 Paragraph Paragraph__End\">J\u00e9r\u00f4me Fourquet &#8211; \u00a0Directeur du d\u00e9partement Opinion de l&rsquo;Ifop. Auteur de M\u00e9tamorphoses fran\u00e7aises (Seuil 2024)<\/p>\n<p>Marie Lourdes HERMEZ<\/p>\n","protected":false},"excerpt":{"rendered":"REPLAY 24H : Au sommaire du jeudi 11 septembre 2025 : Etats-Unis &#8211; Ce que r\u00e9v\u00e8le l\u2019assassinat de&hellip;\n","protected":false},"author":2,"featured_media":13041,"comment_status":"","ping_status":"","sticky":false,"template":"","format":"standard","meta":{"footnotes":""},"categories":[1589],"tags":[1111,5926,11,73,1866,27,1922,14,12,71,1864,1865,1863,308],"class_list":{"0":"post-383170","1":"post","2":"type-post","3":"status-publish","4":"format-standard","5":"has-post-thumbnail","7":"category-etats-unis","8":"tag-actu","9":"tag-actualite-international","10":"tag-actualites","11":"tag-etats-unis","12":"tag-etats-unis-damerique","13":"tag-france","14":"tag-info","15":"tag-international","16":"tag-news","17":"tag-sante","18":"tag-united-states","19":"tag-united-states-of-america","20":"tag-us","21":"tag-usa"},"share_on_mastodon":{"url":"https:\/\/pubeurope.com\/@fr\/115186540814744356","error":""},"_links":{"self":[{"href":"https:\/\/www.europesays.com\/fr\/wp-json\/wp\/v2\/posts\/383170","targetHints":{"allow":["GET"]}}],"collection":[{"href":"https:\/\/www.europesays.com\/fr\/wp-json\/wp\/v2\/posts"}],"about":[{"href":"https:\/\/www.europesays.com\/fr\/wp-json\/wp\/v2\/types\/post"}],"author":[{"embeddable":true,"href":"https:\/\/www.europesays.com\/fr\/wp-json\/wp\/v2\/users\/2"}],"replies":[{"embeddable":true,"href":"https:\/\/www.europesays.com\/fr\/wp-json\/wp\/v2\/comments?post=383170"}],"version-history":[{"count":0,"href":"https:\/\/www.europesays.com\/fr\/wp-json\/wp\/v2\/posts\/383170\/revisions"}],"wp:featuredmedia":[{"embeddable":true,"href":"https:\/\/www.europesays.com\/fr\/wp-json\/wp\/v2\/media\/13041"}],"wp:attachment":[{"href":"https:\/\/www.europesays.com\/fr\/wp-json\/wp\/v2\/media?parent=383170"}],"wp:term":[{"taxonomy":"category","embeddable":true,"href":"https:\/\/www.europesays.com\/fr\/wp-json\/wp\/v2\/categories?post=383170"},{"taxonomy":"post_tag","embeddable":true,"href":"https:\/\/www.europesays.com\/fr\/wp-json\/wp\/v2\/tags?post=383170"}],"curies":[{"name":"wp","href":"https:\/\/api.w.org\/{rel}","templated":true}]}}