{"id":383173,"date":"2025-09-11T16:12:20","date_gmt":"2025-09-11T16:12:20","guid":{"rendered":"https:\/\/www.europesays.com\/fr\/383173\/"},"modified":"2025-09-11T16:12:20","modified_gmt":"2025-09-11T16:12:20","slug":"en-arret-maladie-depuis-16-ans-une-prof-continuait-detre-payee-a-100-par-son-lycee-qui-lavait-oubliee","status":"publish","type":"post","link":"https:\/\/www.europesays.com\/fr\/383173\/","title":{"rendered":"En arr\u00eat maladie depuis 16 ans, une prof continuait d\u2019\u00eatre pay\u00e9e \u00e0 100\u00a0% par son lyc\u00e9e\u2026 qui l\u2019avait oubli\u00e9e"},"content":{"rendered":"<p>Elle a totalement disparu des radars. En <a href=\"https:\/\/www.20minutes.fr\/dossier\/allemagne\" class=\"c-link c-link--is-underlined\" target=\"_blank\" rel=\"noopener\">Allemagne<\/a>, une <a href=\"https:\/\/www.20minutes.fr\/dossier\/enseignant\" class=\"c-link c-link--is-underlined\" target=\"_blank\" rel=\"noopener\">enseignante<\/a> de lyc\u00e9e fait l\u2019objet d\u2019une enqu\u00eate apr\u00e8s avoir \u00e9t\u00e9 en <a href=\"https:\/\/www.20minutes.fr\/dossier\/arret_maladie\" class=\"c-link c-link--is-underlined\" target=\"_blank\" rel=\"noopener\">arr\u00eat maladie<\/a> pendant 16 ans. Durant tout ce temps, elle continuait de percevoir l\u2019int\u00e9gralit\u00e9 de son <a href=\"https:\/\/www.20minutes.fr\/dossier\/salaire\" class=\"c-link c-link--is-underlined\" target=\"_blank\" rel=\"noopener\">salaire<\/a>, rapporte le m\u00e9dia allemand\u00a0<a href=\"https:\/\/www.bild.de\/regional\/nordrhein-westfalen\/lehrerin-aus-nrw-16-jahre-krankgeschrieben-hatte-sie-einen-zweitjob-68a999425d3e123a945a8991\" target=\"_blank\" class=\"c-link c-link--is-underlined\" rel=\"noopener\">Bild<\/a>.<\/p>\n<p>La professeure a commenc\u00e9 \u00e0 travailler en\u00a02003 dans un lyc\u00e9e professionnel de\u00a0Rh\u00e9nanie du Nord-Westphalie. En\u00a02009, elle a \u00e9t\u00e9 diagnostiqu\u00e9e d\u2019une maladie chronique et de troubles psychologiques et est partie en arr\u00eat maladie\u2026 dont elle n\u2019est jamais revenue. Son aptitude au travail aurait d\u00fb \u00eatre \u00e9valu\u00e9e au bout de trois mois mais ce rendez-vous n\u2019a jamais eu lieu.<\/p>\n<p>Entre\u00a05.051 et\u00a06.174 euros par mois<\/p>\n<p>Un directeur du lyc\u00e9e ayant pris ses fonctions en\u00a02015 assure \u00e0 nos confr\u00e8res n\u2019avoir jamais entendu le nom de cette femme. Ce n\u2019est qu\u2019en\u00a02024, au cours d\u2019un audit interne, que sa pr\u00e9sence dans les effectifs de l\u2019\u00e9cole a \u00e9t\u00e9 red\u00e9couverte. Durant 16 ans, l\u2019enseignante a continu\u00e9 de toucher entre\u00a05.051 et\u00a06.174 euros par mois.<\/p>\n<p>Pendant ce temps, la femme a visiblement bien utilis\u00e9 son argent\u00a0: elle est aujourd\u2019hui propri\u00e9taire de deux appartements. Un cabinet de naturopathie portant son nom a \u00e9galement \u00e9t\u00e9 d\u00e9couvert, avec des prestations r\u00e9alis\u00e9es depuis\u00a02009, mais il n\u2019a pas encore \u00e9t\u00e9 prouv\u00e9 qu\u2019il s\u2019agissait de la m\u00eame personne.<\/p>\n<p>Une \u00ab\u00a0enqu\u00eate approfondie\u00a0\u00bb en cours<\/p>\n<p>L\u2019inspection scolaire a exig\u00e9 que l\u2019enseignante passe l\u2019examen m\u00e9dical qui n\u2019avait pas \u00e9t\u00e9 r\u00e9alis\u00e9 au bout de trois mois. La femme a contest\u00e9 cette d\u00e9cision \u00e0 deux reprises mais a \u00e9t\u00e9 d\u00e9bout\u00e9e par la justice administrative. Il\u00a0y a peu de chances que la professeure doive rembourser les sommes per\u00e7ues, mais si son inaptitude est av\u00e9r\u00e9e durant la visite m\u00e9dicale, elle ne touchera plus qu\u2019une indemnit\u00e9 et non son salaire complet.<\/p>\n<\/p>\n<p>Une \u00ab\u00a0enqu\u00eate approfondie\u00a0\u00bb a \u00e9t\u00e9 lanc\u00e9e dans cette affaire \u00e0 la demande du minist\u00e8re allemand de l\u2019\u00c9ducation. \u00ab\u00a0J\u2019ai beaucoup de questions car je n\u2019ai jamais eu \u00e0 g\u00e9rer de cas similaire avant\u00a0\u00bb, a admis la ministre \u00e0 la presse. Un autre porte-parole du gouvernement a \u00e9galement r\u00e9agi \u00e0 la controverse cr\u00e9\u00e9e par cette affaire, d\u00e9clarant qu\u2019il \u00ab\u00a0comprenait l\u2019incompr\u00e9hension du public\u00a0\u00bb.<\/p>\n","protected":false},"excerpt":{"rendered":"Elle a totalement disparu des radars. En Allemagne, une enseignante de lyc\u00e9e fait l\u2019objet d\u2019une enqu\u00eate apr\u00e8s avoir&hellip;\n","protected":false},"author":2,"featured_media":383174,"comment_status":"","ping_status":"","sticky":false,"template":"","format":"standard","meta":{"footnotes":""},"categories":[1587],"tags":[47,11,672,1804,1805,1803,1736,1777,674,1801,74,12,1802,14099],"class_list":{"0":"post-383173","1":"post","2":"type-post","3":"status-publish","4":"format-standard","5":"has-post-thumbnail","7":"category-allemagne","8":"tag-actualite","9":"tag-actualites","10":"tag-allemagne","11":"tag-bundesrepublik-deutschland","12":"tag-de","13":"tag-deutschland","14":"tag-enseignant","15":"tag-eu","16":"tag-europe","17":"tag-germany","18":"tag-monde","19":"tag-news","20":"tag-republique-federale-dallemagne","21":"tag-salaire"},"share_on_mastodon":{"url":"https:\/\/pubeurope.com\/@fr\/115186548399124505","error":""},"_links":{"self":[{"href":"https:\/\/www.europesays.com\/fr\/wp-json\/wp\/v2\/posts\/383173","targetHints":{"allow":["GET"]}}],"collection":[{"href":"https:\/\/www.europesays.com\/fr\/wp-json\/wp\/v2\/posts"}],"about":[{"href":"https:\/\/www.europesays.com\/fr\/wp-json\/wp\/v2\/types\/post"}],"author":[{"embeddable":true,"href":"https:\/\/www.europesays.com\/fr\/wp-json\/wp\/v2\/users\/2"}],"replies":[{"embeddable":true,"href":"https:\/\/www.europesays.com\/fr\/wp-json\/wp\/v2\/comments?post=383173"}],"version-history":[{"count":0,"href":"https:\/\/www.europesays.com\/fr\/wp-json\/wp\/v2\/posts\/383173\/revisions"}],"wp:featuredmedia":[{"embeddable":true,"href":"https:\/\/www.europesays.com\/fr\/wp-json\/wp\/v2\/media\/383174"}],"wp:attachment":[{"href":"https:\/\/www.europesays.com\/fr\/wp-json\/wp\/v2\/media?parent=383173"}],"wp:term":[{"taxonomy":"category","embeddable":true,"href":"https:\/\/www.europesays.com\/fr\/wp-json\/wp\/v2\/categories?post=383173"},{"taxonomy":"post_tag","embeddable":true,"href":"https:\/\/www.europesays.com\/fr\/wp-json\/wp\/v2\/tags?post=383173"}],"curies":[{"name":"wp","href":"https:\/\/api.w.org\/{rel}","templated":true}]}}