{"id":383175,"date":"2025-09-11T16:13:12","date_gmt":"2025-09-11T16:13:12","guid":{"rendered":"https:\/\/www.europesays.com\/fr\/383175\/"},"modified":"2025-09-11T16:13:12","modified_gmt":"2025-09-11T16:13:12","slug":"les-etoiles-de-leurope-en-normandie-reviennent-pour-une-deuxieme-edition","status":"publish","type":"post","link":"https:\/\/www.europesays.com\/fr\/383175\/","title":{"rendered":"Les \u00c9toiles de l&rsquo;Europe en Normandie reviennent pour une deuxi\u00e8me \u00e9dition"},"content":{"rendered":"<p>\tLes \u00c9toiles de l&rsquo;Europe en Normandie reviennent pour une deuxi\u00e8me \u00e9dition &#8211; Touteleurope.eu<\/p>\n<p>\t\t<img decoding=\"async\" alt=\"fermer\" class=\"close-info\" src=\"https:\/\/www.touteleurope.eu\/wp-content\/themes\/toute_leurope\/assets\/images\/close-picto-blue.svg\"\/><\/p>\n<p>Touteleurope.eu est le site p\u00e9dagogique de r\u00e9f\u00e9rence sur les questions europ\u00e9ennes : <a href=\"https:\/\/www.touteleurope.eu\/qui-sommes-nous\/\" target=\"_blank\" rel=\"noopener\">Qui sommes-nous ?<\/a><\/p>\n<p><img decoding=\"async\" class=\"logo-pdf\" alt=\"Toute L'Europe \u2013 Comprendre l'Europe\" src=\"data:image\/svg+xml,%3Csvg%20xmlns=\" http:=\"\" data-lazy-src=\"https:\/\/www.touteleurope.eu\/wp-content\/themes\/toute_leurope\/assets\/images\/logo-ttl.svg\"\/><\/p>\n","protected":false},"excerpt":{"rendered":"Les \u00c9toiles de l&rsquo;Europe en Normandie reviennent pour une deuxi\u00e8me \u00e9dition &#8211; Touteleurope.eu Touteleurope.eu est le site p\u00e9dagogique&hellip;\n","protected":false},"author":2,"featured_media":383176,"comment_status":"","ping_status":"","sticky":false,"template":"","format":"standard","meta":{"footnotes":""},"categories":[1586],"tags":[11,1777,674,51594,35506,51595,51597,31226,1011,27,51598,51596,12,5161,1306,25],"class_list":{"0":"post-383175","1":"post","2":"type-post","3":"status-publish","4":"format-standard","5":"has-post-thumbnail","7":"category-europe","8":"tag-actualites","9":"tag-eu","10":"tag-europe","11":"tag-fonds-europeen-agricole-pour-le-developpement-rural-feader","12":"tag-fonds-europeen-de-developpement-regional-feder","13":"tag-fonds-europeen-pour-les-affaires-maritimes","14":"tag-fonds-pour-une-transition-juste-ftj","15":"tag-fonds-social-europeen","16":"tag-fr","17":"tag-france","18":"tag-interreg","19":"tag-la-peche-et-laquaculture-feampa","20":"tag-news","21":"tag-normandie","22":"tag-regions","23":"tag-republique-francaise"},"share_on_mastodon":{"url":"https:\/\/pubeurope.com\/@fr\/115186552678234316","error":""},"_links":{"self":[{"href":"https:\/\/www.europesays.com\/fr\/wp-json\/wp\/v2\/posts\/383175","targetHints":{"allow":["GET"]}}],"collection":[{"href":"https:\/\/www.europesays.com\/fr\/wp-json\/wp\/v2\/posts"}],"about":[{"href":"https:\/\/www.europesays.com\/fr\/wp-json\/wp\/v2\/types\/post"}],"author":[{"embeddable":true,"href":"https:\/\/www.europesays.com\/fr\/wp-json\/wp\/v2\/users\/2"}],"replies":[{"embeddable":true,"href":"https:\/\/www.europesays.com\/fr\/wp-json\/wp\/v2\/comments?post=383175"}],"version-history":[{"count":0,"href":"https:\/\/www.europesays.com\/fr\/wp-json\/wp\/v2\/posts\/383175\/revisions"}],"wp:featuredmedia":[{"embeddable":true,"href":"https:\/\/www.europesays.com\/fr\/wp-json\/wp\/v2\/media\/383176"}],"wp:attachment":[{"href":"https:\/\/www.europesays.com\/fr\/wp-json\/wp\/v2\/media?parent=383175"}],"wp:term":[{"taxonomy":"category","embeddable":true,"href":"https:\/\/www.europesays.com\/fr\/wp-json\/wp\/v2\/categories?post=383175"},{"taxonomy":"post_tag","embeddable":true,"href":"https:\/\/www.europesays.com\/fr\/wp-json\/wp\/v2\/tags?post=383175"}],"curies":[{"name":"wp","href":"https:\/\/api.w.org\/{rel}","templated":true}]}}