{"id":383181,"date":"2025-09-11T16:16:10","date_gmt":"2025-09-11T16:16:10","guid":{"rendered":"https:\/\/www.europesays.com\/fr\/383181\/"},"modified":"2025-09-11T16:16:10","modified_gmt":"2025-09-11T16:16:10","slug":"cinq-chercheurs-annulent-leur-participation-a-un-colloque-sur-lhistoire-des-juifs-de-france","status":"publish","type":"post","link":"https:\/\/www.europesays.com\/fr\/383181\/","title":{"rendered":"cinq chercheurs annulent leur participation \u00e0 un colloque sur l&rsquo;histoire des Juifs de France"},"content":{"rendered":"<p>Ils ont annul\u00e9 leur participation car \u00ab\u00a0un programme de recherche\u00a0\u00bb de l&rsquo;Universit\u00e9 h\u00e9bra\u00efque de J\u00e9rusalem \u00ab\u00a0finan\u00e7ait la participation d&rsquo;une doctorante\u00a0\u00bb, selon le Mus\u00e9e d&rsquo;art et d&rsquo;histoire du juda\u00efsme. Certains \u00ab\u00a0ont argu\u00e9 du fait que leur participation \u00e9quivalait \u00e0 soutenir le gouvernement isra\u00e9lien\u00a0\u00bb. D&rsquo;autres ont simplement fait r\u00e9f\u00e9rence \u00e0 la guerre \u00e0 Gaza.<\/p>\n<p>Plusieurs universitaires ont annul\u00e9 leur participation \u00e0 un colloque sur l&rsquo;histoire des Juifs de France, arguant notamment de motifs li\u00e9s \u00e0 la <a href=\"https:\/\/www.bfmtv.com\/international\/moyen-orient\/israel\/guerre-a-gaza-ursula-von-der-leyen-propose-des-sanctions-contre-les-ministres-extremistes-israeliens_AD-202509100442.html\" title=\"Guerre \u00e0 Gaza: Ursula von der Leyen propose des sanctions contre les ministres &quot;extr\u00e9mistes&quot; isra\u00e9liens\" class=\"internal_link\" rel=\"nofollow noopener\" target=\"_blank\">guerre \u00e0 Gaza<\/a>, indique jeudi le Mus\u00e9e d&rsquo;art et d&rsquo;histoire du juda\u00efsme (Mahj) qui d\u00e9plore un \u00ab\u00a0boycott sans pr\u00e9c\u00e9dent\u00a0\u00bb.<\/p>\n<p>\u00ab\u00a0Cinq chercheurs fran\u00e7ais ont r\u00e9cemment annul\u00e9 leur participation\u00a0\u00bb au colloque \u00ab\u00a0les histoires juives de Paris (Moyen \u00c2ge et \u00c9poque moderne)\u00a0\u00bb organis\u00e9 les 15 et 16 septembre dans la capitale, affirme le mus\u00e9e dans un communiqu\u00e9.<\/p>\n<p>C&rsquo;est \u00ab\u00a0la premi\u00e8re fois depuis sa cr\u00e9ation en 1998\u00a0\u00bb qu&rsquo;un tel \u00e9v\u00e9nement se produit, ajoute-t-il, sans citer le nom des chercheurs concern\u00e9s.<\/p>\n<p>Le colloque maintenu<\/p>\n<p>Les chercheurs ont annul\u00e9 \u00ab\u00a0au pr\u00e9texte qu&rsquo;un programme de recherche\u00a0\u00bb de l&rsquo;Universit\u00e9 h\u00e9bra\u00efque de J\u00e9rusalem \u00ab\u00a0finan\u00e7ait la participation d&rsquo;une doctorante\u00a0\u00bb, selon le communiqu\u00e9.<\/p>\n<p>Certains \u00ab\u00a0ont argu\u00e9 du fait que leur participation \u00e9quivalait \u00e0 soutenir le <a href=\"https:\/\/www.bfmtv.com\/international\/moyen-orient\/israel\/totale-desapprobation-escalade-dangereuse-le-plan-israelien-de-controle-de-gaza-denonce-par-la-communaute-internationale_AD-202508080443.html\" title=\"&quot;Totale d\u00e9sapprobation&quot;, &quot;escalade dangereuse&quot;: le plan isra\u00e9lien de contr\u00f4le de Gaza d\u00e9nonc\u00e9 par la communaut\u00e9 internationale\" class=\"internal_link\" rel=\"nofollow noopener\" target=\"_blank\">gouvernement isra\u00e9lien<\/a>. D&rsquo;autres ont simplement fait r\u00e9f\u00e9rence \u00e0 la guerre \u00e0 Gaza pour remettre en cause les modalit\u00e9s d&rsquo;organisation\u00a0\u00bb, ajoute le mus\u00e9e, qui a maintenu le colloque tout en le remaniant.<\/p>\n<blockquote class=\"embed embed_quote\"><p>\u00ab\u00a0Ce boycott (&#8230; ) dessert absurdement le monde universitaire isra\u00e9lien, dont certains repr\u00e9sentants figurent parmi les plus oppos\u00e9s \u00e0 la poursuite de la guerre \u00e0 Gaza\u00a0\u00bb et \u00ab\u00a0confond les chercheurs et les responsables politiques\u00a0\u00bb, ajoute-t-il.<\/p><\/blockquote>\n<p>\u00ab\u00a0Cela doit appeler des sanctions\u00a0\u00bb, a affirm\u00e9 \u00e0 l&rsquo;AFP Yonathan Arfi, pr\u00e9sident du Crif (Conseil repr\u00e9sentatif des institutions juives de France), en se disant \u00ab\u00a0malheureusement pas surpris, parce qu&rsquo;on est dans une p\u00e9riode o\u00f9 partout est en train de se poser une forme de chape de plomb avec une h\u00e9g\u00e9monie culturelle de l&rsquo;obsession et de la d\u00e9testation d&rsquo;Isra\u00ebl\u00a0\u00bb.<\/p>\n<p>\u00ab\u00a0Un crachat id\u00e9ologique\u00a0\u00bb<\/p>\n<p>De son c\u00f4t\u00e9, la Licra a d\u00e9nonc\u00e9 sur X un \u00ab\u00a0crachat id\u00e9ologique\u00a0\u00bb qui \u00ab\u00a0fragilise le principe m\u00eame de la recherche en remettant en cause son autonomie\u00a0\u00bb.<\/p>\n<p>La ministre d\u00e9missionnaire de la Culture Rachida Dati estime, de son c\u00f4t\u00e9, que \u00ab\u00a0ces appels au boycott r\u00e9p\u00e9t\u00e9s [&#8230;] deviennent des pr\u00e9textes \u00e0 un <a href=\"https:\/\/www.bfmtv.com\/police-justice\/une-hausse-de-75-des-actes-antimusulmans-et-un-niveau-tres-eleve-d-actes-antisemites-enregistres-debut-2025_AD-202507030555.html\" title=\"Une hausse de 75% des actes antimusulmans et un niveau &quot;tr\u00e8s \u00e9lev\u00e9&quot; d&#039;actes antis\u00e9mites enregistr\u00e9s d\u00e9but 2025\" class=\"internal_link\" rel=\"nofollow noopener\" target=\"_blank\">antis\u00e9mitisme<\/a> caract\u00e9ris\u00e9 et assum\u00e9. Ce n\u2019est plus une question d\u2019opinion, c\u2019est une question de justice et de politique p\u00e9nale\u00a0\u00bb.<\/p>\n<p>\u00ab\u00a0Conditionner la participation \u00e0 cet \u00e9v\u00e9nement au conflit de Gaza constitue une confusion dangereuse entre des r\u00e9alit\u00e9s sans rapport, et un amalgame qui fragilise la libert\u00e9 acad\u00e9mique\u00a0\u00bb, a affirm\u00e9 dans un communiqu\u00e9 Ariel Goldmann, pr\u00e9sident de la Fondation du juda\u00efsme fran\u00e7ais.<\/p>\n","protected":false},"excerpt":{"rendered":"Ils ont annul\u00e9 leur participation car \u00ab\u00a0un programme de recherche\u00a0\u00bb de l&rsquo;Universit\u00e9 h\u00e9bra\u00efque de J\u00e9rusalem \u00ab\u00a0finan\u00e7ait la participation&hellip;\n","protected":false},"author":2,"featured_media":383182,"comment_status":"","ping_status":"","sticky":false,"template":"","format":"standard","meta":{"footnotes":""},"categories":[2],"tags":[11,1011,27,12,25],"class_list":{"0":"post-383181","1":"post","2":"type-post","3":"status-publish","4":"format-standard","5":"has-post-thumbnail","7":"category-actualites","8":"tag-actualites","9":"tag-fr","10":"tag-france","11":"tag-news","12":"tag-republique-francaise"},"share_on_mastodon":{"url":"https:\/\/pubeurope.com\/@fr\/115186564064506190","error":""},"_links":{"self":[{"href":"https:\/\/www.europesays.com\/fr\/wp-json\/wp\/v2\/posts\/383181","targetHints":{"allow":["GET"]}}],"collection":[{"href":"https:\/\/www.europesays.com\/fr\/wp-json\/wp\/v2\/posts"}],"about":[{"href":"https:\/\/www.europesays.com\/fr\/wp-json\/wp\/v2\/types\/post"}],"author":[{"embeddable":true,"href":"https:\/\/www.europesays.com\/fr\/wp-json\/wp\/v2\/users\/2"}],"replies":[{"embeddable":true,"href":"https:\/\/www.europesays.com\/fr\/wp-json\/wp\/v2\/comments?post=383181"}],"version-history":[{"count":0,"href":"https:\/\/www.europesays.com\/fr\/wp-json\/wp\/v2\/posts\/383181\/revisions"}],"wp:featuredmedia":[{"embeddable":true,"href":"https:\/\/www.europesays.com\/fr\/wp-json\/wp\/v2\/media\/383182"}],"wp:attachment":[{"href":"https:\/\/www.europesays.com\/fr\/wp-json\/wp\/v2\/media?parent=383181"}],"wp:term":[{"taxonomy":"category","embeddable":true,"href":"https:\/\/www.europesays.com\/fr\/wp-json\/wp\/v2\/categories?post=383181"},{"taxonomy":"post_tag","embeddable":true,"href":"https:\/\/www.europesays.com\/fr\/wp-json\/wp\/v2\/tags?post=383181"}],"curies":[{"name":"wp","href":"https:\/\/api.w.org\/{rel}","templated":true}]}}