{"id":383189,"date":"2025-09-11T16:21:14","date_gmt":"2025-09-11T16:21:14","guid":{"rendered":"https:\/\/www.europesays.com\/fr\/383189\/"},"modified":"2025-09-11T16:21:14","modified_gmt":"2025-09-11T16:21:14","slug":"atp-en-grande-difficulte-stefanos-tsitsipas-prend-une-decision-importante-jai-realise-que-cela-me-ferait-du-bien-si-je-me-fixais-comme-objectif-de-ne-pas-utiliser-les-reseaux-sociaux","status":"publish","type":"post","link":"https:\/\/www.europesays.com\/fr\/383189\/","title":{"rendered":"ATP > En grande difficult\u00e9, Stefanos Tsitsipas prend une d\u00e9cision importante : \u00ab\u00a0J&rsquo;ai r\u00e9alis\u00e9 que cela me ferait du bien si je me fixais comme objectif de ne pas utiliser les r\u00e9seaux sociaux\u00a0\u00bb"},"content":{"rendered":"<p>Redescendu au 27e rang mondial et en grande diffi\u00adcult\u00e9 ces derniers mois, autant sur le plan tennis\u00adtique que physique, Stefanos Tsitsipas s\u2019est r\u00e9cem\u00adment exprim\u00e9 aupr\u00e8s des m\u00e9dias de son\u00a0pays.<\/p>\n<p>Et le Grec a mani\u00adfes\u00adte\u00adment d\u00e9cid\u00e9 de soigner son addic\u00adtion aux r\u00e9seaux sociaux en d\u00e9ci\u00addant de plus les utiliser. Une d\u00e9ci\u00adsion loin d\u2019\u00eatre anodine pour celui qui les utili\u00adsait parfois de mani\u00e8re outranci\u00e8re.\u00a0<\/p>\n<p><strong>\u00ab\u202fJe rel\u00e2che tout le stress en allant sur les r\u00e9seaux sociaux et en regar\u00addant des vid\u00e9os pendant des heures, parce que j\u2019aime \u00e7a. J\u2019ai r\u00e9alis\u00e9 que cela me ferait du bien si je me fixais comme objectif, pour l\u2019ann\u00e9e prochaine, les deux ou trois prochaines ann\u00e9es, voire plus, de ne pas utiliser les r\u00e9seaux sociaux. \u00ab\u202fJ\u2019ai parl\u00e9 \u00e0 l\u2019\u00e9quipe qui m\u2019aide sur les r\u00e9seaux sociaux et j\u2019ai choisi de\u00a0me d\u00e9sa\u00adbonner de tous ceux que je suivais aupa\u00adra\u00advant. Ce n\u2019est pas \u00e0 cause des personnes que je suivais aupa\u00adra\u00advant, mais plut\u00f4t parce que\u00a0je veux m\u2019af\u00adfran\u00adchir des r\u00e9seaux sociaux\u00a0. Ces derniers temps, avec tous les voyages et le stress que j\u2019ai v\u00e9cus,\u00a0j\u2019ai trouv\u00e9 la paix en me d\u00e9con\u00adnec\u00adtant du stress gr\u00e2ce aux r\u00e9seaux sociaux\u00a0, ce qui est une erreur. Mon objectif est de montrer que j\u2019ar\u00adr\u00eate les r\u00e9seaux sociaux et d\u2019in\u00adciter\u00a0les jeunes\u00a0, qu\u2019ils soient spor\u00adtifs ou non, \u00e0 s\u2019y mettre aussi.\u202f\u00bb<\/strong><\/p>\n<p class=\"post-published-date\" style=\"color: silver; font-size: 75%; text-align: left;\">Publi\u00e9 le jeudi 11 septembre 2025 \u00e0 17:03<\/p>\n","protected":false},"excerpt":{"rendered":"Redescendu au 27e rang mondial et en grande diffi\u00adcult\u00e9 ces derniers mois, autant sur le plan tennis\u00adtique que&hellip;\n","protected":false},"author":2,"featured_media":383190,"comment_status":"","ping_status":"","sticky":false,"template":"","format":"standard","meta":{"footnotes":""},"categories":[1415],"tags":[1011,27,60,1467,5443],"class_list":{"0":"post-383189","1":"post","2":"type-post","3":"status-publish","4":"format-standard","5":"has-post-thumbnail","7":"category-tennis","8":"tag-fr","9":"tag-france","10":"tag-sports","11":"tag-tennis","12":"tag-tsitsipas"},"share_on_mastodon":{"url":"https:\/\/pubeurope.com\/@fr\/115186583681530759","error":""},"_links":{"self":[{"href":"https:\/\/www.europesays.com\/fr\/wp-json\/wp\/v2\/posts\/383189","targetHints":{"allow":["GET"]}}],"collection":[{"href":"https:\/\/www.europesays.com\/fr\/wp-json\/wp\/v2\/posts"}],"about":[{"href":"https:\/\/www.europesays.com\/fr\/wp-json\/wp\/v2\/types\/post"}],"author":[{"embeddable":true,"href":"https:\/\/www.europesays.com\/fr\/wp-json\/wp\/v2\/users\/2"}],"replies":[{"embeddable":true,"href":"https:\/\/www.europesays.com\/fr\/wp-json\/wp\/v2\/comments?post=383189"}],"version-history":[{"count":0,"href":"https:\/\/www.europesays.com\/fr\/wp-json\/wp\/v2\/posts\/383189\/revisions"}],"wp:featuredmedia":[{"embeddable":true,"href":"https:\/\/www.europesays.com\/fr\/wp-json\/wp\/v2\/media\/383190"}],"wp:attachment":[{"href":"https:\/\/www.europesays.com\/fr\/wp-json\/wp\/v2\/media?parent=383189"}],"wp:term":[{"taxonomy":"category","embeddable":true,"href":"https:\/\/www.europesays.com\/fr\/wp-json\/wp\/v2\/categories?post=383189"},{"taxonomy":"post_tag","embeddable":true,"href":"https:\/\/www.europesays.com\/fr\/wp-json\/wp\/v2\/tags?post=383189"}],"curies":[{"name":"wp","href":"https:\/\/api.w.org\/{rel}","templated":true}]}}