{"id":383191,"date":"2025-09-11T16:23:16","date_gmt":"2025-09-11T16:23:16","guid":{"rendered":"https:\/\/www.europesays.com\/fr\/383191\/"},"modified":"2025-09-11T16:23:16","modified_gmt":"2025-09-11T16:23:16","slug":"morbidelli-reconnait-avoir-du-mal-a-se-plier-aux-demandes-des-commissaires","status":"publish","type":"post","link":"https:\/\/www.europesays.com\/fr\/383191\/","title":{"rendered":"Morbidelli reconna\u00eet avoir \u00ab\u00a0du mal\u00a0\u00bb \u00e0 se plier aux demandes des commissaires"},"content":{"rendered":"<p>Course apr\u00e8s course, <a href=\"https:\/\/fr.motorsport.com\/driver\/franco-morbidelli\/109417\/\" target=\"_blank\" rel=\"noopener nofollow\">Franco Morbidelli<\/a> se forge une r\u00e9putation de mauvais \u00e9l\u00e8ve r\u00e9guli\u00e8rement convoqu\u00e9 dans le bureau du directeur. Depuis le d\u00e9but de la saison, l&rsquo;Italien a \u00e9t\u00e9 p\u00e9nalis\u00e9 deux fois pour avoir g\u00ean\u00e9 des pilotes pendant les essais, <a href=\"https:\/\/fr.motorsport.com\/driver\/pecco-bagnaia\/109394\/\" target=\"_blank\" rel=\"noopener nofollow\">Pecco Bagnaia<\/a> au <a href=\"https:\/\/fr.motorsport.com\/motogp\/news\/morbidelli-penalite-bagnaia-merite-thailande\/10699182\/\" rel=\"nofollow noopener\" target=\"_blank\">GP de Tha\u00eflande<\/a> puis <a href=\"https:\/\/fr.motorsport.com\/driver\/marco-bezzecchi\/441839\/\" target=\"_blank\" rel=\"noopener nofollow\">Marco Bezzecchi<\/a> au <a href=\"https:\/\/fr.motorsport.com\/motogp\/news\/morbidelli-encore-penalise-gene-pilote\/10725730\/\" rel=\"nofollow noopener\" target=\"_blank\">GP de Grande-Bretagne<\/a>.<\/p>\n<p>Son attitude en course lui a aussi valu plusieurs sanctions. Morbidelli a plusieurs fois re\u00e7u des long-laps, quand il a percut\u00e9 <a href=\"https:\/\/fr.motorsport.com\/driver\/maverick-vinales\/96553\/\" target=\"_blank\" rel=\"noopener nofollow\">Maverick Vi\u00f1ales<\/a> au <a href=\"https:\/\/fr.motorsport.com\/motogp\/news\/morbidelli-coupable-vinales-passe-autre-chose\/10735260\/\" rel=\"nofollow noopener\" target=\"_blank\">GP d&rsquo;Italie<\/a>, ou encore pour avoir tir\u00e9 un avantage face \u00e0 <a href=\"https:\/\/fr.motorsport.com\/driver\/luca-marini\/201098\/\" target=\"_blank\" rel=\"noopener nofollow\">Luca Marini<\/a> en passant hors de la piste au <a href=\"https:\/\/fr.motorsport.com\/motogp\/news\/morbidelli-pas-daccord-penalite-course\/10753655\/\" rel=\"nofollow noopener\" target=\"_blank\">GP de Hongrie<\/a>.<\/p>\n<p>Lors du week-end de Barcelone, Morbidelli a \u00e9t\u00e9 p\u00e9nalis\u00e9 deux fois\u00a0: <a href=\"https:\/\/fr.motorsport.com\/motogp\/news\/morbidelli-aldeguer-penalises-responsables-chutes-sprint\/10757075\/\" rel=\"nofollow noopener\" target=\"_blank\">la premi\u00e8re par un long-lap<\/a> pour avoir percut\u00e9 <a href=\"https:\/\/fr.motorsport.com\/driver\/jorge-martin\/109391\/\" target=\"_blank\" rel=\"noopener nofollow\">Jorge Mart\u00edn<\/a> pendant la course sprint, la seconde pour ne pas avoir respect\u00e9 les consignes des commissaires de piste apr\u00e8s une chute en course principale. L&rsquo;Italien sera ainsi <a href=\"https:\/\/fr.motorsport.com\/motogp\/news\/morbidelli-penalise-grand-prix-saint-marin\/10757621\/\" rel=\"nofollow noopener\" target=\"_blank\">priv\u00e9 des dix premi\u00e8res minutes des EL1<\/a> ce vendredi au GP de Saint-Marin.<\/p>\n<p>Morbidelli se sait dans l&rsquo;\u0153il du cyclone, et assurait m\u00eame <a href=\"https:\/\/fr.motorsport.com\/motogp\/news\/morbidelli-sent-cible-penalite-arrive-souvent-autres\/10725822\/\" rel=\"nofollow noopener\" target=\"_blank\">se sentir un peu trop cibl\u00e9 \u00e0 Silverstone<\/a>. Tout en \u00e9tant conscient que quelque chose ne va pas dans son approche, et en jugeant constructives les discussions avec les commissaires de course, il reconna\u00eet ses difficult\u00e9s \u00e0 suivre leurs injonctions.<\/p>\n<p>\u00ab\u00a0C&rsquo;est s\u00fbr que c&rsquo;est un moment tendu pour moi\u00a0\u00bb, a conc\u00e9d\u00e9 Morbidelli. \u00ab\u00a0J&rsquo;ai eu beaucoup de rencontres avec les commissaires de course, on a beaucoup discut\u00e9 et ils ont essay\u00e9 de m&rsquo;expliquer la fa\u00e7on dont ils voient les choses et dont ils les jugent. R\u00e9cemment, en tout cas, on a eu du mal \u00e0 trouver un bon rythme, j&rsquo;ai eu du mal \u00e0 mettre en \u0153uvre exactement ce qu&rsquo;ils me demandent, \u00e0 cause de ma fa\u00e7on de courir, \u00e0 cause de ma fa\u00e7on d&rsquo;\u00eatre, ce que j&rsquo;ai toujours \u00e9t\u00e9. C&rsquo;est vraiment un moment tendu.\u00a0\u00bb<\/p>\n<p>\u00ab\u00a0Ce n&rsquo;est pas la premi\u00e8re fois que \u00e7a arrive \u00e0 un pilote, que ceux qui nous prot\u00e8gent lui tombent dessus. Comme je l&rsquo;ai toujours dit, je suis toujours ouvert \u00e0 la discussion avec les commissaires de course et je respecterai toujours leurs choix. J&rsquo;essaierai toujours de mettre en \u0153uvre ce qu&rsquo;ils me demandent. C&rsquo;est probablement un processus que j&rsquo;essaie de compl\u00e9ter. J&rsquo;esp\u00e8re y arriver tr\u00e8s vite parce c&rsquo;est s\u00fbr qu&rsquo;il y a de plus en plus de p\u00e9nalit\u00e9s.\u00a0\u00bb<\/p>\n<p>Morbidelli conteste l&rsquo;\u00e9pisode de Barcelone<br \/>\n   <img decoding=\"async\" draggable=\"false\" src=\"https:\/\/www.europesays.com\/fr\/wp-content\/uploads\/2025\/09\/1757283680_53_franco-morbidelli-vr46-racing-.jpg\" alt=\"Franco Morbidelli, VR46 Racing Team\" width=\"1200\" height=\"800\" loading=\"lazy\"\/> <\/p>\n<p class=\"title\">Franco Morbidelli avec les commissaires de piste \u00e0 Barcelone.<\/p>\n<p class=\"photographer\">Photo de: Gold and Goose Photography \/ LAT Images \/ via Getty Images<\/p>\n<p>Franco Morbidelli a profit\u00e9 de sa rencontre avec les journalistes pour contester la derni\u00e8re sanction re\u00e7ue. La d\u00e9cision \u00e9voquait un \u00ab\u00a0comportement irresponsable\u00a0\u00bb en n&rsquo;ayant pas \u00e9cout\u00e9 les instructions des commissaires de piste apr\u00e8s sa chute au GP de Catalogne, ce qu&rsquo;il conteste, estimant qu&rsquo;il s&rsquo;agit surtout de l&rsquo;opinion de la direction de course.<\/p>\n<p>\u00ab\u00a0Ce n&rsquo;est pas tr\u00e8s clair pour moi parce qu&rsquo;on dirait que les commissaires de piste me disaient de ne pas repartir, mais en fait, ils ne me disaient pas de ne pas repartir, ils me disaient de revenir dans la voie des stands par un autre chemin. Je pense que le probl\u00e8me est que l&rsquo;endroit o\u00f9 j&rsquo;ai repris la course n&rsquo;\u00e9tait pas id\u00e9al selon [la direction de course], il ne s&rsquo;agit pas des commissaires. La direction de course n&rsquo;a pas appr\u00e9ci\u00e9 l&rsquo;endroit o\u00f9 j&rsquo;ai repris la piste et j&rsquo;ai pris la p\u00e9nalit\u00e9.\u00a0\u00bb<\/p>\n<p>\u00ab\u00a0Ce que j&rsquo;aimerais clarifier, c&rsquo;est que je ne n&rsquo;\u00e9tais pas en d\u00e9saccord avec les commissaires de piste, en fait ils m&rsquo;incitaient \u00e0 repartir. Je les ai remerci\u00e9s apr\u00e8s qu&rsquo;ils m&rsquo;aient aid\u00e9 \u00e0 red\u00e9marrer la moto et je les remercie encore parce que c&rsquo;\u00e9tait un bon boulot de sortir la moto d&rsquo;o\u00f9 je suis tomb\u00e9, de la mettre \u00e0 l&rsquo;ext\u00e9rieur du virage 10, de la red\u00e9marrer et de me pousser. C&rsquo;\u00e9tait le plus important pour moi. Je tiens \u00e0 clarifier que je n&rsquo;ai pas \u00e9t\u00e9 impoli avec les commissaires. J&rsquo;ai peut-\u00eatre repris la piste depuis un endroit d&rsquo;o\u00f9 je ne devais pas repartir.\u00a0\u00bb<\/p>\n<p>\u00ab\u00a0Je voulais clarifier que je n&rsquo;ai pas \u00e9t\u00e9 impoli avec les commissaires de piste\u00a0\u00bb, a insist\u00e9 Morbidelli. \u00ab\u00a0Ils travaillent avec nous, ils prennent de gros risques quand ils vont en piste et qu&rsquo;ils essaient de relancer une moto. Ma moto a pris feu donc l&rsquo;un d&rsquo;entre eux est reparti puis est revenu avec l&rsquo;extincteur, et on a \u00e9teint l&rsquo;incendie. Je n&rsquo;ai eu aucun souci avec les commissaires de piste.\u00a0\u00bb<\/p>\n<p>Morbidelli s&rsquo;est dit satisfait de l&rsquo;\u00e9pisode avec les commissaires de piste et de ses \u00e9changes avec les commissaires de course par la suite, mais il n&rsquo;a pas pu s&rsquo;expliquer avec Mike Webb, le directeur de course\u00a0: \u00ab\u00a0Il y a eu une communication entre le coll\u00e8ge des commissaires de course et moi, mais pas avec la direction de course.\u00a0\u00bb<\/p>\n<p>Lire aussi :<\/p>\n<p>Dans cet article<\/p>\n<p>Soyez le premier inform\u00e9 et souscrivez aux alertes mails pour recevoir les infos en temps r\u00e9el<\/p>\n<p>    S&rsquo;abonner aux alertes de news<\/p>\n","protected":false},"excerpt":{"rendered":"Course apr\u00e8s course, Franco Morbidelli se forge une r\u00e9putation de mauvais \u00e9l\u00e8ve r\u00e9guli\u00e8rement convoqu\u00e9 dans le bureau du&hellip;\n","protected":false},"author":2,"featured_media":383192,"comment_status":"","ping_status":"","sticky":false,"template":"","format":"standard","meta":{"footnotes":""},"categories":[1413],"tags":[1011,27,7985,51599,1457,1456,1458,60,7276],"class_list":{"0":"post-383191","1":"post","2":"type-post","3":"status-publish","4":"format-standard","5":"has-post-thumbnail","7":"category-moto","8":"tag-fr","9":"tag-france","10":"tag-franco-morbidelli","11":"tag-morbidelli-reconnau00eet-avoir-du-mal-u00e0-se-plier-aux-demandes-des-commissaires","12":"tag-moto","13":"tag-motocycle","14":"tag-motogp","15":"tag-sports","16":"tag-team-vr46"},"share_on_mastodon":{"url":"https:\/\/pubeurope.com\/@fr\/115186592113221705","error":""},"_links":{"self":[{"href":"https:\/\/www.europesays.com\/fr\/wp-json\/wp\/v2\/posts\/383191","targetHints":{"allow":["GET"]}}],"collection":[{"href":"https:\/\/www.europesays.com\/fr\/wp-json\/wp\/v2\/posts"}],"about":[{"href":"https:\/\/www.europesays.com\/fr\/wp-json\/wp\/v2\/types\/post"}],"author":[{"embeddable":true,"href":"https:\/\/www.europesays.com\/fr\/wp-json\/wp\/v2\/users\/2"}],"replies":[{"embeddable":true,"href":"https:\/\/www.europesays.com\/fr\/wp-json\/wp\/v2\/comments?post=383191"}],"version-history":[{"count":0,"href":"https:\/\/www.europesays.com\/fr\/wp-json\/wp\/v2\/posts\/383191\/revisions"}],"wp:featuredmedia":[{"embeddable":true,"href":"https:\/\/www.europesays.com\/fr\/wp-json\/wp\/v2\/media\/383192"}],"wp:attachment":[{"href":"https:\/\/www.europesays.com\/fr\/wp-json\/wp\/v2\/media?parent=383191"}],"wp:term":[{"taxonomy":"category","embeddable":true,"href":"https:\/\/www.europesays.com\/fr\/wp-json\/wp\/v2\/categories?post=383191"},{"taxonomy":"post_tag","embeddable":true,"href":"https:\/\/www.europesays.com\/fr\/wp-json\/wp\/v2\/tags?post=383191"}],"curies":[{"name":"wp","href":"https:\/\/api.w.org\/{rel}","templated":true}]}}