{"id":383193,"date":"2025-09-11T16:24:22","date_gmt":"2025-09-11T16:24:22","guid":{"rendered":"https:\/\/www.europesays.com\/fr\/383193\/"},"modified":"2025-09-11T16:24:22","modified_gmt":"2025-09-11T16:24:22","slug":"verdict-de-lagence-fitch-attal-en-ukraine-fete-de-lhuma-les-4-infos-dont-vous-allez-entendre-parler-demain","status":"publish","type":"post","link":"https:\/\/www.europesays.com\/fr\/383193\/","title":{"rendered":"Verdict de l\u2019agence Fitch, Attal en Ukraine, F\u00eate de l\u2019Huma\u2026. Les 4 infos dont vous allez entendre parler demain"},"content":{"rendered":"<p>L\u2019agence de notation financi\u00e8re Fitch actualisera la note souveraine attribu\u00e9e \u00e0 la France sur sa dette ce vendredi\u00a012\u00a0septembre. Actuellement not\u00e9e \u00ab\u00a0AA\u00a0\u00bb, la France pourrait \u00eatre r\u00e9trograd\u00e9e \u00e0 \u00ab\u00a0A\u00a0\u00bb, un cran symboliquement et financi\u00e8rement lourd de cons\u00e9quences. Une telle d\u00e9gradation signifierait un risque accru aux yeux des investisseurs internationaux\u00a0: de nombreux fonds de pension et grands assureurs cesseraient alors d\u2019acheter de la dette fran\u00e7aise, ce qui pourrait fragiliser le financement du pays.<\/p>\n<p>L\u2019\u00e9conomiste Nicolas Doze souligne toutefois que les march\u00e9s ne devraient pas surr\u00e9agir, la trajectoire budg\u00e9taire de 2025 \u00e9tant jug\u00e9e globalement respect\u00e9e. L\u2019enjeu d\u00e9passe n\u00e9anmoins la France\u00a0: une baisse de note pourrait raviver les tensions au sein de la zone euro et menacer sa stabilit\u00e9. Pour autant, rappelle l\u2019\u00e9ditorialiste, les agences de notation n\u2019ont aucun int\u00e9r\u00eat \u00e0 \u00eatre per\u00e7ues comme responsables du d\u00e9clenchement d\u2019une nouvelle crise financi\u00e8re. Cela pourrait donc inciter Fitch \u00e0 maintenir la note fran\u00e7aise cette fois-ci. Apr\u00e8s ce rendez-vous du 12\u00a0septembre, les prochaines \u00e9ch\u00e9ances interviendront le 24\u00a0octobre avec Moody\u2019s et le 28\u00a0novembre avec Standard &amp; Poor\u2019s.<\/p>\n<p>2 &#8211; Gabriel Attal se rend en Ukraine<\/p>\n<p>    <img decoding=\"async\" src=\"https:\/\/www.europesays.com\/fr\/wp-content\/uploads\/2025\/09\/abaca_964132_051.jpeg\" alt=\"Le patron de Renaissance Gabriel Attal.\" loading=\"lazy\"\/><\/p>\n<p>\n      Le patron de Renaissance Gabriel Attal. <\/p>\n<p>                ABACA<br \/>\n                      \/<br \/>\n                                \u00a9 Blondet Eliot<\/p>\n<p><a href=\"https:\/\/www.lejdd.fr\/bio\/gabriel-attal\" target=\"_blank\" rel=\"noopener\">Gabriel Attal<\/a> se rendra pour la troisi\u00e8me fois cette ann\u00e9e en Ukraine, ce vendredi\u00a012\u00a0septembre. Le patron de Renaissance est notamment invit\u00e9 \u00e0 une conf\u00e9rence du YES Forum, \u00e0 laquelle participeront le dirigeant ukrainien <a href=\"https:\/\/www.lejdd.fr\/volodymyr-zelensky\" target=\"_blank\" rel=\"noopener\">Volodymyr Zelensky<\/a>, Boris Johnson et des ministres europ\u00e9ens. L\u2019ancien Premier ministre s&rsquo;entretiendra \u00e9galement avec des membres du gouvernement ukrainien et le pr\u00e9sident du Parlement. Enfin, il se rendra \u00e0 Odessa, o\u00f9 il ira \u00e0 la rencontre de la communaut\u00e9 juive.<\/p>\n<p>Il y a exactement un an, Gabriel Attal avait particip\u00e9 en Ukraine \u00e0 la conf\u00e9rence Yalta European Strategy \u00e0 Kiev, aux c\u00f4t\u00e9s de Volodymyr Zelensky. Il avait d\u00e9j\u00e0 rencontr\u00e9 des dirigeants ukrainiens et des membres de la communaut\u00e9 fran\u00e7aise et avait \u00e9galement visit\u00e9 Odessa, une ville durement touch\u00e9e par la guerre.<\/p>\n<p>3 &#8211; 90e F\u00eate de l\u2019Humanit\u00e9<\/p>\n<p><a href=\"https:\/\/www.lejdd.fr\/Politique\/quest-ce-que-la-fete-de-lhumanite-4065668\" target=\"_blank\" rel=\"noopener\">La F\u00eate de l\u2019Humanit\u00e9<\/a> fait son retour ce week-end, du 12 au 14\u00a0septembre 2025, sur l\u2019ancienne base a\u00e9rienne 217 du Plessis-P\u00e2t\u00e9, en Essonne. Cr\u00e9\u00e9 en 1930 par Marcel Cachin et organis\u00e9 par le journal L\u2019Humanit\u00e9, le rendez-vous f\u00eate cette ann\u00e9e sa 90e \u00e9dition. Plus d\u2019un demi-million de festivaliers y sont attendus pour trois jours m\u00ealant concerts, d\u00e9bats, arts vivants, expositions et village du livre. C\u00f4t\u00e9 musique\u00a0: Patti Smith en quartet, Eddy de Pretto, Hoshi, Fianso, Aliocha Schneider, mais aussi Gims, Youssou N\u2019Dour, Youssoupha, Kompromat, Bagarre, Zamdane, Kalash, Theodora ou encore Sa\u00efan Supa Celebration.<\/p>\n<p>    La suite apr\u00e8s cette publicit\u00e9<\/p>\n<p>Depuis son installation en Essonne en 2022, le festival poursuit son enracinement sur ce site, apr\u00e8s avoir quitt\u00e9 La Courneuve en raison des Jeux olympiques. Parmi les personnalit\u00e9s attendues\u00a0: Camille \u00c9tienne, Patrick Boucheron et Paul Watson.<\/p>\n<p>4 &#8211; Jugement de trois fr\u00e8res pour avoir frapp\u00e9 \u00e0 coups de couteau un lyc\u00e9en d\u2019\u00c9chirolles<\/p>\n<p>Le d\u00e9lib\u00e9r\u00e9 est attendu ce 12\u00a0septembre dans l\u2019affaire des trois fr\u00e8res jug\u00e9s \u00e0 Grenoble pour l\u2019agression d\u2019un lyc\u00e9en d\u2019\u00c9chirolles, le 17\u00a0avril 2025. Ce jour-l\u00e0, l\u2019adolescent de 17\u00a0ans a surv\u00e9cu \u00e0 11 coups de couteau, dont un perforant au thorax. Deux mois plus tard, trois fr\u00e8res de 25, 28 et 31\u00a0ans \u00e9taient interpell\u00e9s\u00a0: deux plac\u00e9s en d\u00e9tention, le troisi\u00e8me sous contr\u00f4le judiciaire. \u00c0 l\u2019audience du 2\u00a0septembre, seul le plus jeune a reconnu sa pr\u00e9sence, confondu par la vid\u00e9osurveillance. Il \u00e9voque un moment \u00ab\u00a0d\u2019absence\u00a0\u00bb, affirmant \u00eatre venu prot\u00e9ger un cadet scolaris\u00e9 au lyc\u00e9e.<\/p>\n<p>Les deux a\u00een\u00e9s nient leur participation, malgr\u00e9 des \u00e9l\u00e9ments accablants\u00a0: bornages t\u00e9l\u00e9phoniques, v\u00e9hicule lou\u00e9 aper\u00e7u sur place, pantalon entaill\u00e9 et couteau retrouv\u00e9. Le parquet a requis quatre ans de prison dont un an avec sursis pour les deux plus \u00e2g\u00e9s, et quatre ans dont trois avec sursis pour le plus jeune. La d\u00e9fense d\u00e9nonce un dossier lacunaire, des preuves indirectes et insiste sur l\u2019absence de pr\u00e9m\u00e9ditation, ainsi que sur les excuses pr\u00e9sent\u00e9es \u00e0 la victime.<\/p>\n<p>5 &#8211; La Bonne Nouvelle du jour<\/p>\n<p>Bonne nouvelle pour les voyageurs\u00a0: depuis ce 9\u00a0septembre, Air France propose d\u00e9j\u00e0 le wifi haut d\u00e9bit gratuit dans quatre de ses avions, deux Embraer 190 et deux Airbus A220. Un Airbus A350 en sera \u00e9quip\u00e9 cette semaine. Annonc\u00e9 il y a un an, le projet avance rapidement\u00a0: la compagnie vise 30\u00a0% de sa flotte connect\u00e9e d\u2019ici fin 2025, puis l\u2019int\u00e9gralit\u00e9 &#8211; y compris les vols r\u00e9gionaux &#8211; d\u2019ici fin 2026.<\/p>\n<p>Le service est accessible \u00e0 tous les membres du programme Flying Blue, qu\u2019il suffit de rejoindre gratuitement, et permet de discuter, travailler, regarder des films ou jouer en ligne sans interruption, gr\u00e2ce au partenariat avec Starlink, la constellation de satellites d\u2019Elon Musk. En parall\u00e8le, Air France continue de proposer son offre de divertissement \u00e0 bord avec un catalogue de films et de cr\u00e9ations fran\u00e7aises.<\/p>\n","protected":false},"excerpt":{"rendered":"L\u2019agence de notation financi\u00e8re Fitch actualisera la note souveraine attribu\u00e9e \u00e0 la France sur sa dette ce vendredi\u00a012\u00a0septembre.&hellip;\n","protected":false},"author":2,"featured_media":383194,"comment_status":"","ping_status":"","sticky":false,"template":"","format":"standard","meta":{"footnotes":""},"categories":[1412],"tags":[1451,1452,1453,1454,1455,1011,27,60],"class_list":{"0":"post-383193","1":"post","2":"type-post","3":"status-publish","4":"format-standard","5":"has-post-thumbnail","7":"category-f1","8":"tag-f1","9":"tag-formula-1","10":"tag-formula1","11":"tag-formule-1","12":"tag-formule1","13":"tag-fr","14":"tag-france","15":"tag-sports"},"share_on_mastodon":{"url":"https:\/\/pubeurope.com\/@fr\/115186595621205038","error":""},"_links":{"self":[{"href":"https:\/\/www.europesays.com\/fr\/wp-json\/wp\/v2\/posts\/383193","targetHints":{"allow":["GET"]}}],"collection":[{"href":"https:\/\/www.europesays.com\/fr\/wp-json\/wp\/v2\/posts"}],"about":[{"href":"https:\/\/www.europesays.com\/fr\/wp-json\/wp\/v2\/types\/post"}],"author":[{"embeddable":true,"href":"https:\/\/www.europesays.com\/fr\/wp-json\/wp\/v2\/users\/2"}],"replies":[{"embeddable":true,"href":"https:\/\/www.europesays.com\/fr\/wp-json\/wp\/v2\/comments?post=383193"}],"version-history":[{"count":0,"href":"https:\/\/www.europesays.com\/fr\/wp-json\/wp\/v2\/posts\/383193\/revisions"}],"wp:featuredmedia":[{"embeddable":true,"href":"https:\/\/www.europesays.com\/fr\/wp-json\/wp\/v2\/media\/383194"}],"wp:attachment":[{"href":"https:\/\/www.europesays.com\/fr\/wp-json\/wp\/v2\/media?parent=383193"}],"wp:term":[{"taxonomy":"category","embeddable":true,"href":"https:\/\/www.europesays.com\/fr\/wp-json\/wp\/v2\/categories?post=383193"},{"taxonomy":"post_tag","embeddable":true,"href":"https:\/\/www.europesays.com\/fr\/wp-json\/wp\/v2\/tags?post=383193"}],"curies":[{"name":"wp","href":"https:\/\/api.w.org\/{rel}","templated":true}]}}