{"id":383195,"date":"2025-09-11T16:25:13","date_gmt":"2025-09-11T16:25:13","guid":{"rendered":"https:\/\/www.europesays.com\/fr\/383195\/"},"modified":"2025-09-11T16:25:13","modified_gmt":"2025-09-11T16:25:13","slug":"stefan-kung-sexprime-sur-les-manifestations-pro-palestine-qui-se-multiplient-sur-la-vuelta","status":"publish","type":"post","link":"https:\/\/www.europesays.com\/fr\/383195\/","title":{"rendered":"Stefan K\u00fcng s&rsquo;exprime sur les manifestations pro-Palestine qui se multiplient sur la Vuelta"},"content":{"rendered":"\n<p class=\"Paragraph__content\" data-v-e14a34bc=\"\">Vainqueur du chrono l&rsquo;an pass\u00e9 \u00e0 Madrid, Stefan K\u00fcng a lutt\u00e9 ce jeudi dans les rues de Valladolid (\u00e0 11 secondes de Filippo Ganna) en raison d&rsquo;une condition physique pr\u00e9caire, un mois apr\u00e8s avoir \u00e9t\u00e9 touch\u00e9 par la Covid. Le Suisse de Groupama-FDJ a pu s&rsquo;exprimer sur la route, sans entrave, malgr\u00e9 les manifestations pro-palestiniennes, encore nombreuses, dans la cit\u00e9 espagnole et sur lesquelles il s&rsquo;exprime avec franchise.<\/p>\n<p class=\"Paragraph__content\" data-v-e14a34bc=\"\"><b>\u00ab\u00a0Comment vous \u00eates-vous senti sur ce chrono\u00a0?<\/b><br \/>Physiquement, cette Vuelta a \u00e9t\u00e9 tr\u00e8s compliqu\u00e9e pour moi, j&rsquo;\u00e9tais loin de mes meilleures sensations. J&rsquo;ai eu le Covid d\u00e9but ao\u00fbt, et depuis je gal\u00e8re. Il manque ce petit pourcentage, le corps n&rsquo;arrive pas \u00e0 se mettre \u00e0 la limite, j&rsquo;ai l&rsquo;impression de ne pas avoir la jambe. Pourtant, je me suis battu, je me suis arrach\u00e9, j&rsquo;ai souffert mais c&rsquo;est tr\u00e8s compliqu\u00e9 car l&rsquo;an pass\u00e9, j&rsquo;avais affront\u00e9 le chrono \u00e0 Madrid avec le plein de confiance. Ce n&rsquo;\u00e9tait pas le cas ici mais dans ma situation actuelle, le changement de parcours m&rsquo;a avantag\u00e9. J&rsquo;ai tout donn\u00e9, j&rsquo;ai fini fort mais dans des lignes droites o\u00f9 il faut rouler \u00e0 70km\/h, Filippo (Ganna) est le plus fort au monde. Je n&rsquo;aurais pas pu faire plus. C&rsquo;est plut\u00f4t positif quand m\u00eame aujourd&rsquo;hui car je joue avec les meilleurs du monde.<\/p>\n<p class=\"Paragraph__content\" data-v-e14a34bc=\"\"><b>Avez-vous \u00e9t\u00e9 d\u00e9stabilis\u00e9 par les manifestations sur le parcours\u00a0?<\/b><br \/>Non, pas du tout, j&rsquo;\u00e9tais concentr\u00e9 sur le chrono, sur ce que j&rsquo;avais \u00e0 faire.<\/p>\n<p class=\"Quote__content\" data-v-6808232a=\"\">\u00ab\u00a0Nous ne sommes que des sportifs, des coureurs cyclistes. Pareil pour ceux qui courent pour Israel Premier Tech, ce ne sont pas des soldats, ce sont des humains\u00a0\u00bb<\/p>\n<p class=\"Paragraph__content\" data-v-e14a34bc=\"\"><b>Vous n&rsquo;avez pas entendu les sifflets, les slogans\u00a0?<\/b><br \/>Non, pas aujourd&rsquo;hui, mais les jours pr\u00e9c\u00e9dents, oui. Je pr\u00e9f\u00e8re un chrono de 12 kilom\u00e8tres sans probl\u00e8me plut\u00f4t qu&rsquo;une \u00e9tape qui part encore en vrille. C&rsquo;est un sport tellement beau, la Vuelta est une belle course bien organis\u00e9e et il ne faut pas oublier que nous ne sommes que des sportifs, des coureurs cyclistes. Pareil pour ceux qui courent pour Israel Premier Tech, ce ne sont pas des soldats, ce sont des humains. De les rendre responsables parce qu&rsquo;ils portent le maillot d&rsquo;une certaine \u00e9quipe, je trouve cela dommage.<\/p>\n<p class=\"Paragraph__content\" data-v-e14a34bc=\"\"><b>Mercredi, la majorit\u00e9 du peloton a vot\u00e9 pour un arr\u00eat de la course en cas de nouveaux incidents graves. C&rsquo;est toujours d&rsquo;actualit\u00e9\u00a0?<\/b><br \/>Chacun a le droit de manifester, je respecte l&rsquo;avis de tout le monde mais on peut le faire pacifiquement. Car nous, on n&rsquo;est pour rien dans ce qu&rsquo;il se passe \u00e0 Gaza. Il y a deux jours, on a re\u00e7u des verres pendant le fictif, les manifestants viennent sur la route, cela nous met en danger.<\/p>\n<p>Quand je prends le d\u00e9part, je n&rsquo;imagine pas que je peux me faire coucher par un manifestant mais nos discussions, le vote, montrent que cela peut \u00eatre tr\u00e8s dangereux. <a href=\"https:\/\/www.lequipe.fr\/Cyclisme-sur-route\/Actualites\/Lors-de-la-15e-etape-de-la-vuelta-un-manifestant-avec-un-drapeau-de-la-palestine-provoque-la-chute-de-javier-romo\/1591277\" notaddlevel=\"true\" target=\"_blank\" rel=\"nofollow noopener\">La chute de Javier Romo<\/a>, c&rsquo;est une chute de trop. Certes, ils peuvent manifester mais nous, la route, c&rsquo;est notre stade et ils nous mettent en danger. Je fais confiance \u00e0 l&rsquo;organisateur, aux forces de l&rsquo;ordre, pour assurer notre s\u00e9curit\u00e9 jusqu&rsquo;\u00e0 Madrid car cette course m\u00e9rite de se terminer l\u00e0-bas.\u00a0\u00bb<\/p>\n","protected":false},"excerpt":{"rendered":"Vainqueur du chrono l&rsquo;an pass\u00e9 \u00e0 Madrid, Stefan K\u00fcng a lutt\u00e9 ce jeudi dans les rues de Valladolid&hellip;\n","protected":false},"author":2,"featured_media":383196,"comment_status":"","ping_status":"","sticky":false,"template":"","format":"standard","meta":{"footnotes":""},"categories":[1411],"tags":[1154,207,1011,27,60],"class_list":{"0":"post-383195","1":"post","2":"type-post","3":"status-publish","4":"format-standard","5":"has-post-thumbnail","7":"category-cyclisme","8":"tag-cycling","9":"tag-cyclisme","10":"tag-fr","11":"tag-france","12":"tag-sports"},"share_on_mastodon":{"url":"https:\/\/pubeurope.com\/@fr\/115186599399917735","error":""},"_links":{"self":[{"href":"https:\/\/www.europesays.com\/fr\/wp-json\/wp\/v2\/posts\/383195","targetHints":{"allow":["GET"]}}],"collection":[{"href":"https:\/\/www.europesays.com\/fr\/wp-json\/wp\/v2\/posts"}],"about":[{"href":"https:\/\/www.europesays.com\/fr\/wp-json\/wp\/v2\/types\/post"}],"author":[{"embeddable":true,"href":"https:\/\/www.europesays.com\/fr\/wp-json\/wp\/v2\/users\/2"}],"replies":[{"embeddable":true,"href":"https:\/\/www.europesays.com\/fr\/wp-json\/wp\/v2\/comments?post=383195"}],"version-history":[{"count":0,"href":"https:\/\/www.europesays.com\/fr\/wp-json\/wp\/v2\/posts\/383195\/revisions"}],"wp:featuredmedia":[{"embeddable":true,"href":"https:\/\/www.europesays.com\/fr\/wp-json\/wp\/v2\/media\/383196"}],"wp:attachment":[{"href":"https:\/\/www.europesays.com\/fr\/wp-json\/wp\/v2\/media?parent=383195"}],"wp:term":[{"taxonomy":"category","embeddable":true,"href":"https:\/\/www.europesays.com\/fr\/wp-json\/wp\/v2\/categories?post=383195"},{"taxonomy":"post_tag","embeddable":true,"href":"https:\/\/www.europesays.com\/fr\/wp-json\/wp\/v2\/tags?post=383195"}],"curies":[{"name":"wp","href":"https:\/\/api.w.org\/{rel}","templated":true}]}}