{"id":383197,"date":"2025-09-11T16:26:12","date_gmt":"2025-09-11T16:26:12","guid":{"rendered":"https:\/\/www.europesays.com\/fr\/383197\/"},"modified":"2025-09-11T16:26:12","modified_gmt":"2025-09-11T16:26:12","slug":"il-quitte-paris-pour-lom-rabiot-le-fait-signer-cest-une-surprise","status":"publish","type":"post","link":"https:\/\/www.europesays.com\/fr\/383197\/","title":{"rendered":"Il quitte Paris pour l\u2019OM\u00a0: Rabiot le fait signer, c\u2019est une surprise\u00a0!"},"content":{"rendered":"<p>Thomas Bourseau<\/p>\n<p>                        &#8211;<\/p>\n<p>R\u00e9dacteur<\/p>\n<p>F\u00e9ru de sport, Thomas a grandi entre le ballon rond du football et le orange du basket, ses deux coups de c\u0153ur depuis toujours. Dipl\u00f4m\u00e9 d\u2019un Master et d\u2019une Licence \u00e0 l\u2019Institut Europ\u00e9en du Journalisme de Paris, il suit toujours de tr\u00e8s pr\u00e8s les aventures d\u2019Arsenal et des Los Angeles Lakers.<\/p>\n<p class=\"heading\">La fin du mercato estival a \u00e9t\u00e9 totalement folle pour l\u2019OM qui en l\u2019espace de quelques heures a boucl\u00e9 quatre recrues dont le champion du monde Benjamin Pavard. C\u2019est en r\u00e9gion parisienne \u00e0 Clairefontaine que Pavard a accept\u00e9 de signer \u00e0 Marseille qu\u2019il a rejoint de Paris mercredi. Une op\u00e9ration valid\u00e9e\u2026 par Adrien Rabiot\u00a0! <\/p>\n<p>Le dimanche 31 ao\u00fbt, <strong>William Saliba <\/strong>se blessait \u00e0 la cheville d\u00e8s le d\u00e9but du match opposant <strong>Liverpool <\/strong>\u00e0 <strong>Arsenal <\/strong>(1-0). Une dur\u00e9e d\u2019indisponibilit\u00e9 de 3 \u00e0 4 semaines \u00e9tait annonc\u00e9e par le club anglais, obligeant <strong>Didier Deschamps <\/strong>\u00e0 revoir ses plans pour les matchs contre l\u2019<strong>Ukraine <\/strong>(2-0) et l\u2019<strong>Islande <\/strong>(2-1) comptant pour les \u00e9liminatoires de la <strong>Coupe du monde 2026<\/strong>. <\/p>\n<p>                                            Pavard arrive \u00e0 Clairefontaine en tant que joueur de l\u2019Inter et repart comme recrue de l\u2019OM<\/p>\n<p>Le s\u00e9lectionneur de<strong> l\u2019\u00e9quipe de France <\/strong>appelait <strong>Benjamin Pavard <\/strong>\u00e0 la rescousse suite au forfait de <strong>William Saliba<\/strong>. C\u2019est au ch\u00e2teau de <strong>Clairefontaine <\/strong>que le joueur de l\u2019<strong>Inter <\/strong>a accept\u00e9 de signer \u00e0 l\u2019<a href=\"https:\/\/le10sport.com\/football\/mercato\/om-rabiot-une-nouvelle-annonce-officielle-est-programmee-757611\" rel=\"nofollow noopener\" target=\"_blank\">OM<\/a> en pr\u00eat avec une option d\u2019achat de 15M\u20ac apr\u00e8s avoir \u00e9t\u00e9 confort\u00e9 dans son choix par\u2026 <strong>Adrien<\/strong> <strong>Rabiot<\/strong>. <\/p>\n<p>                                            \u00abIl m&rsquo;a confort\u00e9 dans mon choix\u00bb<\/p>\n<p>\u00ab\u00a0Tout ce qu&rsquo;il m&rsquo;a dit sur Marseille, c&rsquo;est que du positif. Il est tr\u00e8s heureux de ma signature. Il m&rsquo;a dit que les supporters \u00e9taient incroyables, que c&rsquo;\u00e9tait quelque chose \u00e0 faire. Il m&rsquo;a dit que du bien du club, il m&rsquo;a confort\u00e9 dans mon choix m\u00eame si je connaissais un peu la ville avant de signer\u00a0\u00bb. a confi\u00e9 <strong>Benjamin Pavard <\/strong>en conf\u00e9rence de presse rapport\u00e9e par RMC Sport ce jeudi. Et pourtant, <strong>Adrien Rabiot <\/strong>et l<strong>\u2019OM<\/strong> ne s\u2019\u00e9taient pas quitt\u00e9s bons amis apr\u00e8s son \u00e9viction pour bagarre\u2026 <\/p>\n","protected":false},"excerpt":{"rendered":"Thomas Bourseau &#8211; R\u00e9dacteur F\u00e9ru de sport, Thomas a grandi entre le ballon rond du football et le&hellip;\n","protected":false},"author":2,"featured_media":383198,"comment_status":"","ping_status":"","sticky":false,"template":"","format":"standard","meta":{"footnotes":""},"categories":[1410],"tags":[63,1011,27,60],"class_list":{"0":"post-383197","1":"post","2":"type-post","3":"status-publish","4":"format-standard","5":"has-post-thumbnail","7":"category-football","8":"tag-football","9":"tag-fr","10":"tag-france","11":"tag-sports"},"share_on_mastodon":{"url":"https:\/\/pubeurope.com\/@fr\/115186603356667154","error":""},"_links":{"self":[{"href":"https:\/\/www.europesays.com\/fr\/wp-json\/wp\/v2\/posts\/383197","targetHints":{"allow":["GET"]}}],"collection":[{"href":"https:\/\/www.europesays.com\/fr\/wp-json\/wp\/v2\/posts"}],"about":[{"href":"https:\/\/www.europesays.com\/fr\/wp-json\/wp\/v2\/types\/post"}],"author":[{"embeddable":true,"href":"https:\/\/www.europesays.com\/fr\/wp-json\/wp\/v2\/users\/2"}],"replies":[{"embeddable":true,"href":"https:\/\/www.europesays.com\/fr\/wp-json\/wp\/v2\/comments?post=383197"}],"version-history":[{"count":0,"href":"https:\/\/www.europesays.com\/fr\/wp-json\/wp\/v2\/posts\/383197\/revisions"}],"wp:featuredmedia":[{"embeddable":true,"href":"https:\/\/www.europesays.com\/fr\/wp-json\/wp\/v2\/media\/383198"}],"wp:attachment":[{"href":"https:\/\/www.europesays.com\/fr\/wp-json\/wp\/v2\/media?parent=383197"}],"wp:term":[{"taxonomy":"category","embeddable":true,"href":"https:\/\/www.europesays.com\/fr\/wp-json\/wp\/v2\/categories?post=383197"},{"taxonomy":"post_tag","embeddable":true,"href":"https:\/\/www.europesays.com\/fr\/wp-json\/wp\/v2\/tags?post=383197"}],"curies":[{"name":"wp","href":"https:\/\/api.w.org\/{rel}","templated":true}]}}