{"id":383199,"date":"2025-09-11T16:27:11","date_gmt":"2025-09-11T16:27:11","guid":{"rendered":"https:\/\/www.europesays.com\/fr\/383199\/"},"modified":"2025-09-11T16:27:11","modified_gmt":"2025-09-11T16:27:11","slug":"cest-le-plus-grand-projet-de-ma-vie-michel-boujenah-prepare-ladaptation-des-magnifiques-au-cinema","status":"publish","type":"post","link":"https:\/\/www.europesays.com\/fr\/383199\/","title":{"rendered":"\u00ab\u00a0C\u2019est le plus grand projet de ma vie\u00a0\u00bb: Michel Boujenah pr\u00e9pare l\u2019adaptation des \u00ab\u00a0Magnifiques\u00a0\u00bb au cin\u00e9ma"},"content":{"rendered":"<p>Comme un sketch. D\u00e8s l\u2019apparition de Bruno Oger, double chef \u00e9toil\u00e9 de la Villa Archange au Cannet, Michel Boujenah n\u2019a pu s\u2019emp\u00eacher de lui r\u00e9clamer sa recette de poulet r\u00f4ti, de la comparer \u00e0 celle \u00ab\u00a0qui fut catastrophique\u00a0\u00bb d\u2019un ami, pour une pure sc\u00e8ne de com\u00e9die.<\/p>\n<p>Invit\u00e9 des d\u00e9jeuners Cannes radio\/Nice-Matin, le com\u00e9dien \u00e9tait pourtant l\u00e0 pour \u00e9voquer le premier festival Les Remparts du rire \u00e0 Saint-Paul-de-Vence, qui m\u00eale stand-up et th\u00e9\u00e2tre du 12 au 14 septembre sur la place de la Courtine (programme complet sur www.lesrempartsdurire.fr). Mais avec lui, m\u00eame sans se prendre pour le Nombril du monde (film qui lui a valu une nomination au C\u00e9sar de meilleur acteur pour un r\u00f4le dramatique), la conversation d\u00e9vie toujours sur les mille et une p\u00e9rip\u00e9ties de sa vie.<\/p>\n<p>Sur terre \u00e0 son domicile de Saint-Paul-de-Vence o\u00f9 il \u00ab\u00a0nettoie les volets\u00a0\u00bb, sur mer au gr\u00e9 de ses p\u00eaches infructueuses en bateau, mais aussi sur sc\u00e8ne pour la tourn\u00e9e d\u2019Adieu les Magnifiques jusqu\u2019en novembre.<\/p>\n<p><strong>Tournage sur la C\u00f4te d\u2019Azur<\/strong><\/p>\n<p>Un titre n\u00e9anmoins trompeur. Car le natif de Tunis a bien d\u00e9cid\u00e9 d\u2019immortaliser les aventures de Maxo, Julot, Guigui ou l\u2019in\u00e9narrable Simone Boutboul sur le grand \u00e9cran, pour son quatri\u00e8me film de r\u00e9alisateur.<\/p>\n<p>\u00ab\u00a0C\u2019est le plus grand projet de ma vie, affirme-t-il avec une rare solennit\u00e9. J\u2019ai d\u00e9j\u00e0 \u00e9crit les deux tiers du sc\u00e9nario et le casting n\u2019est pas encore fix\u00e9 m\u00eame s\u2019il y aura sans doute un acteur italien pour incarner l\u2019un des trois juifs tunisiens, mais ce n\u2019est plus un fantasme, \u00e7a devient r\u00e9el.\u00a0\u00bb<\/p>\n<p>Le metteur en sc\u00e8ne pr\u00e9voit de d\u00e9marrer le tournage de ce long-m\u00e9trage sur la C\u00f4te d\u2019Azur en septembre 2026. Principalement \u00e0 Nice (notamment avec un d\u00eener pique-nique sur la promenade des Anglais pour sc\u00e8ne d\u2019ouverture) mais aussi \u00e0 Antibes \u00ab\u00a0o\u00f9 je ferai couler un bateau dans le port\u00a0\u00bb. Sans oublier l\u2019arri\u00e8re-pays pour des \u00ab\u00a0sc\u00e8nes de neige, mais je vais sans doute me faire attaquer par les stations car on n\u2019y verra aucun skieur, que des brancards et des civi\u00e8res avec un personnage qui dit: y a pas un truc plus con que le ski!\u00a0\u00bb, se marre d\u00e9j\u00e0 le trublion. Avec Les Magnifiques, Michel excelle \u00e0 m\u00ealer rire et \u00e9motions au travers de cette galerie d\u2019antih\u00e9ros truculents, qu\u2019il a tous interpr\u00e9t\u00e9s au th\u00e9\u00e2tre avec ses bretelles, son couvre-chef et sa chemise rouge.<\/p>\n<p><strong>Un \u00ab\u00a0multir\u00f4le culte\u00a0\u00bb! Jouera, jouera pas?&#8230;<\/strong><\/p>\n<p>\u00ab\u00a0La production voudrait d\u2019ailleurs que je joue dans le film, mais \u00e7a me ferait bizarre car sur Les Magnifiques, je suis tout, et quand on est metteur en sc\u00e8ne, on peut \u00eatre tout, h\u00e9site l\u2019acteur c\u00e9saris\u00e9 jadis pour Trois hommes et un couffin. Mais ce film va surtout me permettre de rendre vivantes toutes ces choses que j\u2019avais en t\u00eate. Voir Guigui s\u2019incarner et parler sera tr\u00e8s \u00e9mouvant.\u00a0\u00bb<\/p>\n<p>L\u2019histoire? \u00ab\u00a0La confrontation entre trois vieux qui ont peur d\u2019\u00eatre oubli\u00e9s [et feront maladroitement tout pour ne pas l\u2019\u00eatre!, ndlr] et une jeunesse paum\u00e9e. J\u2019esp\u00e8re que ce sera tr\u00e8s dr\u00f4le, et en m\u00eame temps, je parle de la d\u00e9sesp\u00e9rance commune \u00e0 deux g\u00e9n\u00e9rations.\u00a0\u00bb<\/p>\n<p>Si son fils Joseph ne sera pas de la partie (\u00ab\u00a0Il ne se sent pas encore pr\u00eat pour un projet aussi \u00e9norme\u00a0\u00bb) car il a fait appel \u00e0 Guillaume Schiffman, chef op\u00e9rateur de The Artist, cette aventure cin\u00e9matographique n\u2019en sera pas moins intime pour Michel Boujenah. Qui fait \u00e0 la fois \u00e9cho \u00e0 ses racines et \u00e0 sa carri\u00e8re d\u2019artiste.<\/p>\n<p>\u00ab\u00a0Ce projet va litt\u00e9ralement me lib\u00e9rer car je sais que ce sont des personnages qui meurent si je ne continue pas de les jouer. J\u2019ai toujours fait des versions diff\u00e9rentes du spectacle pour cela, mais r\u00e9aliser un film sur Les Magnifiques, c\u2019est leur donner une \u00e9ternit\u00e9.\u00a0\u00bb<\/p>\n","protected":false},"excerpt":{"rendered":"Comme un sketch. D\u00e8s l\u2019apparition de Bruno Oger, double chef \u00e9toil\u00e9 de la Villa Archange au Cannet, Michel&hellip;\n","protected":false},"author":2,"featured_media":383200,"comment_status":"","ping_status":"","sticky":false,"template":"","format":"standard","meta":{"footnotes":""},"categories":[1359],"tags":[650,251,58,59,1011,27,973],"class_list":{"0":"post-383199","1":"post","2":"type-post","3":"status-publish","4":"format-standard","5":"has-post-thumbnail","7":"category-people","8":"tag-cinema","9":"tag-culture","10":"tag-divertissement","11":"tag-entertainment","12":"tag-fr","13":"tag-france","14":"tag-people"},"share_on_mastodon":{"url":"https:\/\/pubeurope.com\/@fr\/115186607312027581","error":""},"_links":{"self":[{"href":"https:\/\/www.europesays.com\/fr\/wp-json\/wp\/v2\/posts\/383199","targetHints":{"allow":["GET"]}}],"collection":[{"href":"https:\/\/www.europesays.com\/fr\/wp-json\/wp\/v2\/posts"}],"about":[{"href":"https:\/\/www.europesays.com\/fr\/wp-json\/wp\/v2\/types\/post"}],"author":[{"embeddable":true,"href":"https:\/\/www.europesays.com\/fr\/wp-json\/wp\/v2\/users\/2"}],"replies":[{"embeddable":true,"href":"https:\/\/www.europesays.com\/fr\/wp-json\/wp\/v2\/comments?post=383199"}],"version-history":[{"count":0,"href":"https:\/\/www.europesays.com\/fr\/wp-json\/wp\/v2\/posts\/383199\/revisions"}],"wp:featuredmedia":[{"embeddable":true,"href":"https:\/\/www.europesays.com\/fr\/wp-json\/wp\/v2\/media\/383200"}],"wp:attachment":[{"href":"https:\/\/www.europesays.com\/fr\/wp-json\/wp\/v2\/media?parent=383199"}],"wp:term":[{"taxonomy":"category","embeddable":true,"href":"https:\/\/www.europesays.com\/fr\/wp-json\/wp\/v2\/categories?post=383199"},{"taxonomy":"post_tag","embeddable":true,"href":"https:\/\/www.europesays.com\/fr\/wp-json\/wp\/v2\/tags?post=383199"}],"curies":[{"name":"wp","href":"https:\/\/api.w.org\/{rel}","templated":true}]}}