{"id":383205,"date":"2025-09-11T16:30:13","date_gmt":"2025-09-11T16:30:13","guid":{"rendered":"https:\/\/www.europesays.com\/fr\/383205\/"},"modified":"2025-09-11T16:30:13","modified_gmt":"2025-09-11T16:30:13","slug":"elle-avait-besoin-de-souffler-pourquoi-elodie-poux-a-quitte-mask-singer-apres-une-seule-saison-sur-tf1","status":"publish","type":"post","link":"https:\/\/www.europesays.com\/fr\/383205\/","title":{"rendered":"\u00ab\u00a0Elle avait besoin de souffler\u00a0\u00bb : Pourquoi Elodie Poux a quitt\u00e9 \u00ab\u00a0Mask Singer\u00a0\u00bb apr\u00e8s une seule saison sur TF1"},"content":{"rendered":"<p>La suite apr\u00e8s la publicit\u00e9<\/p>\n<p>Port\u00e9e par <a href=\"https:\/\/www.ozap.com\/personnalite\/camille-combal_e124623\" rel=\"nofollow noopener\" target=\"_blank\">Camille Combal<\/a>, la saison 7 a confirm\u00e9 la bonne sant\u00e9 du format. En moyenne, 2,68 millions de curieux ont suivi la premi\u00e8re partie de soir\u00e9e (16,1% de PDA sur l\u2019ensemble du public, 32,2% des FRDA-50) et 2,54 millions sont rest\u00e9s devant la seconde (20,7% sur les 4+ et 36,1% sur les FRDA-50). De quoi convaincre TF1 d\u2019encha\u00eener sans attendre avec une nouvelle saison. Pour \u00e9viter toute lassitude, la production a d\u00e9cid\u00e9 de muscler son programme : le jeu a donc subi quelques changements. Les t\u00e9l\u00e9spectateurs d\u00e9couvriront, par exemple, d\u00e8s la premi\u00e8re \u00e9mission l\u2019int\u00e9gralit\u00e9 des &lsquo;chanteurs&rsquo; masqu\u00e9s de la saison. Autre innovation : l\u2019identit\u00e9 de l\u2019une des personnalit\u00e9s sera d\u00e9voil\u00e9e d\u00e8s le d\u00e9part. Avant m\u00eame le lancement ce vendredi 12 septembre, la Une a r\u00e9v\u00e9l\u00e9 que l&rsquo;influenceur, star de YouTube, TiboInShape se glissera dans le costume du DJ. Le public pourra ainsi suivre en coulisses ses pr\u00e9paratifs et ses astuces pour brouiller les pistes face \u00e0 Kev Adams et ses comparses.<\/p>\n<p>Micha\u00ebl Youn convaincu par Kev Adams<\/p>\n<p>C\u00f4t\u00e9 jury, surprise ! Tout juste arriv\u00e9e pour la saison 7, <a href=\"https:\/\/www.ozap.com\/actu\/mask-singer-elodie-poux-quitte-deja-lemission-michael-youn-rejoint-lequipe-denqueteurs-pour-la-saison-8\/650625\" rel=\"nofollow noopener\" target=\"_blank\">Elodie Poux<\/a>, qui avait pris la rel\u00e8ve d\u2019<a href=\"https:\/\/www.ozap.com\/actu\/je-trouve-ca-un-peu-triste-natasha-st-pier-regrette-lutilisation-de-lune-de-ses-chansons-dans-le-spectacle-dines-reg\/649660\" rel=\"nofollow noopener\" target=\"_blank\">In\u00e8s Reg<\/a>, c\u00e8de d\u00e9j\u00e0 son fauteuil. En cause ? Sa disponibilit\u00e9 pendant ces tournages orchestr\u00e9s en \u00e0 peine \u00e0 deux mois. \u00a0\u201cL\u2019ann\u00e9e a \u00e9t\u00e9 longue. Elodie nous a confi\u00e9 son besoin de souffler cet \u00e9t\u00e9. Mais nous sommes en tr\u00e8s bons termes avec elle\u201d, a tenu \u00e0 rassurer Anthony Meunier, le producteur de \u00ab\u00a0Mask Singer\u00a0\u00bb lors de la conf\u00e9rence de presse \u00e0 laquelle PureMedias a pu assister.<\/p>\n<p>Pour la remplacer, la production et la cha\u00eene ont choisi <a href=\"https:\/\/www.ozap.com\/actu\/audiences-quel-bilan-pour-flashback-la-serie-de-tf1-portee-par-michael-youn-et-constance-gay\/649589\" rel=\"nofollow noopener\" target=\"_blank\">Micha\u00ebl Youn<\/a>, dont l\u2019\u00e9nergie d\u00e9bordante semble, il est vrai, taill\u00e9e sur mesure pour le programme. \u00a0\u201cL\u2019id\u00e9e nous trottait dans la t\u00eate depuis un moment. Et puis lui et Kev Adams s\u2019entendent tr\u00e8s bien. Il \u00e9tait disponible aux dates des enregistrements. Alors, les plan\u00e8tes \u00e9taient parfaitement align\u00e9es. Ils forment un tr\u00e8s bon bin\u00f4me. On assiste \u00e0 un festival d\u2019humour entre eux mais aussi avec Camille Combal, <a href=\"https:\/\/www.ozap.com\/personnalite\/chantal-ladesou_e309153\" rel=\"nofollow noopener\" target=\"_blank\">Chantal Ladesou<\/a> ou <a href=\"https:\/\/www.ozap.com\/personnalite\/laurent-ruquier_e161\" rel=\"nofollow noopener\" target=\"_blank\">Laurent Ruquier<\/a> !\u201d, indique la production.<\/p>\n<p>Micha\u00ebl Youn, qui avoue n\u2019avoir jamais regard\u00e9 l\u2019\u00e9mission auparavant, a accept\u00e9 gr\u00e2ce \u00e0\u2026 Kev Adams. Tous deux venaient de tourner ensemble \u00ab\u00a0Certains l\u2019aiment chauve\u00a0\u00bb sorti au cin\u00e9ma cet \u00e9t\u00e9. \u00ab\u00a0Je suis un grand enfant et j\u2019ai aussi l\u2019esprit tr\u00e8s comp\u00e9titif. Je viens avec l\u2019envie d\u2019\u00eatre celui qui devinera plus que les autres. Mais je viens aussi car j\u2019ai envie de m\u2019amuser. Or, Kev m\u2019a garanti qu\u2019on allait bien se marrer. Si on n\u2019avait pas tourn\u00e9 ensemble r\u00e9cemment, pas s\u00fbr que j\u2019aurais dit oui\u201d, affirme-t-il. A voir les premiers extraits, le joyeux bout-en-train s\u2019amuse comme un fou. Quitte \u00e0 donner quelques sueurs froides \u00e0 la production !<\/p>\n<p><strong>Tous les enqu\u00eateurs de \u00ab\u00a0Mask Singer\u00a0\u00bb\u00a0:<\/strong><br \/>Saison 1 : Kev Adams, Alessandra Sublet, Anggun, Jarry<br \/>Saison 2 : Kev Adams, Alessandra Sublet, Anggun, Jarry<br \/>Saison 3 : Kev Adams, Alessandra Sublet, Anggun, Jarry<br \/>Saison 4 : Kev Adams, Vitaa, Chantal Ladesou, Jeff Panacloc<br \/>Saison 5 : Kev Adams, Jeff Panacloc, \u00c9lodie Fr\u00e9g\u00e9, Mich\u00e8le Bernier<br \/>Saison 6 : Kev Adams, Chantal Ladesou, Laurent Ruquier, In\u00e8s Reg<br \/>Saison 7 : Kev Adams, Chantal Ladesou, Laurent Ruquier, Elodie Poux<br \/>Saison 8 : Kev Adams, Chantal Ladesou, Laurent Ruquier, Micha\u00ebl Youn<br \/>\u00a0<\/p>\n","protected":false},"excerpt":{"rendered":"La suite apr\u00e8s la publicit\u00e9 Port\u00e9e par Camille Combal, la saison 7 a confirm\u00e9 la bonne sant\u00e9 du&hellip;\n","protected":false},"author":2,"featured_media":383206,"comment_status":"","ping_status":"","sticky":false,"template":"","format":"standard","meta":{"footnotes":""},"categories":[1356],"tags":[58,59,1011,27,252,1364],"class_list":{"0":"post-383205","1":"post","2":"type-post","3":"status-publish","4":"format-standard","5":"has-post-thumbnail","7":"category-television","8":"tag-divertissement","9":"tag-entertainment","10":"tag-fr","11":"tag-france","12":"tag-television","13":"tag-tv"},"share_on_mastodon":{"url":"https:\/\/pubeurope.com\/@fr\/115186619303948076","error":""},"_links":{"self":[{"href":"https:\/\/www.europesays.com\/fr\/wp-json\/wp\/v2\/posts\/383205","targetHints":{"allow":["GET"]}}],"collection":[{"href":"https:\/\/www.europesays.com\/fr\/wp-json\/wp\/v2\/posts"}],"about":[{"href":"https:\/\/www.europesays.com\/fr\/wp-json\/wp\/v2\/types\/post"}],"author":[{"embeddable":true,"href":"https:\/\/www.europesays.com\/fr\/wp-json\/wp\/v2\/users\/2"}],"replies":[{"embeddable":true,"href":"https:\/\/www.europesays.com\/fr\/wp-json\/wp\/v2\/comments?post=383205"}],"version-history":[{"count":0,"href":"https:\/\/www.europesays.com\/fr\/wp-json\/wp\/v2\/posts\/383205\/revisions"}],"wp:featuredmedia":[{"embeddable":true,"href":"https:\/\/www.europesays.com\/fr\/wp-json\/wp\/v2\/media\/383206"}],"wp:attachment":[{"href":"https:\/\/www.europesays.com\/fr\/wp-json\/wp\/v2\/media?parent=383205"}],"wp:term":[{"taxonomy":"category","embeddable":true,"href":"https:\/\/www.europesays.com\/fr\/wp-json\/wp\/v2\/categories?post=383205"},{"taxonomy":"post_tag","embeddable":true,"href":"https:\/\/www.europesays.com\/fr\/wp-json\/wp\/v2\/tags?post=383205"}],"curies":[{"name":"wp","href":"https:\/\/api.w.org\/{rel}","templated":true}]}}