{"id":383211,"date":"2025-09-11T16:33:12","date_gmt":"2025-09-11T16:33:12","guid":{"rendered":"https:\/\/www.europesays.com\/fr\/383211\/"},"modified":"2025-09-11T16:33:12","modified_gmt":"2025-09-11T16:33:12","slug":"lesperance-de-vie-natteindra-jamais-la-barre-des-100-ans-affirment-les-scientifiques-dans-une-recente-etude","status":"publish","type":"post","link":"https:\/\/www.europesays.com\/fr\/383211\/","title":{"rendered":"L&rsquo;esp\u00e9rance de vie n&rsquo;atteindra jamais la barre des 100 ans, affirment les scientifiques dans une r\u00e9cente \u00e9tude"},"content":{"rendered":"<p class=\"rev-margin-0 rev-text-sm-bold\">La r\u00e9daction n&rsquo;a pas particip\u00e9 \u00e0 la r\u00e9alisation de ce contenu<\/p>\n<p>Pourtant, une r\u00e9cente <strong>\u00e9tude <\/strong>publi\u00e9e dans le journal <strong>Proceedings of the National Academy of Sciences (PNAS)<\/strong> vient temp\u00e9rer cet optimisme. Des <strong>chercheurs<\/strong>, dont <strong>Jos\u00e9 Andrade<\/strong> de l\u2019<strong>Institut Max Planck pour la recherche d\u00e9mographique<\/strong>, analysent des <strong>donn\u00e9es <\/strong>massives et concluent que la <strong>long\u00e9vit\u00e9 <\/strong>humaine atteint un plafond. Leurs <strong>projections <\/strong>indiquent qu\u2019aucune <strong>g\u00e9n\u00e9ration <\/strong>n\u00e9e apr\u00e8s 1938 n\u2019atteindra une <strong>esp\u00e9rance de vie<\/strong> moyenne de 100 ans. Ce <strong>ralentissement <\/strong>inattendu interroge nos mod\u00e8les sociaux et \u00e9conomiques, fond\u00e9s sur une <strong>croissance <\/strong>continue de la dur\u00e9e de la vie.<\/p>\n<p>Les \u00e9tudes montrent que la long\u00e9vit\u00e9 atteint un plafond malgr\u00e9 les avanc\u00e9es<\/p>\n<p>Le <strong>XXe si\u00e8cle <\/strong>a \u00e9t\u00e9 marqu\u00e9 par des gains sans pr\u00e9c\u00e9dent en mati\u00e8re de dur\u00e9e de vie. Cette <strong>progression <\/strong>fulgurante \u00e9tait principalement port\u00e9e par la r\u00e9duction drastique de la <strong>mortalit\u00e9 <\/strong>infantile, gr\u00e2ce aux avanc\u00e9es de la <strong>m\u00e9decine<\/strong>, \u00e0 l\u2019am\u00e9lioration de l\u2019<strong>alimentation<\/strong> et des conditions d\u2019hygi\u00e8ne. Les <strong>statistiques <\/strong>montrent que les <strong>enfants <\/strong>n\u00e9s dans les ann\u00e9es 1950 avaient une probabilit\u00e9 bien plus faible de mourir jeunes que ceux n\u00e9s cinquante ans plus t\u00f4t. Cependant, cette tendance s\u2019est essouffl\u00e9e pour les cohortes n\u00e9es apr\u00e8s 1938.<\/p>\n<p>Les travaux de <strong>H\u00e9ctor Pifarr\u00e9 i Arolas<\/strong> et <strong>Carlo Giovanni Camarda<\/strong>, s\u2019appuyant sur la <strong>Base de donn\u00e9es sur la mortalit\u00e9 humaine<\/strong>, d\u00e9montrent que les gains deviennent marginaux. M\u00eame dans les <strong>populations <\/strong>les plus favoris\u00e9es, comme celles du <strong>Japon <\/strong>ou de <strong>Hong Kong<\/strong>, la courbe plafonne. Les <strong>chercheurs <\/strong>soulignent que la quasi-\u00e9limination des d\u00e9c\u00e8s pr\u00e9coces a \u00e9puis\u00e9 ce levier de <strong>progr\u00e8s<\/strong>. D\u00e9sormais, l\u2019allongement de la vie ne peut provenir que de gains chez les personnes tr\u00e8s \u00e2g\u00e9es, un d\u00e9fi autrement plus complexe.<\/p>\n<p>La <strong>pand\u00e9mie <\/strong>de <strong>Covid-19<\/strong> a, par ailleurs, mis en lumi\u00e8re la fragilit\u00e9 de ces acquis, causant un recul notable de l\u2019<strong>esp\u00e9rance de vie<\/strong> dans de nombreux pays, des <strong>\u00c9tats-Unis<\/strong> \u00e0 l\u2019<strong>Europe<\/strong>. Cet \u00e9v\u00e9nement a rappel\u00e9 que les <strong>habitudes <\/strong>de vie, l\u2019acc\u00e8s aux <strong>soins <\/strong>et les <strong>in\u00e9galit\u00e9s <\/strong>restent des facteurs d\u00e9terminants. La lutte contre l\u2019ob\u00e9sit\u00e9 ou la consommation d\u2019alcool devient donc un enjeu de <strong>sant\u00e9 publique<\/strong> tout aussi crucial que la recherche m\u00e9dicale de pointe.<\/p>\n<p>Pourquoi les progr\u00e8s scientifiques ne suffisent pas toujours \u00e0 franchir le cap des 100 ans<\/p>\n<p>Si la <strong>m\u00e9decine <\/strong>a fait des miracles pour traiter les <strong>maladies chroniques<\/strong>, elle se heurte aujourd\u2019hui \u00e0 la biologie fondamentale du <strong>vieillissement<\/strong>. Le corps humain poss\u00e8de une r\u00e9silience limit\u00e9e ; ses cellules ne peuvent se diviser ind\u00e9finiment. <strong>Stuart Jay Olshansky<\/strong>, expert en g\u00e9rontologie, explique que nous avons largement exploit\u00e9 les \u00ab gains faciles \u00bb et que nous faisons maintenant face \u00e0 la fronti\u00e8re ultime de la long\u00e9vit\u00e9 humaine. Les <strong>projections <\/strong>les plus optimistes butent sur cette r\u00e9alit\u00e9 biologique.<\/p>\n<p>Les <strong>donn\u00e9es <\/strong>recueillies dans des pays comme la <strong>France<\/strong>, la <strong>Su\u00e8de <\/strong>ou la <strong>Cor\u00e9e du Sud<\/strong> sont sans \u00e9quivoque : la proportion de <strong>centenaires <\/strong>restera infime. M\u00eame en imaginant des perc\u00e9es majeures en <strong>g\u00e9roscience<\/strong>, leur d\u00e9ploiement \u00e0 l\u2019\u00e9chelle de toute une population prendrait des d\u00e9cennies. De plus, les <strong>in\u00e9galit\u00e9s <\/strong>sociales et \u00e9conomiques freinent la diffusion uniforme des innovations. Une <strong>\u00e9tude <\/strong>parue dans<strong> Nature Aging (revue scientifique)<\/strong> confirme que l\u2019<strong>\u00e2ge<\/strong> maximum observ\u00e9 chez les <strong>femmes <\/strong>et les <strong>hommes <\/strong>stagne, malgr\u00e9 les avanc\u00e9es.<\/p>\n<p>La <strong>pr\u00e9vention <\/strong>joue un r\u00f4le cl\u00e9, mais son impact a ses limites. Promouvoir une <strong>alimentation <\/strong>saine et lutter contre la s\u00e9dentarit\u00e9 permet de gagner quelques <strong>ann\u00e9es <\/strong>de vie en bonne sant\u00e9, mais pas de repousser le plafond de verre des 100 ans en moyenne. La complexit\u00e9 des interactions g\u00e9n\u00e9tiques et environnementales rend toute pr\u00e9vision audacieuse hasardeuse. La <strong>maladie <\/strong>d\u2019Alzheimer, par exemple, r\u00e9siste encore largement \u00e0 nos traitements.<\/p>\n<p>Au-del\u00e0 des chiffres : l\u2019impact soci\u00e9tal d\u2019une vie qui s\u2019allonge<\/p>\n<p>Ce plafonnement de la long\u00e9vit\u00e9 a des implications profondes pour les <strong>politiques publiques<\/strong>. Pendant des d\u00e9cennies, les gouvernements ont ajust\u00e9 les syst\u00e8mes de retraite et de d\u00e9pendance sur l\u2019hypoth\u00e8se d\u2019une <strong>augmentation <\/strong>constante. La stabilisation de l\u2019<strong>esp\u00e9rance de vie<\/strong> remet en cause ces mod\u00e8les. Les <strong>projections <\/strong>d\u00e9mographiques doivent \u00eatre r\u00e9vis\u00e9es, ce qui aura un impact direct sur le financement de la protection sociale.<\/p>\n<p>L\u2019enjeu n\u2019est plus seulement de vivre plus longtemps, mais de vivre mieux. Les <strong>ann\u00e9es <\/strong>gagn\u00e9es ces derni\u00e8res d\u00e9cennies ne sont pas toujours synonymes de bonne <strong>sant\u00e9 <\/strong>; elles s\u2019accompagnent souvent d\u2019une prolongation de la p\u00e9riode de d\u00e9pendance et de <strong>maladies chroniques<\/strong>. Ce ph\u00e9nom\u00e8ne p\u00e8se lourdement sur les syst\u00e8mes de soins et les familles. La <strong>population <\/strong>vieillissante n\u00e9cessite une refonte en profondeur de l\u2019offre m\u00e9dico-sociale, un d\u00e9fi que des pays comme l\u2019<strong>Italie<\/strong> ou l\u2019<strong>Espagne <\/strong>ont d\u00e9j\u00e0 du mal \u00e0 relever.<\/p>\n<p>Les <strong>in\u00e9galit\u00e9s <\/strong>face \u00e0 la <strong>long\u00e9vit\u00e9 <\/strong>se creusent. L\u2019\u00e9cart d\u2019<strong>esp\u00e9rance de vie<\/strong> entre les cat\u00e9gories socio-professionnelles reste important, voire s\u2019aggrave dans certains pays comme les <strong>\u00c9tats-Unis<\/strong>. Les <strong>habitudes <\/strong>de vie (tabagisme, <strong>alcool<\/strong>, <strong>ob\u00e9sit\u00e9<\/strong>) et l\u2019acc\u00e8s in\u00e9gal aux <strong>soins <\/strong>de qualit\u00e9 sont des facteurs d\u00e9terminants. Une <strong>\u00e9tude <\/strong>men\u00e9e en <strong>Australie <\/strong>et en <strong>Suisse <\/strong>montre que le niveau de revenu et d\u2019\u00e9ducation influence directement le nombre d\u2019<strong>ann\u00e9es<\/strong> v\u00e9cues en bonne sant\u00e9.<\/p>\n<p>Vers une nouvelle approche de la long\u00e9vit\u00e9 et de la sant\u00e9 publique<\/p>\n<p>Face \u00e0 ce constat, la priorit\u00e9 absolue est le virage vers la <strong>pr\u00e9vention<\/strong>. Investir dans la <strong>sant\u00e9 publique<\/strong> pour agir sur les d\u00e9terminants de la sant\u00e9 (logement, nutrition, activit\u00e9 physique) est plus que jamais n\u00e9cessaire. La lutte contre l\u2019<strong>ob\u00e9sit\u00e9<\/strong> infantile ou la promotion d\u2019une <strong>alimentation <\/strong>\u00e9quilibr\u00e9e sont des leviers puissants pour am\u00e9liorer la qualit\u00e9 de vie des futures <strong>g\u00e9n\u00e9rations<\/strong>, m\u00eame sans repousser la limite absolue.<\/p>\n<p>La <strong>g\u00e9roscience<\/strong>, discipline \u00e9mergente qui \u00e9tudie les m\u00e9canismes biologiques du <strong>vieillissement<\/strong>, offre des pistes prometteuses. Au lieu de cibler une <strong>maladie <\/strong>sp\u00e9cifique, elle vise \u00e0 ralentir le processus de vieillissement lui-m\u00eame. Cependant, les <strong>chercheurs <\/strong>comme ceux de l\u2019<strong>Institut Max Planck pour la recherche d\u00e9mographique<\/strong> restent prudents : ces innovations mettront du temps \u00e0 faire leurs preuves et \u00e0 \u00eatre accessibles \u00e0 tous.<\/p>\n<p>L\u2019objectif n\u2019est donc plus une course au record de long\u00e9vit\u00e9, mais l\u2019optimisation de la \u00ab sant\u00e9 span \u00bb \u2013 la p\u00e9riode de vie en bonne sant\u00e9. Cela implique une reconfiguration compl\u00e8te des <strong>politiques publiques<\/strong>, de l\u2019am\u00e9nagement des villes \u00e0 l\u2019organisation des soins. Des pays comme le <strong>Japon <\/strong>ou la <strong>Su\u00e8de, <\/strong>pionniers en la mati\u00e8re, montrent que cet investissement est non seulement souhaitable mais aussi \u00e9conomiquement viable pour des soci\u00e9t\u00e9s confront\u00e9es au vieillissement de leur <strong>population<\/strong>.<\/p>\n<p><strong>R\u00e9f\u00e9rence :<\/strong><\/p>\n<p>https:\/\/www.pnas.org\/doi\/10.1073\/pnas.2519179122<\/p>\n","protected":false},"excerpt":{"rendered":"La r\u00e9daction n&rsquo;a pas particip\u00e9 \u00e0 la r\u00e9alisation de ce contenu Pourtant, une r\u00e9cente \u00e9tude publi\u00e9e dans le&hellip;\n","protected":false},"author":2,"featured_media":383212,"comment_status":"","ping_status":"","sticky":false,"template":"","format":"standard","meta":{"footnotes":""},"categories":[10],"tags":[20747,17,18121,154,1011,27,72,5776,51600,51601,71,4717],"class_list":{"0":"post-383211","1":"post","2":"type-post","3":"status-publish","4":"format-standard","5":"has-post-thumbnail","7":"category-sante","8":"tag-20747","9":"tag-17","10":"tag-barre","11":"tag-des","12":"tag-fr","13":"tag-france","14":"tag-health","15":"tag-jamais","16":"tag-lesperance","17":"tag-natteindra","18":"tag-sante","19":"tag-vie"},"share_on_mastodon":{"url":"https:\/\/pubeurope.com\/@fr\/115186630910396202","error":""},"_links":{"self":[{"href":"https:\/\/www.europesays.com\/fr\/wp-json\/wp\/v2\/posts\/383211","targetHints":{"allow":["GET"]}}],"collection":[{"href":"https:\/\/www.europesays.com\/fr\/wp-json\/wp\/v2\/posts"}],"about":[{"href":"https:\/\/www.europesays.com\/fr\/wp-json\/wp\/v2\/types\/post"}],"author":[{"embeddable":true,"href":"https:\/\/www.europesays.com\/fr\/wp-json\/wp\/v2\/users\/2"}],"replies":[{"embeddable":true,"href":"https:\/\/www.europesays.com\/fr\/wp-json\/wp\/v2\/comments?post=383211"}],"version-history":[{"count":0,"href":"https:\/\/www.europesays.com\/fr\/wp-json\/wp\/v2\/posts\/383211\/revisions"}],"wp:featuredmedia":[{"embeddable":true,"href":"https:\/\/www.europesays.com\/fr\/wp-json\/wp\/v2\/media\/383212"}],"wp:attachment":[{"href":"https:\/\/www.europesays.com\/fr\/wp-json\/wp\/v2\/media?parent=383211"}],"wp:term":[{"taxonomy":"category","embeddable":true,"href":"https:\/\/www.europesays.com\/fr\/wp-json\/wp\/v2\/categories?post=383211"},{"taxonomy":"post_tag","embeddable":true,"href":"https:\/\/www.europesays.com\/fr\/wp-json\/wp\/v2\/tags?post=383211"}],"curies":[{"name":"wp","href":"https:\/\/api.w.org\/{rel}","templated":true}]}}