{"id":383213,"date":"2025-09-11T16:34:11","date_gmt":"2025-09-11T16:34:11","guid":{"rendered":"https:\/\/www.europesays.com\/fr\/383213\/"},"modified":"2025-09-11T16:34:11","modified_gmt":"2025-09-11T16:34:11","slug":"vuelta-2025-18eme-etape-valladolid-valladolid-classement-et-resume-de-la-course-lequipe","status":"publish","type":"post","link":"https:\/\/www.europesays.com\/fr\/383213\/","title":{"rendered":"Vuelta 2025, 18\u00e8me \u00e9tape (Valladolid &#8211; Valladolid): classement et r\u00e9sum\u00e9 de la course &#8211; L&#039;\u00c9quipe"},"content":{"rendered":"<ol>\n<li><a href=\"https:\/\/news.google.com\/rss\/articles\/CBMilAFBVV95cUxPUnhjbV9WTko4d0RHQzBtTFBpYWd1VzdBTjlGZWNHN3JuMkxORHlIanJfMklOb3ZfM2I1NjgxTFNfZ1ltYzJlZDcyQkV1SFU5YnVYNFBzVUpXOHZrRm5NcG94SXFtSXFnSDd5dTRuOFhvWkV1UmdUMmRiRFhjTktlVUNVQnBsQVRRVVRqdXM4cGgybVQ2?oc=5\" target=\"_blank\" rel=\"nofollow noopener\">Vuelta 2025, 18\u00e8me \u00e9tape (Valladolid &#8211; Valladolid): classement et r\u00e9sum\u00e9 de la course<\/a>&nbsp;&nbsp;L&rsquo;\u00c9quipe<\/li>\n<li><a href=\"https:\/\/news.google.com\/rss\/articles\/CBMiswFBVV95cUxPemJMUVdyTTBXdHpfOGhJWTBxc0ZtTVJjT3k0clNrZF9SNmM4MElDeE9YYU5oZlBESUlRYXZGV2VUU2tBZWRFMVVqUFZ6cXkyVkk2WWtPRHVsRFhRLTJ4Z0hsaDBkb05XY3JLdGd2WVdiSlBWZXNyS3hCZHhtajVkZW9kZTZ0aktFX2JGN1pZcEpVaTN2T0x6RFFaSW1xdFRmOEpIX0sza1dnRU1RZmJyUU1XMA?oc=5\" target=\"_blank\" rel=\"nofollow noopener\">Classement g\u00e9n\u00e9ral et r\u00e9sultats apr\u00e8s la 18e \u00e9tape<\/a>&nbsp;&nbsp;20 Minutes<\/li>\n<li><a href=\"https:\/\/news.google.com\/rss\/articles\/CBMioAJBVV95cUxQRXZqd3dOdmxhb0tXSHk1YkctczA4UFIwcE9IM0tfYW5zMEg3aXBhOGplTERoTVhreXBucnJEWFhESjV3Q0VzQlNXejFlWVM5MlBnaGdIYnpkUjc3RjRPUlFEeldIUnFNdF9KdkUxVGh0bmx3NEM2Nm0zWUhGMmtyaVRHQmZlRVZaYnFNUTRQblpobzFyeHlibTRIeDd1aTlJcGJ3VGF3d0EwRzg2TEstTzlxbXdnMGYxMW5FUDd5OWhBdUxTZkpUWXVEQlJEa3ZfbjZBWFlYN19LdTd0Z21yc2xoM0xwdGFoczZsUlpsVmpxNnJzOEZzX2FIRkFyeWZBaUdyODBkOFI5R2V0QjRlNnlKR1VVZi1GYlZXV1RJQUI?oc=5\" target=\"_blank\" rel=\"nofollow noopener\">Cyclisme : le peloton menace de faire gr\u00e8ve en cas de nouvelles interruptions sur le Tour d\u2019Espagne, l\u2019\u00e9tape pas perturb\u00e9e et Vingegaard reste en rouge<\/a>&nbsp;&nbsp;ladepeche.fr<\/li>\n<li><a href=\"https:\/\/news.google.com\/rss\/articles\/CBMixAFBVV95cUxOYVNzMUQ2YnQ3Qlcyal92WTRsdEVPaXdNT19aR1BOa3ozbjZ4Nnl6SThuXy1YNkoyVjg5c1B3NEZpaC1tcFY3RDNSaGdNM0twQkhFNGMzbFBlWVJYWGtGYmdtVFZEbWVtWHhFYmZicjUtdFVxVkRNQU14RXJmMVVmalZoR1dNclloYjhLUTNzcU0xLXFrcnBCcVRtMm5nOFdWaVJfVzU5Q21QYmYzVnFZb1RKdG9sSmpVaGdDN256ZlBwVTJv0gHDAUFVX3lxTFBOTlpOZU9oVGROdjc1aVZUV2dqRElzdTRkWjB5aWs3S2hqVGg0dmQ2NExhbUU4TE9ONExpT0hMc0Z3a0tyLWNXcFJCSjhhMXNZaV9BajBzbkpDNGE3alYxbEJPZjM3Vm5GVnRLaGIzRGNxTi0zakdabVQzT1E3RWxmdDZOaGljQjUzNXJ1UC15TmVDTC1oV2E2VGNtNUs1YjlCNnlZVlp3REMxN2ttcno4Sk1lc3NpTl9PdlZPTklqZEhuOA?oc=5\" target=\"_blank\" rel=\"nofollow noopener\">Vuelta : Vingegaard-Almeida, la dr\u00f4le de sc\u00e8ne<\/a>&nbsp;&nbsp;Orange Actualit\u00e9s | Sports<\/li>\n<li><a href=\"https:\/\/news.google.com\/rss\/articles\/CBMi9gFBVV95cUxOamROZkNNaElfR0xGZ0pSN2FPX3NBaUhrdGlmV0NyVmF6ZGJVWmEycmxmMGFQbl9PR09Na2RyUVhqU09kYmNDQl9sY0FuRXUxRUpFaGplaXduV0lwbE83Q2dvSnpXMjRPcHFKMFhxR0FhSEt2RlV2NDRLVWRpRjNqQkx1bDJCMURodmt6NzNwYW1jRWo0S09CTGhGWi1CVG84eG9QSGtSN2dmQnl2Sjk2YkMwVDhtdUU0VnZWSlNtSGtHUnluNmtQZDJ6TWVZT1M3eUotUnNXR0h3X2JBajgxOFgzOXU0dzE3RzB2S2tobVM0WHRoeXc?oc=5\" target=\"_blank\" rel=\"nofollow noopener\">Cette arriv\u00e9e spectaculaire sur la Vuelta rappelle les terribles incendies en Espagne cet \u00e9t\u00e9<\/a>&nbsp;&nbsp;Le HuffPost<\/li>\n<\/ol>\n","protected":false},"excerpt":{"rendered":"Vuelta 2025, 18\u00e8me \u00e9tape (Valladolid &#8211; Valladolid): classement et r\u00e9sum\u00e9 de la course&nbsp;&nbsp;L&rsquo;\u00c9quipe Classement g\u00e9n\u00e9ral et r\u00e9sultats apr\u00e8s&hellip;\n","protected":false},"author":2,"featured_media":344900,"comment_status":"","ping_status":"","sticky":false,"template":"","format":"standard","meta":{"footnotes":""},"categories":[9],"tags":[1011,27,60],"class_list":{"0":"post-383213","1":"post","2":"type-post","3":"status-publish","4":"format-standard","5":"has-post-thumbnail","7":"category-sports","8":"tag-fr","9":"tag-france","10":"tag-sports"},"share_on_mastodon":{"url":"https:\/\/pubeurope.com\/@fr\/115186634926234193","error":""},"_links":{"self":[{"href":"https:\/\/www.europesays.com\/fr\/wp-json\/wp\/v2\/posts\/383213","targetHints":{"allow":["GET"]}}],"collection":[{"href":"https:\/\/www.europesays.com\/fr\/wp-json\/wp\/v2\/posts"}],"about":[{"href":"https:\/\/www.europesays.com\/fr\/wp-json\/wp\/v2\/types\/post"}],"author":[{"embeddable":true,"href":"https:\/\/www.europesays.com\/fr\/wp-json\/wp\/v2\/users\/2"}],"replies":[{"embeddable":true,"href":"https:\/\/www.europesays.com\/fr\/wp-json\/wp\/v2\/comments?post=383213"}],"version-history":[{"count":0,"href":"https:\/\/www.europesays.com\/fr\/wp-json\/wp\/v2\/posts\/383213\/revisions"}],"wp:featuredmedia":[{"embeddable":true,"href":"https:\/\/www.europesays.com\/fr\/wp-json\/wp\/v2\/media\/344900"}],"wp:attachment":[{"href":"https:\/\/www.europesays.com\/fr\/wp-json\/wp\/v2\/media?parent=383213"}],"wp:term":[{"taxonomy":"category","embeddable":true,"href":"https:\/\/www.europesays.com\/fr\/wp-json\/wp\/v2\/categories?post=383213"},{"taxonomy":"post_tag","embeddable":true,"href":"https:\/\/www.europesays.com\/fr\/wp-json\/wp\/v2\/tags?post=383213"}],"curies":[{"name":"wp","href":"https:\/\/api.w.org\/{rel}","templated":true}]}}