{"id":383215,"date":"2025-09-11T16:35:12","date_gmt":"2025-09-11T16:35:12","guid":{"rendered":"https:\/\/www.europesays.com\/fr\/383215\/"},"modified":"2025-09-11T16:35:12","modified_gmt":"2025-09-11T16:35:12","slug":"netflix-a-un-probleme-avec-mercredi-saison-2","status":"publish","type":"post","link":"https:\/\/www.europesays.com\/fr\/383215\/","title":{"rendered":"Netflix a un probl\u00e8me avec Mercredi saison 2"},"content":{"rendered":"<p>L\u2019ann\u00e9e scolaire d\u00e9bute sur une mauvaise note pour Mercredi Addams. Quelques semaines apr\u00e8s le lancement tonitruant de sa saison 2, la s\u00e9rie d\u2019Alfred Gough et Miles Milar d\u00e9\u00e7oit avec sa seconde partie. Ce jeudi 11 septembre, elle affiche des audiences en berne. Les quatre ultimes \u00e9pisodes ont r\u00e9uni seulement <strong>28,2 millions de spectateurs en cinq jours.<\/strong> Un lancement que bien d\u2019autres estampilles envieraient au hit fantastique et teen du N rouge mais qui s\u2019inscrit bien en de\u00e7\u00e0 des r\u00e9sultats de la partie diffus\u00e9e en ao\u00fbt dernier. Pour rappel, <a href=\"https:\/\/www.journaldugeek.com\/critique\/mercredi-saison-2-tout-ce-qui-cloche-avec-la-serie-netflix-spoilers\/\" rel=\"nofollow noopener\" target=\"_blank\">Mercredi<\/a> saison 2 affichait un lancement \u00e0 hauteur de 50 millions dans la semaine du 4 au 10 ao\u00fbt. Une<strong> baisse de 43,6%<\/strong> qui n\u2019est jamais de bon augure.<\/p>\n<p>Elle peut s\u2019expliquer d\u2019abord par un contexte <strong>moins propice au binge-watching. <\/strong>Avec l\u2019effervescence de la rentr\u00e9e, les abonn\u00e9s Netflix avaient sans doute moins de temps \u00e0 consacrer au catalogue. Dans le m\u00eame temps, la concurrence sur le cr\u00e9neau des s\u00e9ries adolescentes \u00e9tait plus rude en ce mois de septembre. En effet, Netflix a sign\u00e9 le retour d\u2019un autre hit du genre fin ao\u00fbt\u00a0: Ma vie avec les Walter Boys. Les deux s\u00e9ries s\u2019adressent majoritairement <strong>aux m\u00eames<\/strong> <strong>spectateurs \u00e0 savoir les 15-24 ans<\/strong>. Si Netflix ne d\u00e9taille jamais l\u2019\u00e2ge moyen des spectateurs de ses s\u00e9ries, force est de constater que les deux s\u00e9ries partagent de nombreuses similitudes.<\/p>\n<p> Une grosse d\u00e9ception\u00a0? <\/p>\n<p>La chute de Mercredi n\u2019est pas non plus alarmante. La s\u00e9rie s\u2019en sort tout de m\u00eame tr\u00e8s bien et reste un joli succ\u00e8s pour le N rouge. Selon Netflix &amp; Chiffres, qui comptabilise les audiences de la saison 2 dans son int\u00e9gralit\u00e9, la s\u00e9rie fait un meilleur lancement que Bridgerton saison 3. Elle affiche 80 millions de vues \u00e0 travers le monde contre 68,8 pour l\u2019adaptation des romans de Julia Quinn. Ce lancement ne lui permet en revanche pas de faire mieux que <a href=\"https:\/\/www.journaldugeek.com\/2025\/08\/18\/netflix-pourrait-bientot-perdre-les-createurs-de-stranger-things\/\" rel=\"nofollow noopener\" target=\"_blank\">Stranger Things<\/a> saison 4 et ses 90,9 millions de t\u00e9l\u00e9spectateurs la semaine du lancement en 2022. La s\u00e9rie a su s\u2019imposer parmi les productions les plus fortes de son catalogue. Le N rouge esp\u00e8re, sans doute, qu\u2019\u00e0 l\u2019heure de la conclusion de ses aventures dans l\u2019Upside Down, Mercredi prendra sa rel\u00e8ve.<\/p>\n<p>Pour rappel, une saison 3 est d\u2019ores et d\u00e9j\u00e0 pr\u00e9vue. Les cr\u00e9ateurs Alfred Gough et Miles Millar s\u2019y att\u00e8lent d\u00e9j\u00e0 et ont promis que le temps d\u2019attente ne sera pas aussi long. Reste \u00e0 voir si cette saison 3 confirme la popularit\u00e9 de Mercredi et sa famille ou si, \u00e0 l\u2019inverse, la s\u00e9rie n\u2019est qu\u2019un ph\u00e9nom\u00e8ne passager qui aura vendu quantit\u00e9 de produits d\u00e9riv\u00e9s et occuper de l\u2019espace sur TikTok avec des trends. Les prochaines semaines seront scrut\u00e9es attentivement par Netflix. Se pose aussi la question des diffusions en deux parties dont le b\u00e9n\u00e9fice n\u2019est pas encore tout \u00e0 fait clair, autrement que pour pousser les clients \u00e0 rester abonn\u00e9s deux mois de plus.<\/p>\n<p> \u00c0 voir aussi\u00a0:<br \/>\n    <a href=\"https:\/\/www.youtube.com\/user\/JournalduGeek?sub_confirmation=1\" target=\"_blank\" rel=\"nofollow noopener\"><br \/>\n        S&rsquo;abonner \u00e0 Journal du Geek<br \/>\n    <\/a> <\/p>\n<blockquote>\n<p class=\"text-base text-neutral-700 dark:text-neutral-300\">\ud83d\udfe3 Pour ne manquer aucune news sur le Journal du Geek, abonnez-vous sur <a href=\"https:\/\/news.google.com\/publications\/CAAqBwgKMNr_hAswwYyCAw?hl=fr&amp;gl=FR&amp;ceid=FR%3Afr\" target=\"_blank\" rel=\"nofollow noopener\">Google Actualit\u00e9s<\/a> et sur <a href=\"https:\/\/whatsapp.com\/channel\/0029VaClM5y4tRry12tb7D2h\" target=\"_blank\" rel=\"nofollow noopener\">notre WhatsApp<\/a>. Et si vous nous adorez, on a <a href=\"https:\/\/www.journaldugeek.com\/newsletter\/\" target=\"_blank\" rel=\"nofollow noopener\">une newsletter tous les matins<\/a>.<\/p>\n<\/blockquote>\n","protected":false},"excerpt":{"rendered":"L\u2019ann\u00e9e scolaire d\u00e9bute sur une mauvaise note pour Mercredi Addams. Quelques semaines apr\u00e8s le lancement tonitruant de sa&hellip;\n","protected":false},"author":2,"featured_media":383216,"comment_status":"","ping_status":"","sticky":false,"template":"","format":"standard","meta":{"footnotes":""},"categories":[8],"tags":[58,59,1011,27,6774,127],"class_list":{"0":"post-383215","1":"post","2":"type-post","3":"status-publish","4":"format-standard","5":"has-post-thumbnail","7":"category-divertissement","8":"tag-divertissement","9":"tag-entertainment","10":"tag-fr","11":"tag-france","12":"tag-mercredi","13":"tag-netflix"},"share_on_mastodon":{"url":"https:\/\/pubeurope.com\/@fr\/115186639004312928","error":""},"_links":{"self":[{"href":"https:\/\/www.europesays.com\/fr\/wp-json\/wp\/v2\/posts\/383215","targetHints":{"allow":["GET"]}}],"collection":[{"href":"https:\/\/www.europesays.com\/fr\/wp-json\/wp\/v2\/posts"}],"about":[{"href":"https:\/\/www.europesays.com\/fr\/wp-json\/wp\/v2\/types\/post"}],"author":[{"embeddable":true,"href":"https:\/\/www.europesays.com\/fr\/wp-json\/wp\/v2\/users\/2"}],"replies":[{"embeddable":true,"href":"https:\/\/www.europesays.com\/fr\/wp-json\/wp\/v2\/comments?post=383215"}],"version-history":[{"count":0,"href":"https:\/\/www.europesays.com\/fr\/wp-json\/wp\/v2\/posts\/383215\/revisions"}],"wp:featuredmedia":[{"embeddable":true,"href":"https:\/\/www.europesays.com\/fr\/wp-json\/wp\/v2\/media\/383216"}],"wp:attachment":[{"href":"https:\/\/www.europesays.com\/fr\/wp-json\/wp\/v2\/media?parent=383215"}],"wp:term":[{"taxonomy":"category","embeddable":true,"href":"https:\/\/www.europesays.com\/fr\/wp-json\/wp\/v2\/categories?post=383215"},{"taxonomy":"post_tag","embeddable":true,"href":"https:\/\/www.europesays.com\/fr\/wp-json\/wp\/v2\/tags?post=383215"}],"curies":[{"name":"wp","href":"https:\/\/api.w.org\/{rel}","templated":true}]}}