{"id":383223,"date":"2025-09-11T16:39:11","date_gmt":"2025-09-11T16:39:11","guid":{"rendered":"https:\/\/www.europesays.com\/fr\/383223\/"},"modified":"2025-09-11T16:39:11","modified_gmt":"2025-09-11T16:39:11","slug":"derriere-laffaire-des-tetes-de-cochons-devant-des-mosquees-la-difficile-enquete-sur-une-ingerence-etrangere","status":"publish","type":"post","link":"https:\/\/www.europesays.com\/fr\/383223\/","title":{"rendered":"Derri\u00e8re l\u2019affaire des t\u00eates de cochons devant des mosqu\u00e9es, la difficile enqu\u00eate sur une ing\u00e9rence \u00e9trang\u00e8re"},"content":{"rendered":"<p>L\u2019ombre du <a href=\"https:\/\/www.20minutes.fr\/dossier\/kremlin\" class=\"c-link c-link--is-underlined\" rel=\"nofollow noopener\" target=\"_blank\">Kremlin<\/a> plane sur <a href=\"https:\/\/www.20minutes.fr\/societe\/4172371-20250910-mosquees-apres-avoir-depose-tetes-cochons-responsables-quitte-territoire\" target=\"_blank\" class=\"c-link c-link--is-underlined\" rel=\"nofollow noopener\">l\u2019affaire des \u00ab\u00a0t\u00eates de cochons\u00a0\u00bb<\/a> d\u00e9pos\u00e9es devant des mosqu\u00e9es franciliennes. Mardi matin, neuf t\u00eates ont \u00e9t\u00e9 d\u00e9couvertes avant les premi\u00e8res lueurs du jour devant cinq mosqu\u00e9es parisiennes et quatre en petite couronne. Sur l\u2019une d\u2019elles, le mot \u00ab\u00a0Macron\u00a0\u00bb \u00e9tait inscrit \u00e0 la peinture bleue. \u00ab\u00a0Cet acte porte la <a href=\"https:\/\/www.20minutes.fr\/societe\/4170120-20250901-reseau-profils-contestataires-tres-populaires-x-francais-emane-usine-trolls-russe\" target=\"_blank\" class=\"c-link c-link--is-underlined\" rel=\"nofollow noopener\">signature de la Russie<\/a>, soupire une source proche du dossier. Les symboles religieux, l\u2019action en pleine nuit, les auteurs venant d\u2019Europe de l\u2019Est\u2026\u00a0\u00bb La semaine derni\u00e8re d\u00e9j\u00e0, <a href=\"https:\/\/www.20minutes.fr\/faits_divers\/4171271-20250904-paris-affiches-pro-russe-glorifiant-soldat-sovietique-vainqueur-decouvertes-arc-triomphe\" target=\"_blank\" class=\"c-link c-link--is-underlined\" rel=\"nofollow noopener\">des affiches prorusses ont \u00e9t\u00e9 d\u00e9couvertes au pied de l\u2019Arc de Triomphe<\/a>. Un timing qui ne doit rien au hasard\u00a0: ces <a href=\"https:\/\/www.20minutes.fr\/faits_divers\/4157242-20250606-lieux-juifs-vandalises-paris-puissance-etrangere-peut-etre-russe-derriere-trois-suspects-serbes\" target=\"_blank\" class=\"c-link c-link--is-underlined\" rel=\"nofollow noopener\">campagnes de d\u00e9stabilisation<\/a> s\u2019inscrivent dans un contexte social \u2013 le mouvement \u00ab\u00a0Bloquons tout\u00a0\u00bb &#8211; et politique &#8211; le changement de gouvernement &#8211; houleux.<\/p>\n<p>Les premiers \u00e9l\u00e9ments de l\u2019enqu\u00eate ont rapidement permis d\u2019\u00e9tablir que des \u00ab\u00a0personnes de nationalit\u00e9 \u00e9trang\u00e8re\u00a0\u00bb se cachent derri\u00e8re ces actes islamophobes, note le parquet de Paris. Et ce, \u00ab\u00a0dans une volont\u00e9 manifeste de provoquer le trouble au sein de la Nation\u00a0\u00bb. Le t\u00e9moignage d\u2019un \u00e9<a href=\"https:\/\/www.20minutes.fr\/societe\/4172146-20250909-enquete-indignation-sait-tetes-cochon-deposees-devant-mosquees\" target=\"_blank\" class=\"c-link c-link--is-underlined\" rel=\"nofollow noopener\">leveur normand indiquant avoir vendu des t\u00eates de cochons<\/a> \u00e0 deux hommes \u00e9trangers se d\u00e9pla\u00e7ant dans une voiture immatricul\u00e9e en Serbie a \u00e9t\u00e9 d\u00e9cisif. C\u2019est en suivant le v\u00e9hicule gr\u00e2ce \u00e0 la vid\u00e9osurveillance qu\u2019ils ont \u00e9t\u00e9 rep\u00e9r\u00e9s dans le quartier d\u2019Oberkampf la veille des faits. Une ligne de t\u00e9l\u00e9phone croate a \u00e9galement \u00e9t\u00e9 identifi\u00e9e. Son suivi atteste d\u2019un \u00ab\u00a0franchissement de la fronti\u00e8re franco-belge d\u00e8s le mardi matin, apr\u00e8s la commission des faits\u00a0\u00bb, pr\u00e9cise le parquet.<\/p>\n<\/p>\n<p>Coop\u00e9ration internationale<\/p>\n<p>L\u2019affaire rappelle \u00e0 s\u2019y m\u00e9prendre celle des <a href=\"https:\/\/www.20minutes.fr\/justice\/4165422-20250726-tags-memorial-shoah-quatre-bulgares-juges-automne-paris\" target=\"_blank\" class=\"c-link c-link--is-underlined\" rel=\"nofollow noopener\">\u00ab\u00a0mains rouges\u00a0\u00bb tagu\u00e9es sur le m\u00e9morial de la Shoah en mai\u00a02024<\/a>. Rapidement, les enqu\u00eateurs avaient d\u00e9termin\u00e9 que les auteurs de ces d\u00e9gradations \u00e9taient des ressortissants bulgares. Comme dans l\u2019affaire des \u00ab\u00a0t\u00eates de cochons\u00a0\u00bb, ils ont s\u00e9journ\u00e9 une nuit \u00e0 Paris avant de commettre leur m\u00e9fait et de prendre la fuite en passant par la fronti\u00e8re belge. \u00ab\u00a0D\u00e8s lors que les suspects passent la fronti\u00e8re, les d\u00e9lais s\u2019allongent n\u00e9cessairement, mais cela n\u2019emp\u00eache pas les investigations\u00a0\u00bb, insiste une autre source proche du dossier. La France a sign\u00e9 de nombreuses conventions \u00e0 travers le monde pour fluidifier cette coop\u00e9ration internationale. Les pays de l\u2019Union Europ\u00e9enne sont quant eux unis par un protocole de coop\u00e9ration.<\/p>\n<p>L\u2019affaire des \u00ab\u00a0mains rouges\u00a0\u00bb avait \u00e9t\u00e9 prise tr\u00e8s au s\u00e9rieux par les autorit\u00e9s car ces d\u00e9gradations s\u2019inscrivaient dans une strat\u00e9gie plus globale de destabilisation\u00a0: des photos avaient \u00e9t\u00e9 largement diffus\u00e9es en ligne dans le but de \u00ab\u00a0diviser l\u2019opinion fran\u00e7aise\u00a0\u00bb et d&rsquo;\u00ab\u00a0attiser les tensions internes\u00a0\u00bb, selon les mots du parquet. Trois Bulgares, interpell\u00e9s quelques semaines plus tard, seront jug\u00e9s cet automne \u00e0 Paris pour \u00ab\u00a0d\u00e9gradations en r\u00e9union en raison de la pr\u00e9tendue appartenance \u00e0 une race, ethnie ou religion\u00a0\u00bb, ainsi que pour \u00ab\u00a0association de malfaiteurs\u00a0\u00bb. Un quatri\u00e8me suspect, soup\u00e7onn\u00e9 d\u2019avoir effectu\u00e9 les r\u00e9servations d\u2019h\u00e9bergement et de transports, est en fuite. Il encourt sept ans de prison.<\/p>\n<p>\u00ab\u00a0La difficult\u00e9, c\u2019est de remonter aux donneurs d\u2019ordre, poursuit cette source. Il ressort assez nettement que les ex\u00e9cutants n\u2019ont pas toujours conscience des enjeux derri\u00e8re leurs actes.\u00a0\u00bb En juin\u00a02024, un Allemand et un Ukrainien ont \u00e9t\u00e9 interpell\u00e9s apr\u00e8s avoir d\u00e9pos\u00e9 des cercueils avec la mention \u00ab\u00a0Soldats fran\u00e7ais de l\u2019Ukraine\u00a0\u00bb sous la tour Eiffel\u00a0: ils ont expliqu\u00e9 en garde \u00e0 vue avoir touch\u00e9 400 euros pour le faire. De m\u00eame, les Moldaves soup\u00e7onn\u00e9s d\u2019avoir tagu\u00e9 des \u00e9toiles de David \u00e0 l\u2019automne\u00a02023 semblent avoir \u00e9t\u00e9 \u00ab\u00a0employ\u00e9s\u00a0\u00bb par la mission. L\u00e0 encore, l\u2019ombre du Kremlin plane. Mais cette fois, aucune coop\u00e9ration n\u2019est envisageable.<\/p>\n","protected":false},"excerpt":{"rendered":"L\u2019ombre du Kremlin plane sur l\u2019affaire des \u00ab\u00a0t\u00eates de cochons\u00a0\u00bb d\u00e9pos\u00e9es devant des mosqu\u00e9es franciliennes. Mardi matin, neuf&hellip;\n","protected":false},"author":2,"featured_media":383224,"comment_status":"","ping_status":"","sticky":false,"template":"","format":"standard","meta":{"footnotes":""},"categories":[4],"tags":[47,11,118,1011,27,6269,4998,12,25,132],"class_list":{"0":"post-383223","1":"post","2":"type-post","3":"status-publish","4":"format-standard","5":"has-post-thumbnail","7":"category-france","8":"tag-actualite","9":"tag-actualites","10":"tag-faits-divers","11":"tag-fr","12":"tag-france","13":"tag-islamophobie","14":"tag-kremlin","15":"tag-news","16":"tag-republique-francaise","17":"tag-russie"},"share_on_mastodon":{"url":"https:\/\/pubeurope.com\/@fr\/115186654664640717","error":""},"_links":{"self":[{"href":"https:\/\/www.europesays.com\/fr\/wp-json\/wp\/v2\/posts\/383223","targetHints":{"allow":["GET"]}}],"collection":[{"href":"https:\/\/www.europesays.com\/fr\/wp-json\/wp\/v2\/posts"}],"about":[{"href":"https:\/\/www.europesays.com\/fr\/wp-json\/wp\/v2\/types\/post"}],"author":[{"embeddable":true,"href":"https:\/\/www.europesays.com\/fr\/wp-json\/wp\/v2\/users\/2"}],"replies":[{"embeddable":true,"href":"https:\/\/www.europesays.com\/fr\/wp-json\/wp\/v2\/comments?post=383223"}],"version-history":[{"count":0,"href":"https:\/\/www.europesays.com\/fr\/wp-json\/wp\/v2\/posts\/383223\/revisions"}],"wp:featuredmedia":[{"embeddable":true,"href":"https:\/\/www.europesays.com\/fr\/wp-json\/wp\/v2\/media\/383224"}],"wp:attachment":[{"href":"https:\/\/www.europesays.com\/fr\/wp-json\/wp\/v2\/media?parent=383223"}],"wp:term":[{"taxonomy":"category","embeddable":true,"href":"https:\/\/www.europesays.com\/fr\/wp-json\/wp\/v2\/categories?post=383223"},{"taxonomy":"post_tag","embeddable":true,"href":"https:\/\/www.europesays.com\/fr\/wp-json\/wp\/v2\/tags?post=383223"}],"curies":[{"name":"wp","href":"https:\/\/api.w.org\/{rel}","templated":true}]}}