{"id":383229,"date":"2025-09-11T16:42:13","date_gmt":"2025-09-11T16:42:13","guid":{"rendered":"https:\/\/www.europesays.com\/fr\/383229\/"},"modified":"2025-09-11T16:42:13","modified_gmt":"2025-09-11T16:42:13","slug":"apres-la-mobilisation-du-10-septembre-quelques-actions-encore-ce-jeudi","status":"publish","type":"post","link":"https:\/\/www.europesays.com\/fr\/383229\/","title":{"rendered":"apr\u00e8s la mobilisation du 10 septembre, quelques actions encore ce jeudi"},"content":{"rendered":"<p>La col\u00e8re sociale exprim\u00e9e par des milliers de manifestants dans la Loire ce mercredi 10 septembre est loin d\u2019\u00eatre \u00e9teinte. Tentative d\u2019intrusion dans les locaux de la radio Ici Saint-\u00c9tienne-Loire, assembl\u00e9e g\u00e9n\u00e9rale pr\u00e9vue ce jeudi soir sur le parvis de l\u2019h\u00f4tel de ville \u00e0 Saint-\u00c9tienne\u2026 Voici un r\u00e9sum\u00e9 des actions de la matin\u00e9e, et de celles auxquelles il faut s\u2019attendre pour le reste de la journ\u00e9e.<\/p>\n<p>  \u00c0 Saint-\u00c9tienne, des actions d\u00e8s 7 heures<\/p>\n<p>Ce jeudi, vers 6\u00a0h\u00a045, une vingtaine de personnes ont tent\u00e9 de s\u2019introduire, sans succ\u00e8s, dans les locaux de la radio Ici Saint-\u00c9tienne-Loire. \u00ab On veut passer \u00e0 la radio \u00bb, criaient-ils derri\u00e8re la porte d\u2019entr\u00e9e, <a href=\"https:\/\/www.francebleu.fr\/infos\/faits-divers-justice\/bloquons-tout-une-tentative-d-intrusion-dans-les-locaux-d-ici-saint-etienne-loire-par-une-vingtaine-de-personnes-7082873\" target=\"_blank\" rel=\"nofollow noopener\">rapporte la station<\/a>, avant de jeter des \u00ab gravillons \u00bb sur le b\u00e2timent.<\/p>\n<p>La police est intervenue d\u00e8s 7\u00a0h\u00a015 pour s\u00e9curiser les lieux. Aucun d\u00e9g\u00e2t n\u2019est \u00e0 d\u00e9plorer, selon Herv\u00e9 Chabbal, directeur d\u2019Ici Saint-\u00c9tienne-Loire\u00a0: \u00ab Les manifestants \u00e9taient assez pacifiques, ils voulaient montrer qu\u2019ils \u00e9taient l\u00e0 \u00bb.<\/p>\n<p>Malgr\u00e9 ces perturbations, l\u2019antenne a pu se d\u00e9rouler comme pr\u00e9vu.<\/p>\n<p>  Aucune interpellation ce jeudi matin<\/p>\n<p>Dans le centre-ville de Saint-\u00c9tienne, une vingtaine de policiers se sont positionn\u00e9s devant le Palais de justice de Saint-\u00c9tienne, dans l\u2019attente de potentielles actions.<\/p>\n<p>Du c\u00f4t\u00e9 du rond-point de Monthieu, vers 9 heures, moins d\u2019une dizaine de militants \u00e9taient visibles. Aucune action n\u2019a \u00e9t\u00e9 men\u00e9e. Une vingtaine de forces de l\u2019ordre \u00e9taient mobilis\u00e9es. Ces diff\u00e9rentes actions n\u2019ont donn\u00e9 lieu \u00e0 aucune interpellation dans la Loire.<\/p>\n<p>Dans le reste de la Loire, notamment \u00e0 <a href=\"https:\/\/www.leprogres.fr\/social\/2025\/09\/10\/a-roanne-forte-mobilisation-a-mably-le-rassemblement-disperse-par-la-police\" target=\"_blank\" rel=\"nofollow noopener\">Roanne<\/a> et du c\u00f4t\u00e9 de <a href=\"https:\/\/www.leprogres.fr\/encadres\/2025\/09\/10\/200-manifestants-et-trois-interpellations-a-montbrison\" target=\"_blank\" rel=\"nofollow noopener\">Montbrison<\/a> o\u00f9 des centaines de personnes ont d\u00e9fil\u00e9 mercredi, aucune action n\u2019a eu lieu ce jeudi matin.<\/p>\n<p>  Un rassemblement pr\u00e9vu \u00e0 18 heures place de l\u2019H\u00f4tel-de-Ville<\/p>\n<p><a href=\"https:\/\/www.leprogres.fr\/social\/2025\/09\/10\/beaucoup-de-monde-et-peu-d-incidents-le-pari-reussi-de-bloquons-tout\" target=\"_blank\" rel=\"nofollow noopener\">Lors de l\u2019\u00abagora populaire\u00bb qui s\u2019est tenue mercredi<\/a> en fin de journ\u00e9e devant la gare de Saint-\u00c9tienne Ch\u00e2teaucreux, un \u00ab rassemblement \u00bb \u00e0 18 heures sur le parvis de l\u2019H\u00f4tel de ville a \u00e9t\u00e9 d\u00e9cid\u00e9. Des militants doivent donc se retrouver ce jeudi soir pour \u00e9voquer la suite du mouvement du 10 septembre.<\/p>\n<p>De leur c\u00f4t\u00e9, les \u00e9tudiants qui manifestaient mercredi ont vot\u00e9 l\u2019occupation de l\u2019universit\u00e9 Jean-Monnet \u00e0 Saint-\u00c9tienne ce jeudi.<\/p>\n<p>Mais \u00e0 11 heures, ce m\u00eame jeudi, ladite occupation n\u2019avait toujours pas commenc\u00e9. \u00ab Nous r\u00e9fl\u00e9chissons \u00e0 la meilleure strat\u00e9gie possible \u00bb, assure une des organisatrices de la mobilisation estudiantine.<\/p>\n<p>Pour ce qui est des prochains jours, l\u2019intersyndicale de la Loire a d\u2019ores et d\u00e9j\u00e0 appel\u00e9 \u00e0 la gr\u00e8ve le jeudi 18 septembre.<\/p>\n<p>Les \u00abtravailleurs et travailleuses\u00bb sont appel\u00e9s \u00e0 se mobiliser \u00abpour gagner l\u2019enterrement du projet de budget Bayrou\u00bb et \u00abgagner la r\u00e9ponse aux exigences sociales\u00bb.<\/p>\n","protected":false},"excerpt":{"rendered":"La col\u00e8re sociale exprim\u00e9e par des milliers de manifestants dans la Loire ce mercredi 10 septembre est loin&hellip;\n","protected":false},"author":2,"featured_media":383230,"comment_status":"","ping_status":"","sticky":false,"template":"","format":"standard","meta":{"footnotes":""},"categories":[9653],"tags":[1111,11,2430,9671,7539,1777,674,274,107,1011,27,3367,12,25,4001,801],"class_list":{"0":"post-383229","1":"post","2":"type-post","3":"status-publish","4":"format-standard","5":"has-post-thumbnail","7":"category-saint-etienne","8":"tag-actu","9":"tag-actualites","10":"tag-auvergne-rhone-alpes","11":"tag-conflit-social","12":"tag-edition-loire-sud","13":"tag-eu","14":"tag-europe","15":"tag-faits-divers-justice","16":"tag-fil-info","17":"tag-fr","18":"tag-france","19":"tag-loire","20":"tag-news","21":"tag-republique-francaise","22":"tag-saint-etienne","23":"tag-social"},"share_on_mastodon":{"url":"https:\/\/pubeurope.com\/@fr\/115186666301857437","error":""},"_links":{"self":[{"href":"https:\/\/www.europesays.com\/fr\/wp-json\/wp\/v2\/posts\/383229","targetHints":{"allow":["GET"]}}],"collection":[{"href":"https:\/\/www.europesays.com\/fr\/wp-json\/wp\/v2\/posts"}],"about":[{"href":"https:\/\/www.europesays.com\/fr\/wp-json\/wp\/v2\/types\/post"}],"author":[{"embeddable":true,"href":"https:\/\/www.europesays.com\/fr\/wp-json\/wp\/v2\/users\/2"}],"replies":[{"embeddable":true,"href":"https:\/\/www.europesays.com\/fr\/wp-json\/wp\/v2\/comments?post=383229"}],"version-history":[{"count":0,"href":"https:\/\/www.europesays.com\/fr\/wp-json\/wp\/v2\/posts\/383229\/revisions"}],"wp:featuredmedia":[{"embeddable":true,"href":"https:\/\/www.europesays.com\/fr\/wp-json\/wp\/v2\/media\/383230"}],"wp:attachment":[{"href":"https:\/\/www.europesays.com\/fr\/wp-json\/wp\/v2\/media?parent=383229"}],"wp:term":[{"taxonomy":"category","embeddable":true,"href":"https:\/\/www.europesays.com\/fr\/wp-json\/wp\/v2\/categories?post=383229"},{"taxonomy":"post_tag","embeddable":true,"href":"https:\/\/www.europesays.com\/fr\/wp-json\/wp\/v2\/tags?post=383229"}],"curies":[{"name":"wp","href":"https:\/\/api.w.org\/{rel}","templated":true}]}}