{"id":383236,"date":"2025-09-11T16:46:14","date_gmt":"2025-09-11T16:46:14","guid":{"rendered":"https:\/\/www.europesays.com\/fr\/383236\/"},"modified":"2025-09-11T16:46:14","modified_gmt":"2025-09-11T16:46:14","slug":"cest-un-joueur-qui-ne-laisse-pas-indifferent","status":"publish","type":"post","link":"https:\/\/www.europesays.com\/fr\/383236\/","title":{"rendered":"C&rsquo;est un joueur qui ne laisse pas indiff\u00e9rent"},"content":{"rendered":"<p>            Par<br \/>\n        <strong><br \/>\n            <a href=\"https:\/\/actu.fr\/auteur\/clement-mazella\" title=\"Consulter tous les articles de Cl\u00e9ment Mazella\" target=\"_blank\" rel=\"noopener\">Cl\u00e9ment Mazella<\/a><br \/>\n        <\/strong><\/p>\n<p>        Publi\u00e9 le<\/p>\n<p>            11 sept. 2025 \u00e0 18h21        <\/p>\n<p>Xavier Sadourny l\u2019assure : <a href=\"https:\/\/actu.fr\/sports\/rugby\/top-14\/un-ko-express-des-gros-coups-a-l-exterieur-ce-qu-il-faut-retenir-de-la-1ere-journee-de-top-14_63125814.html\" target=\"_blank\" rel=\"noopener\">la d\u00e9faite (15-17) contre Pau<\/a> \u00e0 domicile n\u2019a rien chang\u00e9. Pour le \u00ab\u00a0chaud\u00a0\u00bb d\u00e9placement \u00e0 Toulon samedi 13 septembre (21h05), le manager de <a href=\"https:\/\/actu.fr\/tag\/castres-olympique\" target=\"_blank\" rel=\"noopener\">Castres<\/a> avait pr\u00e9vu d\u2019aligner une \u00e9quipe diff\u00e9rente de celle de la 1\u00e8re journ\u00e9e, pour que tout le monde se sente d\u2019entr\u00e9e concern\u00e9. En n\u00b08, on retrouvera <strong>Feybian Tukino<\/strong>, qui d\u00e9bute sa 4e saison au CO mais qui n\u2019a pas tant jou\u00e9 que \u00e7a. Tr\u00e8s puissant, le gar\u00e7on de 24 ans aura pour mission de prendre le relais d\u2019Abraham Papali\u2019i, absent. <strong>Sadourny cro\u00eet vraiment en lui<\/strong>.<\/p>\n<p>En coloc avec ses 2 autres fr\u00e8res<\/p>\n<p class=\" wall-content\">Rembobinons un peu le fil. En 2021, le Castres Olympique mise sur la fratrie Tukino. Feybian, River et Crimson, <strong>fils de Siaki<\/strong>, ancien 3e ligne pass\u00e9 par Toulon et Grenoble, rejoignent le Tarn, le CO versant au passage une petite somme au FCG concernant des indemnit\u00e9s de formation.<\/p>\n<p class=\" wall-content\">Un vrai pari. Risqu\u00e9. Mais qui ne tente rien n\u2019a rien, comme on dit. Feybian, River et Crimson sont en colocation, et chacun tente de faire son trou. \u00ab\u00a0C\u2019\u00e9tait un environnement nouveau. C\u2019\u00e9tait la premi\u00e8re fois que je partais chez moi. Les avoir \u00e0 mes c\u00f4t\u00e9s, cela m\u2019a beaucoup aid\u00e9. Cela m\u2019a permis d\u2019\u00eatre bien dans ma t\u00eate\u00a0\u00bb, avoue Feybian.<\/p>\n<p class=\" wall-content\">Au d\u00e9but de cette saison 2025-2026, il est d\u00e9sormais tout seul \u00e0 Castres. River a rejoint Riom en F\u00e9d\u00e9rale 2, Crimson recherche un club. \u00ab\u00a0Il ne reste plus que moi, c\u2019est vrai. Je me suis forg\u00e9 le caract\u00e8re pour avoir ce qu\u2019il faut pour arriver en pro\u00a0\u00bb, souligne le puissant 3e ligne (111 kilos), qui pr\u00e9f\u00e8re \u00e9voluer n\u00b08 plut\u00f4t que flanker. \u00ab\u00a0Moi qui aime faire avancer l\u2019\u00e9quipe, n\u00b08 correspondant plus \u00e0 mon profil\u00a0\u00bb.<\/p>\n<p>Faire oublier Papali\u2019i<\/p>\n<p class=\" wall-content\">Apr\u00e8s deux ann\u00e9es de d\u00e9couverte avec les Espoirs, Feybian Tukino a disput\u00e9 12 rencontres la saison derni\u00e8re en \u00e9quipe premi\u00e8re. \u00ab\u00a0Cela m\u2019a permis d\u2019apprendre \u00e9norm\u00e9ment. Je pense \u00eatre bien plus \u00e9quip\u00e9 par rapport \u00e0 ce qui va m\u2019attendre \u00e0 chaque match\u00a0\u00bb, estime le 3e ligne, un brin taiseux. \u00ab\u00a0Les mecs des \u00eeles, nous sommes timides. Nous nous exprimons plus par les gestes que par la parole. Avec l\u2019\u00e2ge, je me suis am\u00e9lior\u00e9 avec \u00e7a\u00a0\u00bb.\u00a0<\/p>\n<p class=\" wall-content\">Cette saison, le staff tarnais compte vraiment sur lui. \u00ab\u00a0La premi\u00e8re saison, quand tu d\u00e9butes, personne ne te conna\u00eet. La deuxi\u00e8me, c\u2019est l\u00e0 o\u00f9 tu dois confirmer. Des fois, on se loupe. Des fois, on perce. Cette saison, j\u2019ai envie de franchir un cap pour confirmer ma place dans ce groupe\u00a0\u00bb, avoue Feybian, qui sera align\u00e9 ce week-end \u00e0 Toulon.\u00a0<\/p>\n<p class=\" wall-content\">Mayol, c\u2019est le th\u00e9\u00e2tre de son dernier match en Top 14. C\u2019\u00e9tait l\u2019an dernier, lors du barrage perdu (52-23). Samedi, Feybian Tukino sera charg\u00e9 de compenser l\u2019absence du bulldozer Abraham Papali\u2019i, retenu avec les Samoa pour affronter les Etats-Unis. \u00ab\u00a0Abraham, je ne le vois pas trop comme un concurrent, plus comme quelqu\u2019un qui peut m\u2019apprendre des choses pour avoir des munitions en plus dans mon jeu\u00a0\u00bb, assure l\u2019a\u00een\u00e9 des Tukino.\u00a0<\/p>\n<p class=\" wall-content\">\u00ab\u00a0Nous allons voir comment nous pouvons jouer sans ce gros porteur qui nous a fait beaucoup de bien l\u2019an dernier. Il faut que nous arrivions \u00e0 jouer sans lui, ou ne pas le surutiliser quand il est l\u00e0. Nous nous sommes peut-\u00eatre trop repos\u00e9s sur lui contre Pau\u00a0\u00bb, estime le manager Xavier Sadourny.<\/p>\n<p>Votre r\u00e9gion, votre actu !<\/p>\n<p>Recevez chaque jour les infos qui comptent pour vous.<\/p>\n<p>\t<a href=\"https:\/\/actu.fr\/newsletter\" class=\"ac-btn ac-btn--corner ac-btn--medium ac-btn--blue800\" target=\"_blank\" rel=\"noopener\">S&rsquo;incrire<\/a><\/p>\n<p>    <img   decoding=\"async\" loading=\"lazy\" src=\"https:\/\/www.europesays.com\/fr\/wp-content\/uploads\/2025\/09\/feybian-tukino-castres-rugby-960x640.jpg\" alt=\"Des 3 fr\u00e8res Tukino, Feybian est le dernier \u00e0 \u00eatre encore joueur au CO. \" width=\"960\" height=\"640\"\/><br \/>\n    Des 3 fr\u00e8res Tukino, Feybian est le dernier \u00e0 \u00eatre encore joueur au CO. (\u00a9Cl\u00e9ment MAZELLA)Sadourny loue Tukino<\/p>\n<p class=\" wall-content\">Un Sadourny <strong>pas avare de compliments<\/strong> sur le joker Feybian Tukino : \u00ab\u00a0C\u2019est un joueur complet, gros porteur, gros plaqueur, qui va vite. C\u2019est un joueur qui sait acc\u00e9l\u00e9rer au contact avec ou sans ballon. C\u2019est une grosse qualit\u00e9, et techniquement, c\u2019est bon. Il a une grosse compr\u00e9hension du jeu. Il doit compter dans notre effectif\u00a0\u00bb.<\/p>\n<p class=\" wall-content\">Le technicien de poursuivre : \u00ab\u00a0Matthias Rolland m\u2019avait parl\u00e9 de Feybian \u00e0 mon arriv\u00e9e : je ne l\u2019attendais pas \u00e0 ce niveau-l\u00e0. C\u2019est un joueur qui ne laisse pas indiff\u00e9rent\u00a0\u00bb.\u00a0Un joueur qui ne laisse pas indiff\u00e9rent, mais qui abat une grosse carte samedi.\u00a0<\/p>\n<p class=\" wall-content\">Personnalisez votre actualit\u00e9 en ajoutant vos villes et m\u00e9dias en favori avec <a href=\"https:\/\/moncompte.actu.fr\" title=\"D\u00e9couvez Mon Actu\" rel=\"nofollow noopener\" data-trk=\"{&quot;cta&quot;:{&quot;action&quot;:&quot;https:\\\/\\\/moncompte.actu.fr&quot;,&quot;category&quot;:&quot;mon compte&quot;,&quot;from&quot;:&quot;article footer&quot;,&quot;name&quot;:&quot;Mon actu&quot;,&quot;type&quot;:&quot;cta&quot;}}\" target=\"_blank\">Mon Actu<\/a>.<\/p>\n","protected":false},"excerpt":{"rendered":"Par Cl\u00e9ment Mazella Publi\u00e9 le 11 sept. 2025 \u00e0 18h21 Xavier Sadourny l\u2019assure : la d\u00e9faite (15-17) contre&hellip;\n","protected":false},"author":2,"featured_media":383237,"comment_status":"","ping_status":"","sticky":false,"template":"","format":"standard","meta":{"footnotes":""},"categories":[9619],"tags":[1111,11,7336,1777,674,1011,27,12,882,25,479,60,478,2310],"class_list":{"0":"post-383236","1":"post","2":"type-post","3":"status-publish","4":"format-standard","5":"has-post-thumbnail","7":"category-toulon","8":"tag-actu","9":"tag-actualites","10":"tag-castres-olympique","11":"tag-eu","12":"tag-europe","13":"tag-fr","14":"tag-france","15":"tag-news","16":"tag-provence-alpes-cote-dazur","17":"tag-republique-francaise","18":"tag-rugby","19":"tag-sports","20":"tag-top-14","21":"tag-toulon"},"share_on_mastodon":{"url":"https:\/\/pubeurope.com\/@fr\/115186682674633907","error":""},"_links":{"self":[{"href":"https:\/\/www.europesays.com\/fr\/wp-json\/wp\/v2\/posts\/383236","targetHints":{"allow":["GET"]}}],"collection":[{"href":"https:\/\/www.europesays.com\/fr\/wp-json\/wp\/v2\/posts"}],"about":[{"href":"https:\/\/www.europesays.com\/fr\/wp-json\/wp\/v2\/types\/post"}],"author":[{"embeddable":true,"href":"https:\/\/www.europesays.com\/fr\/wp-json\/wp\/v2\/users\/2"}],"replies":[{"embeddable":true,"href":"https:\/\/www.europesays.com\/fr\/wp-json\/wp\/v2\/comments?post=383236"}],"version-history":[{"count":0,"href":"https:\/\/www.europesays.com\/fr\/wp-json\/wp\/v2\/posts\/383236\/revisions"}],"wp:featuredmedia":[{"embeddable":true,"href":"https:\/\/www.europesays.com\/fr\/wp-json\/wp\/v2\/media\/383237"}],"wp:attachment":[{"href":"https:\/\/www.europesays.com\/fr\/wp-json\/wp\/v2\/media?parent=383236"}],"wp:term":[{"taxonomy":"category","embeddable":true,"href":"https:\/\/www.europesays.com\/fr\/wp-json\/wp\/v2\/categories?post=383236"},{"taxonomy":"post_tag","embeddable":true,"href":"https:\/\/www.europesays.com\/fr\/wp-json\/wp\/v2\/tags?post=383236"}],"curies":[{"name":"wp","href":"https:\/\/api.w.org\/{rel}","templated":true}]}}