{"id":383238,"date":"2025-09-11T16:47:11","date_gmt":"2025-09-11T16:47:11","guid":{"rendered":"https:\/\/www.europesays.com\/fr\/383238\/"},"modified":"2025-09-11T16:47:11","modified_gmt":"2025-09-11T16:47:11","slug":"les-quatre-lignes-de-tramway-et-toutes-les-lignes-de-bus-retardees","status":"publish","type":"post","link":"https:\/\/www.europesays.com\/fr\/383238\/","title":{"rendered":"les quatre lignes de tramway et toutes les lignes de bus retard\u00e9es"},"content":{"rendered":"<p>            Par<br \/>\n        <strong><br \/>\n            <a href=\"https:\/\/actu.fr\/auteur\/jm-aubert\" title=\"Consulter tous les articles de Jean-Marc Aubert\" rel=\"nofollow noopener\" target=\"_blank\">Jean-Marc Aubert<\/a><br \/>\n        <\/strong><\/p>\n<p>        Publi\u00e9 le<\/p>\n<p>            11 sept. 2025 \u00e0 17h45<br \/>\n        ; mis \u00e0 jour le 11 sept. 2025 \u00e0 17h48    <\/p>\n<p>Un <strong>incident technique<\/strong> entra\u00eene l\u2019arr\u00eat des <strong>quatre lignes de tramway<\/strong> et de toutes les lignes de <strong>bus<\/strong>, dans la <strong>M\u00e9tropole de Montpellier<\/strong>, depuis 17h, ce jeudi 11 septembre 2025.<\/p>\n<p class=\" wall-content\">Selon une source de<strong> TaM 3M<\/strong> \u00e0<strong>\u00a0M\u00e9tropolitain,\u00a0<\/strong>un dysfonctionnement de la t\u00e9l\u00e9phonie interne et des appels d\u2019urgence en cas de probl\u00e8me signal\u00e9 par les usagers est \u00e0 l\u2019origine de cette immobilisation brutale et totale des transports publics.<\/p>\n<p class=\" wall-content\">En clair, le syt\u00e8me d\u2019exploitation de TaM 3M est totalement hors service, pour une raison qui n\u2019est pas encore connue. \u00ab\u00a0Aucune rame de tram, ni aucun bus ne circulent jusqu\u2019\u00e0 nouvel ordre\u00a0\u00bb confirme notre source.<\/p>\n<p class=\" wall-content\">Les agents techniques de TaM 3M sont \u00e0 pied d\u2019oeuvre pour r\u00e9gler cet important incident, rarissime depuis l\u2019existence de ces moyens de transports dans la M\u00e9tropole. Ils auraient isol\u00e9 cette importante panne.<\/p>\n<p>Derni\u00e8re minute<\/p>\n<p class=\" wall-content\">On apprend \u00e0 17h45 que la circulation du tramway reprend progressivement, mais tr\u00e8s lentement, en raison de toutes les rames qui \u00e9taient immobilis\u00e9es et qui donc se suivent de tr\u00e8s pr\u00e8s pour arriver dans les stations. Idem pour les bus. Les retards atteignent 45 minutes, car il faut d\u00e9sormais r\u00e9gler le trafic. Des centaines d\u2019usagers sont dans les trams et les bus, ou \u00e0 quai.<\/p>\n<p class=\" wall-content\">Personnalisez votre actualit\u00e9 en ajoutant vos villes et m\u00e9dias en favori avec <a href=\"https:\/\/moncompte.actu.fr\" title=\"D\u00e9couvez Mon Actu\" rel=\"nofollow noopener\" data-trk=\"{&quot;cta&quot;:{&quot;action&quot;:&quot;https:\\\/\\\/moncompte.actu.fr&quot;,&quot;category&quot;:&quot;mon compte&quot;,&quot;from&quot;:&quot;article footer&quot;,&quot;name&quot;:&quot;Mon actu&quot;,&quot;type&quot;:&quot;cta&quot;}}\" target=\"_blank\">Mon Actu<\/a>.<\/p>\n","protected":false},"excerpt":{"rendered":"Par Jean-Marc Aubert Publi\u00e9 le 11 sept. 2025 \u00e0 17h45 ; mis \u00e0 jour le 11 sept. 2025&hellip;\n","protected":false},"author":2,"featured_media":146517,"comment_status":"","ping_status":"","sticky":false,"template":"","format":"standard","meta":{"footnotes":""},"categories":[9599],"tags":[1111,11,1777,674,118,1011,27,2208,12,2680,25,5787],"class_list":{"0":"post-383238","1":"post","2":"type-post","3":"status-publish","4":"format-standard","5":"has-post-thumbnail","7":"category-montpellier","8":"tag-actu","9":"tag-actualites","10":"tag-eu","11":"tag-europe","12":"tag-faits-divers","13":"tag-fr","14":"tag-france","15":"tag-montpellier","16":"tag-news","17":"tag-occitanie","18":"tag-republique-francaise","19":"tag-transports-en-commun-lyonnais-tcl"},"share_on_mastodon":{"url":"https:\/\/pubeurope.com\/@fr\/115186686022742357","error":""},"_links":{"self":[{"href":"https:\/\/www.europesays.com\/fr\/wp-json\/wp\/v2\/posts\/383238","targetHints":{"allow":["GET"]}}],"collection":[{"href":"https:\/\/www.europesays.com\/fr\/wp-json\/wp\/v2\/posts"}],"about":[{"href":"https:\/\/www.europesays.com\/fr\/wp-json\/wp\/v2\/types\/post"}],"author":[{"embeddable":true,"href":"https:\/\/www.europesays.com\/fr\/wp-json\/wp\/v2\/users\/2"}],"replies":[{"embeddable":true,"href":"https:\/\/www.europesays.com\/fr\/wp-json\/wp\/v2\/comments?post=383238"}],"version-history":[{"count":0,"href":"https:\/\/www.europesays.com\/fr\/wp-json\/wp\/v2\/posts\/383238\/revisions"}],"wp:featuredmedia":[{"embeddable":true,"href":"https:\/\/www.europesays.com\/fr\/wp-json\/wp\/v2\/media\/146517"}],"wp:attachment":[{"href":"https:\/\/www.europesays.com\/fr\/wp-json\/wp\/v2\/media?parent=383238"}],"wp:term":[{"taxonomy":"category","embeddable":true,"href":"https:\/\/www.europesays.com\/fr\/wp-json\/wp\/v2\/categories?post=383238"},{"taxonomy":"post_tag","embeddable":true,"href":"https:\/\/www.europesays.com\/fr\/wp-json\/wp\/v2\/tags?post=383238"}],"curies":[{"name":"wp","href":"https:\/\/api.w.org\/{rel}","templated":true}]}}