{"id":383252,"date":"2025-09-11T16:55:19","date_gmt":"2025-09-11T16:55:19","guid":{"rendered":"https:\/\/www.europesays.com\/fr\/383252\/"},"modified":"2025-09-11T16:55:19","modified_gmt":"2025-09-11T16:55:19","slug":"la-ville-passe-a-la-tolerance-zero-jusqua-15-000-euros-damende","status":"publish","type":"post","link":"https:\/\/www.europesays.com\/fr\/383252\/","title":{"rendered":"la Ville passe \u00e0 la tol\u00e9rance z\u00e9ro, jusqu&rsquo;\u00e0 15 000 euros d&rsquo;amende"},"content":{"rendered":"<p>Longtemps rest\u00e9e dans une optique de pr\u00e9vention, la maire de Strasbourg est pass\u00e9e \u00e0 l\u2019\u00e9tape sup\u00e9rieure le 17 juillet en signant un arr\u00eat\u00e9 visant \u00e0 punir plus s\u00e9v\u00e8rement le jet ou l\u2019abandon de d\u00e9chets sur la voie publique. \u00ab\u00a0Depuis la prise de cet arr\u00eat\u00e9, c\u2019est tol\u00e9rance z\u00e9ro\u00a0\u00bb, affirme Salah Koussa, adjoint en charge de la propret\u00e9 urbaine.<\/p>\n<p>Presque deux mois apr\u00e8s l\u2019entr\u00e9e en vigueur du dispositif, la municipalit\u00e9 observe d\u00e9j\u00e0 les premiers r\u00e9sultats, plut\u00f4t encourageants, avec une baisse relative des d\u00e9p\u00f4ts ill\u00e9gaux et la distribution des premi\u00e8res amendes. \u00ab\u00a015 personnes ont pu \u00eatre identifi\u00e9es et verbalis\u00e9es \u00e0 la suite de d\u00e9p\u00f4ts sauvages, en application de ce nouveau r\u00e8glement\u00a0\u00bb, pr\u00e9cise l\u2019\u00e9lu.<\/p>\n<p>Pi\u00e8ges photographiques\u00a0: le dispositif va \u00eatre g\u00e9n\u00e9ralis\u00e9<\/p>\n<p>Un r\u00e9sultat qui s\u2019explique aussi par le renforcement des moyens d\u00e9di\u00e9s \u00e0 la <a href=\"https:\/\/www.dna.fr\/environnement\/2025\/07\/04\/amendes-cameras-la-ville-pourra-desormais-sanctionner-les-depots-de-dechets-sauvages\" target=\"_blank\" rel=\"nofollow noopener\">lutte contre les d\u00e9charges sauvages<\/a>, notamment avec le d\u00e9ploiement de la vid\u00e9osurveillance et des pi\u00e8ges photographiques. Dispos\u00e9s dans les zones les plus&#8230;<\/p>\n","protected":false},"excerpt":{"rendered":"Longtemps rest\u00e9e dans une optique de pr\u00e9vention, la maire de Strasbourg est pass\u00e9e \u00e0 l\u2019\u00e9tape sup\u00e9rieure le 17&hellip;\n","protected":false},"author":2,"featured_media":383253,"comment_status":"","ping_status":"","sticky":false,"template":"","format":"standard","meta":{"footnotes":""},"categories":[2820],"tags":[1111,11,2389,2649,2880,436,1777,674,107,1011,27,775,12,1800,25,640,2879],"class_list":{"0":"post-383252","1":"post","2":"type-post","3":"status-publish","4":"format-standard","5":"has-post-thumbnail","7":"category-strasbourg","8":"tag-actu","9":"tag-actualites","10":"tag-alsace","11":"tag-bas-rhin","12":"tag-edition-strasbourg","13":"tag-environnement","14":"tag-eu","15":"tag-europe","16":"tag-fil-info","17":"tag-fr","18":"tag-france","19":"tag-grand-est","20":"tag-news","21":"tag-pollution","22":"tag-republique-francaise","23":"tag-strasbourg","24":"tag-strasbourg-ville"},"share_on_mastodon":{"url":"https:\/\/pubeurope.com\/@fr\/115186717478033378","error":""},"_links":{"self":[{"href":"https:\/\/www.europesays.com\/fr\/wp-json\/wp\/v2\/posts\/383252","targetHints":{"allow":["GET"]}}],"collection":[{"href":"https:\/\/www.europesays.com\/fr\/wp-json\/wp\/v2\/posts"}],"about":[{"href":"https:\/\/www.europesays.com\/fr\/wp-json\/wp\/v2\/types\/post"}],"author":[{"embeddable":true,"href":"https:\/\/www.europesays.com\/fr\/wp-json\/wp\/v2\/users\/2"}],"replies":[{"embeddable":true,"href":"https:\/\/www.europesays.com\/fr\/wp-json\/wp\/v2\/comments?post=383252"}],"version-history":[{"count":0,"href":"https:\/\/www.europesays.com\/fr\/wp-json\/wp\/v2\/posts\/383252\/revisions"}],"wp:featuredmedia":[{"embeddable":true,"href":"https:\/\/www.europesays.com\/fr\/wp-json\/wp\/v2\/media\/383253"}],"wp:attachment":[{"href":"https:\/\/www.europesays.com\/fr\/wp-json\/wp\/v2\/media?parent=383252"}],"wp:term":[{"taxonomy":"category","embeddable":true,"href":"https:\/\/www.europesays.com\/fr\/wp-json\/wp\/v2\/categories?post=383252"},{"taxonomy":"post_tag","embeddable":true,"href":"https:\/\/www.europesays.com\/fr\/wp-json\/wp\/v2\/tags?post=383252"}],"curies":[{"name":"wp","href":"https:\/\/api.w.org\/{rel}","templated":true}]}}